{"id":16747,"date":"2021-04-22T00:39:38","date_gmt":"2021-04-22T00:39:38","guid":{"rendered":"https:\/\/visionciudadana.com.mx\/chio\/2021\/04\/22\/guerra-liera-hace-un-amplio-reconocimiento-a-universitarios-que-han-participado-en-acciones-contra-el-covid-19\/"},"modified":"2025-06-25T00:16:25","modified_gmt":"2025-06-25T00:16:25","slug":"guerra-liera-hace-un-amplio-reconocimiento-a-universitarios-que-han-participado-en-acciones-contra-el-covid-19","status":"publish","type":"post","link":"https:\/\/visionciudadana.com.mx\/oficial\/2021\/04\/22\/guerra-liera-hace-un-amplio-reconocimiento-a-universitarios-que-han-participado-en-acciones-contra-el-covid-19\/","title":{"rendered":"Guerra Liera hace un amplio reconocimiento a universitarios que han participado en acciones contra el COVID-19  \u00a0"},"content":{"rendered":"<p><img fetchpriority=\"high\" decoding=\"async\" src=\"images\/abril21\/amplio-reconocjpg.jpg\" alt=\"amplio reconocjpg\" width=\"780\" height=\"420\" style=\"display: block; margin: 20px auto;\" \/><\/p>\n<p>&nbsp;<\/p>\n<p class=\"x_MsoNormal\" style=\"text-align: justify;\" align=\"right\"><span style=\"font-size: 14pt; font-family: arial, helvetica, sans-serif;\">En Sesi\u00f3n Ordinaria modalidad virtual del H. Consejo Universitario, el Rector, doctor Juan Eulogio Guerra Liera, en su car\u00e1cter de presidente de este m\u00e1ximo \u00f3rgano de gobierno&nbsp;hizo un amplio reconocimiento a todos los universitarios que han participado en las diferentes actividades y acciones contra el COVD-1<\/span>9.<\/p>\n<p style=\"text-align: justify;\">&nbsp;<\/p>\n<p class=\"x_MsoNormal\" style=\"text-align: justify;\"><span style=\"font-size: 14pt; font-family: arial, helvetica, sans-serif;\">De inicio, el Rector inform\u00f3 que de enero de 2020 al mes de abril de 2021 se tienen 230 defunciones de universitarios por COVID-19, por lo que expres\u00f3 su solidaridad a las familias universitarias por estas p\u00e9rdidas y reiter\u00f3 el llamado a extremar cuidados para evitar el contagio y acudir a aplicarse la vacuna cuando les corresponda.<\/span><\/p>\n<p style=\"text-align: justify;\">&nbsp;<\/p>\n<p class=\"x_MsoNormal\" style=\"text-align: justify;\"><span style=\"font-size: 14pt; font-family: arial, helvetica, sans-serif;\">Se\u00f1al\u00f3 que desde enero de 2020 se estableci\u00f3 en la Universidad un protocolo de prevenci\u00f3n, se dio continuidad acad\u00e9mica y el combate a la enfermedad con diferentes acciones y actualmente aporta infraestructura, equipamiento y capital humano, como son los miles de voluntarios de 13 programas educativos que se han sumado a la gran jornada de vacunaci\u00f3n.<\/span><\/p>\n<p style=\"text-align: justify;\">&nbsp;<\/p>\n<p class=\"x_MsoNormal\" style=\"text-align: justify;\"><span style=\"font-size: 14pt; font-family: arial, helvetica, sans-serif;\">Detall\u00f3 c\u00f3mo la UAS ha servido de centro de recepci\u00f3n y redistribuci\u00f3n de vacunas con apoyo de sus 30 ultracongeladores.<\/span><\/p>\n<p style=\"text-align: justify;\">&nbsp;<\/p>\n<p class=\"x_MsoNormal\" style=\"text-align: justify;\"><span style=\"font-size: 14pt; font-family: arial, helvetica, sans-serif;\">\u201cHemos podido resguardar m\u00e1s de 147 mil 400 dosis que han sido movidas a todo el estado de Sinaloa (\u2026) y el 17 de marzo pudimos enviar 30 mil 200 vacunas para los estados de Chihuahua y Baja California\u201d, expres\u00f3 al informar tambi\u00e9n de los 8 espacios universitarios que en todo el estado funcionan como centros de vacunaci\u00f3n y c\u00f3mo la instituci\u00f3n ha estado muy presente y ha podido sumarse con diferentes insumos y aportes en el af\u00e1n de ayudar a evitar los efectos o propagaci\u00f3n de la pandemia.<\/span><\/p>\n<p style=\"text-align: justify;\">&nbsp;<\/p>\n<p class=\"x_MsoNormal\" style=\"text-align: justify;\"><span style=\"font-size: 14pt; font-family: arial, helvetica, sans-serif;\">Especific\u00f3 que en un inicio la UAS registr\u00f3 3 mil 437 brigadistas, n\u00famero que represent\u00f3 el 97 por ciento de los voluntarios registrados en Sinaloa para apoyar en la Jornada Nacional de Vacunaci\u00f3n, y a la fecha han participado 4 mil 308 con presencia en los 18 municipios del estado.<\/span><\/p>\n<p style=\"text-align: justify;\">&nbsp;<\/p>\n<p class=\"x_MsoNormal\" style=\"text-align: justify;\"><span style=\"font-size: 14pt; font-family: arial, helvetica, sans-serif;\">\u201cLa Universidad hoy asume una agenda social muy importante que es la de recobrar la normalidad de nuestro pa\u00eds a trav\u00e9s de garantizar no solo el derecho a la educaci\u00f3n, sino el derecho a la salud y a la vida y aqu\u00ed la instituci\u00f3n presente de nuevo en las mejores causas sociales al frente con un gran grupo de universitarios que de manera voluntaria han estado asumiendo esta actividad, as\u00ed que va nuestro reconocimiento a todos estos j\u00f3venes, para los directivos, directores de unidades acad\u00e9micas, los docentes que se han acercado a los diferentes puntos a colaborar\u201d, enfatiz\u00f3.<\/span><\/p>\n<p style=\"text-align: justify;\">&nbsp;<\/p>\n<p class=\"x_MsoNormal\" style=\"text-align: justify;\"><span style=\"font-size: 14pt; font-family: arial, helvetica, sans-serif;\">De igual forma reconoci\u00f3 el trabajo del Comando de Vacunaci\u00f3n y a cada uno de sus integrantes porque han unido esfuerzos institucionales y les agradeci\u00f3 que la UAS sea parte de este Comando y por tomarla en cuenta.<\/span><\/p>\n<p class=\"x_MsoNormal\" style=\"text-align: justify;\"><span style=\"font-size: 14pt; font-family: arial, helvetica, sans-serif;\"><b>&nbsp;<\/b><\/span><\/p>\n<p class=\"x_MsoNormal\" style=\"text-align: justify;\"><span style=\"font-size: 14pt; font-family: arial, helvetica, sans-serif;\">El Rector reiter\u00f3 el exhorto a los universitarios a mantenerse atentos a las instrucciones que se generen para que sean vacunados y con ello ir pensando no en una inmunidad perpetua sino en una inmunidad que junto a otras medidas de prevenci\u00f3n ir materializando en mediano plazo la posibilidad de regresar a clases presenciales. &nbsp;<\/span><\/p>\n<p style=\"text-align: justify;\">&nbsp;<\/p>\n<p class=\"x_MsoNormal\" style=\"text-align: justify;\"><span style=\"font-size: 14pt; font-family: arial, helvetica, sans-serif;\">En el tema educativo dio a conocer que la Licenciatura en Educaci\u00f3n F\u00edsica obtuvo la acreditaci\u00f3n por parte de los Comit\u00e9s Interinstitucionales para la Evaluaci\u00f3n de la Educaci\u00f3n Superior (CIEES) por un periodo de tres a\u00f1os, y adelant\u00f3 que se tienen seis programas en espera de resultados de su evaluaci\u00f3n y en mayo seis programas m\u00e1s ser\u00e1n revisados.<\/span><\/p>\n<p style=\"text-align: justify;\">&nbsp;<\/p>\n<p class=\"x_MsoNormal\" style=\"text-align: justify;\"><span style=\"font-size: 14pt; font-family: arial, helvetica, sans-serif;\">El Rector inform\u00f3 tambi\u00e9n que se llev\u00f3 a cabo la trig\u00e9sima&nbsp;auditor\u00eda interna al Sistema de Gesti\u00f3n de la Calidad y una auditor\u00eda externa a 49 procesos, de los cuales 12 mantienen la certificaci\u00f3n en su primera evaluaci\u00f3n y 35 procesos restauraron su certificaci\u00f3n adem\u00e1s fueron certificados dos nuevos procesos: el de Elaboraci\u00f3n y Seguimiento del Plan de&nbsp; Acci\u00f3n Tutorial de la Unidad Acad\u00e9mica de la Secretar\u00eda Acad\u00e9mica Universitaria; modalidad multisitio con alcance en 46 unidades acad\u00e9micas y el de Servicios de laboratorio para obra civil de la Facultad de Ingenier\u00eda Culiac\u00e1n.<\/span><\/p>\n<p style=\"text-align: justify;\">&nbsp;<\/p>\n<p class=\"x_MsoNormal\" style=\"text-align: justify;\"><span style=\"font-size: 14pt; font-family: arial, helvetica, sans-serif;\">En este punto, a propuesta del Rector el Consejo aprob\u00f3 que el auditorio que est\u00e1 a punto de ser inaugurado en el Campus Buelna lleve por nombre \u201cAuditorio de la Autonom\u00eda Universitaria\u201d, para recordar en el futuro a quienes quieran inferir en la vida institucional de la Universidad que la autonom\u00eda est\u00e1 garantizada constitucionalmente.<\/span><\/p>\n<p style=\"text-align: justify;\">&nbsp;<\/p>\n<p class=\"x_MsoNormal\" style=\"text-align: justify;\"><span style=\"font-size: 14pt; font-family: arial, helvetica, sans-serif;\">El Rector tambi\u00e9n inform\u00f3 de la&nbsp; hist\u00f3rica participaci\u00f3n de \u00c1guilas UAS en Tour Mundial de Voleibol de Playa en Canc\u00fan, del 16 de abril al 2 de mayo, donde se tuvo la presencia de 10 atletas; as\u00ed como que \u00c1guilas UAS encabezan la Selecci\u00f3n Sinaloa en el Campeonato Nacional de Softbol; que el estudiante Pa\u00fal Morales obtuvo medalla de plata en el Campeonato Nacional Clasificatorio de Luchas Greco y ha sido llamado a concentraciones con Selecci\u00f3n Nacional, rumbo a los Juegos Centroamericanos Panam\u00e1 2022.<\/span><\/p>\n<p style=\"text-align: justify;\">&nbsp;<\/p>\n<p class=\"x_MsoNormal\" style=\"text-align: justify;\"><span style=\"font-size: 14pt; font-family: arial, helvetica, sans-serif;\">De igual forma dio a conocer que el universitario Jonathan Mu\u00f1oz obtuvo 2 medallas de plata y 1 de bronce en el Campeonato Panamericano 2020 y que es de la UAS el primer sinaloense en un Mundial de Tiro con Arco, el universitario Jes\u00fas Vicente L\u00f3pez Alvarado Jefe de Rama del Tiro con Arco es el delegado de la Federaci\u00f3n Mexicana de esta disciplina, en la Copa del Mundo, Guatemala 2021.<\/span><\/p>\n<p style=\"text-align: justify;\">&nbsp;<\/p>\n<p class=\"x_MsoNormal\" style=\"text-align: justify;\"><span style=\"font-size: 14pt; font-family: arial, helvetica, sans-serif;\">Dio a conocer los avances en el proceso de preinscripciones donde inform\u00f3 que los d\u00edas 6 y 7 de mayo se realizar\u00e1 un examen de pr\u00e1ctica a los aspirantes a ingresar al nivel superior, previo al examen oficial de CENEVAL que se realizar\u00e1 el 20 y 21 de mayo.<\/span><\/p>\n<p style=\"text-align: justify;\">&nbsp;<\/p>\n<p class=\"x_MsoNormal\" style=\"text-align: justify;\"><span style=\"font-size: 14pt; font-family: arial, helvetica, sans-serif;\">El dirigente universitario inform\u00f3 de los pr\u00f3ximos eventos que se desarrollar\u00e1n en la instituci\u00f3n como es la inauguraci\u00f3n de obras entre ellas la Posta Agrozoot\u00e9cnica, el Jard\u00edn de Ni\u00f1os UAS, el Gimnasio de Box \u201cJos\u00e9 Sulaim\u00e1n\u201d, el Centro de Investigaci\u00f3n Aplicada en Ciencias de la Salud y el Auditorio en el Campus \u201cRafael Buelna Tenorio\u201d.<\/span><\/p>\n<p style=\"text-align: justify;\">&nbsp;<\/p>\n<p class=\"x_MsoNormal\" style=\"text-align: justify;\"><span style=\"font-size: 14pt; font-family: arial, helvetica, sans-serif;\">As\u00ed mismo detall\u00f3 algunos de los eventos programados, entre los que est\u00e1n la develaci\u00f3n de un busto de Norma Corona en la Rotonda de los Universitarios Ilustres y uno de In\u00e9s Arredondo y Pedro Carre\u00f3n, en la Casa de la Cultura; as\u00ed como el IV Informe de Labores el 28 de mayo.<\/span><\/p>\n<p style=\"text-align: justify;\">&nbsp;<\/p>\n<p class=\"x_MsoNormal\" style=\"text-align: justify;\"><span style=\"font-size: 14pt; font-family: arial, helvetica, sans-serif;\">En el punto de Asuntos Acad\u00e9micos se aprob\u00f3 la creaci\u00f3n de la Licenciatura en Fotograf\u00eda y producci\u00f3n de video y de la Maestr\u00eda en Educaci\u00f3n Art\u00edstica; la nivelaci\u00f3n de TSU en Fotograf\u00eda a Licenciatura en Fotograf\u00eda y Producci\u00f3n de video; la reforma curricular de Licenciatura en Enfermer\u00eda; la reedici\u00f3n de las maestr\u00edas en Administraci\u00f3n Estrat\u00e9gica con \u00c9nfasis en Gesti\u00f3n de Capital Humano, en Reingenier\u00eda Financiera de Negocios y en Marketing Internacional; en Historia y en Ciencias Biol\u00f3gicas&nbsp;y la reedici\u00f3n de los doctorados en Administraci\u00f3n Estrat\u00e9gica,&nbsp;en Historia, en Estudios Fiscales y la Segunda Edici\u00f3n de Doctorado en Ciencias Biol\u00f3gicas.<\/span><\/p>\n<p style=\"text-align: justify;\">&nbsp;<\/p>\n<p style=\"text-align: justify;\">&nbsp;<\/p>\n<p style=\"text-align: justify;\"><span style=\"font-size: 14pt; font-family: arial, helvetica, sans-serif;\">REDACCI\u00d3N\/VISI\u00d3N CIUDADANA.<\/span><\/p>\n","protected":false},"excerpt":{"rendered":"<p>&nbsp; En Sesi\u00f3n Ordinaria modalidad virtual del H. Consejo Universitario, el Rector, doctor Juan Eulogio Guerra Liera, en su car\u00e1cter de presidente de este m\u00e1ximo \u00f3rgano de gobierno&nbsp;hizo un amplio reconocimiento a todos los universitarios que han participado en las diferentes actividades y acciones contra el COVD-19. &nbsp; De inicio, el Rector inform\u00f3 que de [&hellip;]<\/p>\n","protected":false},"author":1,"featured_media":375,"comment_status":"closed","ping_status":"closed","sticky":false,"template":"","format":"standard","meta":{"footnotes":""},"categories":[24],"tags":[],"ppma_author":[31],"class_list":["post-16747","post","type-post","status-publish","format-standard","has-post-thumbnail","hentry","category-relevantes"],"aioseo_notices":[],"authors":[{"term_id":31,"user_id":1,"is_guest":0,"slug":"ivan3vino","display_name":"Iv\u00e1n Trevi\u00f1o","avatar_url":{"url":"https:\/\/visionciudadana.com.mx\/oficial\/wp-content\/uploads\/2025\/09\/columna-ivan-Trevino.png","url2x":"https:\/\/visionciudadana.com.mx\/oficial\/wp-content\/uploads\/2025\/09\/columna-ivan-Trevino.png"},"0":null,"1":"","2":"","3":"","4":"","5":"","6":"","7":"","8":""}],"_links":{"self":[{"href":"https:\/\/visionciudadana.com.mx\/oficial\/wp-json\/wp\/v2\/posts\/16747","targetHints":{"allow":["GET"]}}],"collection":[{"href":"https:\/\/visionciudadana.com.mx\/oficial\/wp-json\/wp\/v2\/posts"}],"about":[{"href":"https:\/\/visionciudadana.com.mx\/oficial\/wp-json\/wp\/v2\/types\/post"}],"author":[{"embeddable":true,"href":"https:\/\/visionciudadana.com.mx\/oficial\/wp-json\/wp\/v2\/users\/1"}],"replies":[{"embeddable":true,"href":"https:\/\/visionciudadana.com.mx\/oficial\/wp-json\/wp\/v2\/comments?post=16747"}],"version-history":[{"count":1,"href":"https:\/\/visionciudadana.com.mx\/oficial\/wp-json\/wp\/v2\/posts\/16747\/revisions"}],"predecessor-version":[{"id":31132,"href":"https:\/\/visionciudadana.com.mx\/oficial\/wp-json\/wp\/v2\/posts\/16747\/revisions\/31132"}],"wp:featuredmedia":[{"embeddable":true,"href":"https:\/\/visionciudadana.com.mx\/oficial\/wp-json\/wp\/v2\/media\/375"}],"wp:attachment":[{"href":"https:\/\/visionciudadana.com.mx\/oficial\/wp-json\/wp\/v2\/media?parent=16747"}],"wp:term":[{"taxonomy":"category","embeddable":true,"href":"https:\/\/visionciudadana.com.mx\/oficial\/wp-json\/wp\/v2\/categories?post=16747"},{"taxonomy":"post_tag","embeddable":true,"href":"https:\/\/visionciudadana.com.mx\/oficial\/wp-json\/wp\/v2\/tags?post=16747"},{"taxonomy":"author","embeddable":true,"href":"https:\/\/visionciudadana.com.mx\/oficial\/wp-json\/wp\/v2\/ppma_author?post=16747"}],"curies":[{"name":"wp","href":"https:\/\/api.w.org\/{rel}","templated":true}]}}