{"id":16745,"date":"2021-04-22T00:04:47","date_gmt":"2021-04-22T00:04:47","guid":{"rendered":"https:\/\/visionciudadana.com.mx\/chio\/2021\/04\/22\/los-ciudadanos-no-pueden-esperar-por-obras-y-servicios-publicos-estrada-ferreiro\/"},"modified":"2025-06-25T00:16:25","modified_gmt":"2025-06-25T00:16:25","slug":"los-ciudadanos-no-pueden-esperar-por-obras-y-servicios-publicos-estrada-ferreiro","status":"publish","type":"post","link":"https:\/\/visionciudadana.com.mx\/oficial\/2021\/04\/22\/los-ciudadanos-no-pueden-esperar-por-obras-y-servicios-publicos-estrada-ferreiro\/","title":{"rendered":"Los ciudadanos no pueden esperar por obras y servicios p\u00fablicos: Estrada Ferreiro\u00a0"},"content":{"rendered":"<p>&nbsp;<img fetchpriority=\"high\" decoding=\"async\" src=\"images\/abril21\/ferrei1.jpg\" alt=\"ferrei1\" width=\"780\" height=\"420\" style=\"margin: 20px auto; display: block;\" \/><\/p>\n<div style=\"text-align: justify;\"><span style=\"font-size: 14pt; font-family: arial, helvetica, sans-serif;\"><\/span><\/div>\n<div style=\"text-align: justify;\"><span style=\"font-size: 14pt; font-family: arial, helvetica, sans-serif;\">El ayuntamiento trabajar\u00e1 para dar mejores servicios p\u00fablicos a la ciudadan\u00eda, y no privilegios a los empresarios que, hist\u00f3ricamente han sido apoyados por las administraciones estatales, incumpliendo todas las leyes.<\/span><\/div>\n<div style=\"text-align: justify;\">&nbsp;<\/div>\n<div style=\"text-align: justify;\"><span style=\"font-size: 14pt; font-family: arial, helvetica, sans-serif;\"><\/span><\/div>\n<div style=\"text-align: justify;\"><span style=\"font-size: 14pt; font-family: arial, helvetica, sans-serif;\">El candidato de Morena-PAS a la alcald\u00eda de Culiac\u00e1n, dijo que ning\u00fan gobernante puede vetar la autonom\u00eda del ayuntamiento, para condonar impuestos a quienes tienen m\u00e1s dinero.<\/span><\/div>\n<div style=\"text-align: justify;\"><span style=\"font-size: 14pt; font-family: arial, helvetica, sans-serif;\"><\/span><\/div>\n<div style=\"text-align: justify;\">&nbsp;<\/div>\n<div style=\"text-align: justify;\"><span style=\"font-size: 14pt; font-family: arial, helvetica, sans-serif;\">Asegur\u00f3 que, el compromiso de cualquier gobernante, sin importar el nivel de gobierno, es hacer cumplir las leyes, y en ninguna de ellas, establece la condonaci\u00f3n de impuestos, por lo que, su administraci\u00f3n, no ceder\u00e1 a presiones de ning\u00fan grupo.&nbsp;<\/span><\/div>\n<div style=\"text-align: justify;\">&nbsp;<\/div>\n<div style=\"text-align: justify;\"><span style=\"font-size: 14pt; font-family: arial, helvetica, sans-serif;\"><\/span><\/div>\n<div style=\"text-align: justify;\"><span style=\"font-size: 14pt; font-family: arial, helvetica, sans-serif;\">\u201cSi estos se\u00f1ores quieren construir, hacer un fraccionamiento, quieren hacer una plaza comercial, y son la gente con m\u00e1s dinero del pa\u00eds o de Sinaloa, y quieren que se les exenten impuestos hasta por cinco a\u00f1os de predial, y no pagar permisos de construcci\u00f3n, est\u00e1n da\u00f1ando al pueblo con esto\u201d.&nbsp;<\/span><\/div>\n<div style=\"text-align: justify;\">&nbsp;<\/div>\n<div style=\"text-align: justify;\"><span style=\"font-size: 14pt; font-family: arial, helvetica, sans-serif;\"><\/span><\/div>\n<div style=\"text-align: justify;\"><span style=\"font-size: 14pt; font-family: arial, helvetica, sans-serif;\">Estrada Ferreiro dijo que los Certificados de Promoci\u00f3n Fiscal (Ceprofies), exoneran de pago de impuesto a los empresarios, recursos que son utilizados para realizar obras, y brindar mejores servicios a la ciudadan\u00eda, lo que finalmente se est\u00e1 realizando en Culiac\u00e1n.&nbsp;<\/span><\/div>\n<div style=\"text-align: justify;\">&nbsp;<\/div>\n<div style=\"text-align: justify;\"><span style=\"font-size: 14pt; font-family: arial, helvetica, sans-serif;\"><\/span><\/div>\n<div style=\"text-align: justify;\"><span style=\"font-size: 14pt; font-family: arial, helvetica, sans-serif;\">Es hasta despu\u00e9s de cinco a\u00f1os, cuando los empresarios comienzan a pagar impuestos, tiempo que no pueden esperar los ciudadanos, quienes finalmente han visto un cambio en la ciudad, y lo retribuyen aumentando la recaudaci\u00f3n.<\/span><\/div>\n<div style=\"text-align: justify;\">&nbsp;<\/div>\n<div style=\"text-align: justify;\">&nbsp;<\/div>\n<div style=\"text-align: justify;\">&nbsp;<\/div>\n<div style=\"text-align: justify;\"><span style=\"font-size: 14pt; font-family: arial, helvetica, sans-serif;\">REDACCI\u00d3N\/VISI\u00d3N CIUDADANA.<\/span><\/div>\n","protected":false},"excerpt":{"rendered":"<p>&nbsp; El ayuntamiento trabajar\u00e1 para dar mejores servicios p\u00fablicos a la ciudadan\u00eda, y no privilegios a los empresarios que, hist\u00f3ricamente han sido apoyados por las administraciones estatales, incumpliendo todas las leyes. &nbsp; El candidato de Morena-PAS a la alcald\u00eda de Culiac\u00e1n, dijo que ning\u00fan gobernante puede vetar la autonom\u00eda del ayuntamiento, para condonar impuestos a [&hellip;]<\/p>\n","protected":false},"author":1,"featured_media":371,"comment_status":"closed","ping_status":"closed","sticky":false,"template":"","format":"standard","meta":{"footnotes":""},"categories":[24],"tags":[],"ppma_author":[31],"class_list":["post-16745","post","type-post","status-publish","format-standard","has-post-thumbnail","hentry","category-relevantes"],"aioseo_notices":[],"authors":[{"term_id":31,"user_id":1,"is_guest":0,"slug":"ivan3vino","display_name":"Iv\u00e1n Trevi\u00f1o","avatar_url":{"url":"https:\/\/visionciudadana.com.mx\/oficial\/wp-content\/uploads\/2025\/09\/columna-ivan-Trevino.png","url2x":"https:\/\/visionciudadana.com.mx\/oficial\/wp-content\/uploads\/2025\/09\/columna-ivan-Trevino.png"},"0":null,"1":"","2":"","3":"","4":"","5":"","6":"","7":"","8":""}],"_links":{"self":[{"href":"https:\/\/visionciudadana.com.mx\/oficial\/wp-json\/wp\/v2\/posts\/16745","targetHints":{"allow":["GET"]}}],"collection":[{"href":"https:\/\/visionciudadana.com.mx\/oficial\/wp-json\/wp\/v2\/posts"}],"about":[{"href":"https:\/\/visionciudadana.com.mx\/oficial\/wp-json\/wp\/v2\/types\/post"}],"author":[{"embeddable":true,"href":"https:\/\/visionciudadana.com.mx\/oficial\/wp-json\/wp\/v2\/users\/1"}],"replies":[{"embeddable":true,"href":"https:\/\/visionciudadana.com.mx\/oficial\/wp-json\/wp\/v2\/comments?post=16745"}],"version-history":[{"count":1,"href":"https:\/\/visionciudadana.com.mx\/oficial\/wp-json\/wp\/v2\/posts\/16745\/revisions"}],"predecessor-version":[{"id":31134,"href":"https:\/\/visionciudadana.com.mx\/oficial\/wp-json\/wp\/v2\/posts\/16745\/revisions\/31134"}],"wp:featuredmedia":[{"embeddable":true,"href":"https:\/\/visionciudadana.com.mx\/oficial\/wp-json\/wp\/v2\/media\/371"}],"wp:attachment":[{"href":"https:\/\/visionciudadana.com.mx\/oficial\/wp-json\/wp\/v2\/media?parent=16745"}],"wp:term":[{"taxonomy":"category","embeddable":true,"href":"https:\/\/visionciudadana.com.mx\/oficial\/wp-json\/wp\/v2\/categories?post=16745"},{"taxonomy":"post_tag","embeddable":true,"href":"https:\/\/visionciudadana.com.mx\/oficial\/wp-json\/wp\/v2\/tags?post=16745"},{"taxonomy":"author","embeddable":true,"href":"https:\/\/visionciudadana.com.mx\/oficial\/wp-json\/wp\/v2\/ppma_author?post=16745"}],"curies":[{"name":"wp","href":"https:\/\/api.w.org\/{rel}","templated":true}]}}