{"id":16744,"date":"2021-04-21T23:58:57","date_gmt":"2021-04-21T23:58:57","guid":{"rendered":"https:\/\/visionciudadana.com.mx\/chio\/2021\/04\/21\/nuestro-compromiso-es-mejorar-la-calidad-de-vida-de-los-ahomenses-gerardo-vargas\/"},"modified":"2025-06-25T00:16:25","modified_gmt":"2025-06-25T00:16:25","slug":"nuestro-compromiso-es-mejorar-la-calidad-de-vida-de-los-ahomenses-gerardo-vargas","status":"publish","type":"post","link":"https:\/\/visionciudadana.com.mx\/oficial\/2021\/04\/21\/nuestro-compromiso-es-mejorar-la-calidad-de-vida-de-los-ahomenses-gerardo-vargas\/","title":{"rendered":"Nuestro compromiso\u00a0es mejorar\u00a0la calidad de vida de los\u00a0ahomenses: Gerardo Vargas"},"content":{"rendered":"<p><img fetchpriority=\"high\" decoding=\"async\" src=\"images\/abril21\/gera1.jpg\" alt=\"gera1\" width=\"780\" height=\"420\" style=\"display: block; margin: 20px auto;\" \/><\/p>\n<div class=\"x_s6\">&nbsp;<\/div>\n<p class=\"x_s2\" style=\"text-align: justify;\"><span class=\"x_s5\"><span class=\"x_bumpedFont15\"><\/span><\/span><span style=\"font-size: 14pt; font-family: arial, helvetica, sans-serif;\"><span class=\"x_s5\"><span class=\"x_bumpedFont15\">Despu\u00e9s de establecer el compromiso de regresar a las comunidades rurales y colonias populares de este municipio ya como presidente municipal de Ahome, Gerardo Vargas Landeros, aspirante a la alcald\u00eda de Ahome, en candidatura com\u00fan por Morena-PAS, destac\u00f3&nbsp;<\/span><\/span><span class=\"x_s5\"><span class=\"x_bumpedFont15\">nosotros \u201cn<\/span><\/span><span class=\"x_s5\"><span class=\"x_bumpedFont15\">o&nbsp;<\/span><\/span><span class=\"x_s5\"><span class=\"x_bumpedFont15\">prometemos,&nbsp;<\/span><\/span><span class=\"x_s5\"><span class=\"x_bumpedFont15\">nos comprometemos&nbsp;<\/span><\/span><span class=\"x_s5\"><span class=\"x_bumpedFont15\">a mejorar la&nbsp;<\/span><\/span><span class=\"x_s5\"><span class=\"x_bumpedFont15\">calidad de&nbsp;<\/span><\/span><span class=\"x_s5\"><span class=\"x_bumpedFont15\">vida de<\/span><\/span><span class=\"x_s5\"><span class=\"x_bumpedFont15\">&nbsp;los adultos mayores, discapacitados, madres solteras, j\u00f3venes deportistas, &nbsp;mujeres, agricultores, pescadores, a todos y a todas porque queremos un Ahome m\u00e1s parejo<\/span><\/span>\u201d.<\/span><\/p>\n<p style=\"text-align: justify;\">&nbsp;<\/p>\n<p class=\"x_s2\" style=\"text-align: justify;\"><span style=\"font-size: 14pt; font-family: arial, helvetica, sans-serif;\"><span class=\"x_s5\"><span class=\"x_bumpedFont15\">Con entusiasmo vecinos<\/span><\/span><span class=\"x_s5\"><span class=\"x_bumpedFont15\">&nbsp;y &nbsp;ejidatarios&nbsp;<\/span><\/span><span class=\"x_s5\"><span class=\"x_bumpedFont15\">del 20 de noviembre recibieron al candidato para la presidencia municipal d<\/span><\/span><span class=\"x_s5\"><span class=\"x_bumpedFont15\">e Ahome<\/span><\/span><span class=\"x_s5\"><span class=\"x_bumpedFont15\">,<\/span><\/span><span class=\"x_s5\"><span class=\"x_bumpedFont15\">&nbsp;Gerardo Vargas Landeros, a quien, en una tarde calurosa y con la esperanza reflejada en su voz, plantearon sus a\u00f1ejas demandas, durante una reuni\u00f3n efec<\/span><\/span><span class=\"x_s5\"><span class=\"x_bumpedFont15\">tuada en el Parque de esta localidad.<\/span><\/span><\/span><\/p>\n<p style=\"text-align: justify;\">&nbsp;<\/p>\n<p class=\"x_s2\" style=\"text-align: justify;\"><span style=\"font-size: 14pt; font-family: arial, helvetica, sans-serif;\"><span class=\"x_s5\"><span class=\"x_bumpedFont15\">Ante la extensa lista de peticiones, el aspirante a la alcald\u00eda de Ahome, por PAS-Morena,&nbsp;<\/span><\/span><span class=\"x_s5\"><span class=\"x_bumpedFont15\">lament\u00f3 &nbsp;la situaci\u00f3n de abandono en que se encuentra el ejido 20 de noviembre, externando:<\/span><\/span><\/span><\/p>\n<p style=\"text-align: justify;\">&nbsp;<\/p>\n<p class=\"x_s2\" style=\"text-align: justify;\"><span style=\"font-size: 14pt; font-family: arial, helvetica, sans-serif;\"><span class=\"x_s5\"><span class=\"x_bumpedFont15\">\u00abQue pena que me digan que<\/span><\/span><span class=\"x_s5\"><span class=\"x_bumpedFont15\">&nbsp;esto&nbsp;<\/span><\/span><span class=\"x_s5\"><span class=\"x_bumpedFont15\">tiene tantos a\u00f1os y no le han pegado una&nbsp;<\/span><\/span><span class=\"x_s5\"><span class=\"x_bumpedFont15\">chaineadita<\/span><\/span><span class=\"x_s5\"><span class=\"x_bumpedFont15\">,<\/span><\/span><span class=\"x_s5\"><span class=\"x_bumpedFont15\">&nbsp;y<\/span><\/span><span class=\"x_s5\"><span class=\"x_bumpedFont15\">&nbsp;eso que por aqu\u00ed ya pasaron algunos presi<\/span><\/span><span class=\"x_s5\"><span class=\"x_bumpedFont15\">dentes municipales. Que tristeza que todo est\u00e9<\/span><\/span><span class=\"x_s5\"><span class=\"x_bumpedFont15\">en p\u00e9simas condiciones<\/span><\/span><span class=\"x_s5\"><span class=\"x_bumpedFont15\">,<\/span><\/span><span class=\"x_s5\"><span class=\"x_bumpedFont15\">&nbsp;pero ya hicimos el compromiso que&nbsp;<\/span><\/span><span class=\"x_s5\"><span class=\"x_bumpedFont15\">lo<\/span><\/span><span class=\"x_s5\"><span class=\"x_bumpedFont15\">&nbsp;vamos a reparar\u00bb<\/span><\/span><span class=\"x_s5\"><span class=\"x_bumpedFont15\">.<\/span><\/span><\/span><\/p>\n<p style=\"text-align: justify;\">&nbsp;<\/p>\n<p class=\"x_s2\" style=\"text-align: justify;\"><span style=\"font-size: 14pt; font-family: arial, helvetica, sans-serif;\"><span class=\"x_s5\"><span class=\"x_bumpedFont15\">De igual manera, Gerardo Vargas Landeros comparti\u00f3 el mensaje que ante los habitantes del ejido 20 de noviembre emiti\u00f3 la candidata&nbsp;<\/span><\/span><span class=\"x_s5\"><span class=\"x_bumpedFont15\">a la diputaci\u00f3n local por el&nbsp;<\/span><\/span><span class=\"x_s5\"><span class=\"x_bumpedFont15\">distrito<\/span><\/span><span class=\"x_s5\"><span class=\"x_bumpedFont15\">&nbsp;05<\/span><\/span><span class=\"x_s5\"><span class=\"x_bumpedFont15\">, Cecilia Covarrubias&nbsp;<\/span><\/span><span class=\"x_s5\"><span class=\"x_bumpedFont15\">en torno a que los ciudadanos otorguen<\/span><\/span><span class=\"x_s5\"><span class=\"x_bumpedFont15\">su voto y total apoyo a la f\u00f3rmula completa que representa a la 4T, para que se d\u00e9 continuidad a los apoyos y programas sociales que estableci\u00f3 el gobierno federal a trav\u00e9s del presidente Andr\u00e9s Manuel L\u00f3pez Obrador.<\/span><\/span><\/span><\/p>\n<p>&nbsp;<\/p>\n<p>&nbsp;<\/p>\n<p><span style=\"font-size: 14pt; font-family: arial, helvetica, sans-serif;\">REDACCI\u00d3N\/VISI\u00d3N CIUDADANA.<\/span><\/p>\n","protected":false},"excerpt":{"rendered":"<p>&nbsp; Despu\u00e9s de establecer el compromiso de regresar a las comunidades rurales y colonias populares de este municipio ya como presidente municipal de Ahome, Gerardo Vargas Landeros, aspirante a la alcald\u00eda de Ahome, en candidatura com\u00fan por Morena-PAS, destac\u00f3&nbsp;nosotros \u201cno&nbsp;prometemos,&nbsp;nos comprometemos&nbsp;a mejorar la&nbsp;calidad de&nbsp;vida de&nbsp;los adultos mayores, discapacitados, madres solteras, j\u00f3venes deportistas, &nbsp;mujeres, agricultores, pescadores, [&hellip;]<\/p>\n","protected":false},"author":1,"featured_media":369,"comment_status":"closed","ping_status":"closed","sticky":false,"template":"","format":"standard","meta":{"footnotes":""},"categories":[13],"tags":[],"ppma_author":[31],"class_list":["post-16744","post","type-post","status-publish","format-standard","has-post-thumbnail","hentry","category-locales"],"aioseo_notices":[],"authors":[{"term_id":31,"user_id":1,"is_guest":0,"slug":"ivan3vino","display_name":"Iv\u00e1n Trevi\u00f1o","avatar_url":{"url":"https:\/\/visionciudadana.com.mx\/oficial\/wp-content\/uploads\/2025\/09\/columna-ivan-Trevino.png","url2x":"https:\/\/visionciudadana.com.mx\/oficial\/wp-content\/uploads\/2025\/09\/columna-ivan-Trevino.png"},"0":null,"1":"","2":"","3":"","4":"","5":"","6":"","7":"","8":""}],"_links":{"self":[{"href":"https:\/\/visionciudadana.com.mx\/oficial\/wp-json\/wp\/v2\/posts\/16744","targetHints":{"allow":["GET"]}}],"collection":[{"href":"https:\/\/visionciudadana.com.mx\/oficial\/wp-json\/wp\/v2\/posts"}],"about":[{"href":"https:\/\/visionciudadana.com.mx\/oficial\/wp-json\/wp\/v2\/types\/post"}],"author":[{"embeddable":true,"href":"https:\/\/visionciudadana.com.mx\/oficial\/wp-json\/wp\/v2\/users\/1"}],"replies":[{"embeddable":true,"href":"https:\/\/visionciudadana.com.mx\/oficial\/wp-json\/wp\/v2\/comments?post=16744"}],"version-history":[{"count":1,"href":"https:\/\/visionciudadana.com.mx\/oficial\/wp-json\/wp\/v2\/posts\/16744\/revisions"}],"predecessor-version":[{"id":31135,"href":"https:\/\/visionciudadana.com.mx\/oficial\/wp-json\/wp\/v2\/posts\/16744\/revisions\/31135"}],"wp:featuredmedia":[{"embeddable":true,"href":"https:\/\/visionciudadana.com.mx\/oficial\/wp-json\/wp\/v2\/media\/369"}],"wp:attachment":[{"href":"https:\/\/visionciudadana.com.mx\/oficial\/wp-json\/wp\/v2\/media?parent=16744"}],"wp:term":[{"taxonomy":"category","embeddable":true,"href":"https:\/\/visionciudadana.com.mx\/oficial\/wp-json\/wp\/v2\/categories?post=16744"},{"taxonomy":"post_tag","embeddable":true,"href":"https:\/\/visionciudadana.com.mx\/oficial\/wp-json\/wp\/v2\/tags?post=16744"},{"taxonomy":"author","embeddable":true,"href":"https:\/\/visionciudadana.com.mx\/oficial\/wp-json\/wp\/v2\/ppma_author?post=16744"}],"curies":[{"name":"wp","href":"https:\/\/api.w.org\/{rel}","templated":true}]}}