{"id":16743,"date":"2021-04-21T23:49:50","date_gmt":"2021-04-21T23:49:50","guid":{"rendered":"https:\/\/visionciudadana.com.mx\/chio\/2021\/04\/21\/cesar-quevedo-invita-a-sus-contrincantes-a-presentar-propuestas-concretas-a-la-ciudadania\/"},"modified":"2025-06-25T00:16:26","modified_gmt":"2025-06-25T00:16:26","slug":"cesar-quevedo-invita-a-sus-contrincantes-a-presentar-propuestas-concretas-a-la-ciudadania","status":"publish","type":"post","link":"https:\/\/visionciudadana.com.mx\/oficial\/2021\/04\/21\/cesar-quevedo-invita-a-sus-contrincantes-a-presentar-propuestas-concretas-a-la-ciudadania\/","title":{"rendered":"C\u00e9sar Quevedo invita a sus contrincantes a presentar propuestas concretas a la ciudadan\u00eda"},"content":{"rendered":"<p><img fetchpriority=\"high\" decoding=\"async\" src=\"images\/abril21\/cq1.jpg\" alt=\"cq1\" width=\"780\" height=\"420\" style=\"display: block; margin: 20px auto;\" \/><\/p>\n<div style=\"text-align: justify;\"><i><\/i><b><br \/><\/b>&nbsp;<br \/><span style=\"font-size: 14pt; font-family: arial, helvetica, sans-serif;\">C\u00e9sar Quevedo Inzunza invit\u00f3 a los ocho contendientes por la alcald\u00eda a presentar propuestas y acciones concretas en favor de la ciudadan\u00eda, que le den herramientas a la poblaci\u00f3n para decidirse por las mejores y por el perfil mejor capacitado para gobernar, ya que, critic\u00f3, no todo es fiesta, pasear o andar corriendo.<\/span><br \/><span style=\"font-size: 14pt; font-family: arial, helvetica, sans-serif;\"><\/span><\/div>\n<div style=\"text-align: justify;\"><span style=\"font-size: 14pt; font-family: arial, helvetica, sans-serif;\">En su recorrido por Pueblo Nuevo N\u00famero 1 y Villa Ju\u00e1rez, el candidato dijo sentirse muy contento por la respuesta de la ciudadan\u00eda, por el apoyo que manifiestan, porque siente una conexi\u00f3n de la poblaci\u00f3n con su proyecto, por que todos, sin excepci\u00f3n alguna coinciden en que es urgente sacar a Navolato del estancamiento.<\/span><\/div>\n<div style=\"text-align: justify;\"><span style=\"font-size: 14pt; font-family: arial, helvetica, sans-serif;\"><\/span><br \/><span style=\"font-size: 14pt; font-family: arial, helvetica, sans-serif;\">\u201cEstoy disfrutando mucho esta campa\u00f1a, lo mismo le he pedido a quienes me acompa\u00f1an en los recorridos y toques de puerta. Estamos disfrutando a nuestra gente, nuestra tierra y escuchando sus necesidades de viva voz. Pero tambi\u00e9n tenemos muy claro que el objetivo principal de cada una de nuestras actividades es dar a conocer nuestras propuestas que son muy concretas, con nombre y apellido. Yo he bailado, he recorrido, he jugado, todo con propuestas en la mano, cosa que lamentablemente no he visto en los dem\u00e1s, y as\u00ed mi gente no tiene oportunidad de saber qu\u00e9 trae cada uno en la bolsa\u201d, a\u00f1adi\u00f3 el candidato.<\/span><\/div>\n<div style=\"text-align: justify;\"><span style=\"font-size: 14pt; font-family: arial, helvetica, sans-serif;\"><\/span><br \/><span style=\"font-size: 14pt; font-family: arial, helvetica, sans-serif;\">Las principales propuestas de C\u00e9sar Quevedo son trabajar en la educaci\u00f3n porque considera es la base para el desarrollo; mejorar el suministro de agua potable en todas las comunidades y que sea de calidad; la sustentabilidad ambiental, ya que dijo el tema ecol\u00f3gico es sustancial para que un municipio rural evolucione.<\/span><\/div>\n<div style=\"text-align: justify;\"><span style=\"font-size: 14pt; font-family: arial, helvetica, sans-serif;\"><\/span><br \/><span style=\"font-size: 14pt; font-family: arial, helvetica, sans-serif;\">Destac\u00f3 que Navolato tiene el potencial para estar entre los cinco mejores municipios del Noroeste de M\u00e9xico, un municipio sustentable donde su ecoturismo, su agricultura y su pesca, evolucionen y sean puntas de lanza para el desarrollo de la regi\u00f3n y de sus habitantes; adem\u00e1s el municipio tambi\u00e9n tiene el potencial para que en \u00e9l se desarrollen actividades de valor relacionadas con la bioeconom\u00eda y la agroindustria.<\/span><\/div>\n<div style=\"text-align: justify;\">&nbsp;<\/div>\n<div style=\"text-align: justify;\">&nbsp;<\/div>\n<div style=\"text-align: justify;\">&nbsp;<\/div>\n<div style=\"text-align: justify;\"><span style=\"font-size: 14pt; font-family: arial, helvetica, sans-serif;\">REDACCI\u00d3N\/VISI\u00d3N CIUDADANA.<\/span><\/div>\n","protected":false},"excerpt":{"rendered":"<p>&nbsp;C\u00e9sar Quevedo Inzunza invit\u00f3 a los ocho contendientes por la alcald\u00eda a presentar propuestas y acciones concretas en favor de la ciudadan\u00eda, que le den herramientas a la poblaci\u00f3n para decidirse por las mejores y por el perfil mejor capacitado para gobernar, ya que, critic\u00f3, no todo es fiesta, pasear o andar corriendo. En su [&hellip;]<\/p>\n","protected":false},"author":1,"featured_media":367,"comment_status":"closed","ping_status":"closed","sticky":false,"template":"","format":"standard","meta":{"footnotes":""},"categories":[13],"tags":[],"ppma_author":[31],"class_list":["post-16743","post","type-post","status-publish","format-standard","has-post-thumbnail","hentry","category-locales"],"aioseo_notices":[],"authors":[{"term_id":31,"user_id":1,"is_guest":0,"slug":"ivan3vino","display_name":"Iv\u00e1n Trevi\u00f1o","avatar_url":{"url":"https:\/\/visionciudadana.com.mx\/oficial\/wp-content\/uploads\/2025\/09\/columna-ivan-Trevino.png","url2x":"https:\/\/visionciudadana.com.mx\/oficial\/wp-content\/uploads\/2025\/09\/columna-ivan-Trevino.png"},"0":null,"1":"","2":"","3":"","4":"","5":"","6":"","7":"","8":""}],"_links":{"self":[{"href":"https:\/\/visionciudadana.com.mx\/oficial\/wp-json\/wp\/v2\/posts\/16743","targetHints":{"allow":["GET"]}}],"collection":[{"href":"https:\/\/visionciudadana.com.mx\/oficial\/wp-json\/wp\/v2\/posts"}],"about":[{"href":"https:\/\/visionciudadana.com.mx\/oficial\/wp-json\/wp\/v2\/types\/post"}],"author":[{"embeddable":true,"href":"https:\/\/visionciudadana.com.mx\/oficial\/wp-json\/wp\/v2\/users\/1"}],"replies":[{"embeddable":true,"href":"https:\/\/visionciudadana.com.mx\/oficial\/wp-json\/wp\/v2\/comments?post=16743"}],"version-history":[{"count":1,"href":"https:\/\/visionciudadana.com.mx\/oficial\/wp-json\/wp\/v2\/posts\/16743\/revisions"}],"predecessor-version":[{"id":31136,"href":"https:\/\/visionciudadana.com.mx\/oficial\/wp-json\/wp\/v2\/posts\/16743\/revisions\/31136"}],"wp:featuredmedia":[{"embeddable":true,"href":"https:\/\/visionciudadana.com.mx\/oficial\/wp-json\/wp\/v2\/media\/367"}],"wp:attachment":[{"href":"https:\/\/visionciudadana.com.mx\/oficial\/wp-json\/wp\/v2\/media?parent=16743"}],"wp:term":[{"taxonomy":"category","embeddable":true,"href":"https:\/\/visionciudadana.com.mx\/oficial\/wp-json\/wp\/v2\/categories?post=16743"},{"taxonomy":"post_tag","embeddable":true,"href":"https:\/\/visionciudadana.com.mx\/oficial\/wp-json\/wp\/v2\/tags?post=16743"},{"taxonomy":"author","embeddable":true,"href":"https:\/\/visionciudadana.com.mx\/oficial\/wp-json\/wp\/v2\/ppma_author?post=16743"}],"curies":[{"name":"wp","href":"https:\/\/api.w.org\/{rel}","templated":true}]}}