{"id":16742,"date":"2021-04-21T23:44:14","date_gmt":"2021-04-21T23:44:14","guid":{"rendered":"https:\/\/visionciudadana.com.mx\/chio\/2021\/04\/21\/inaceptable-el-cambio-de-lineamientos-arbitrarios-en-la-sep-que-vulnera-la-certeza-laboral-de-docentes\/"},"modified":"2025-06-25T00:16:26","modified_gmt":"2025-06-25T00:16:26","slug":"inaceptable-el-cambio-de-lineamientos-arbitrarios-en-la-sep-que-vulnera-la-certeza-laboral-de-docentes","status":"publish","type":"post","link":"https:\/\/visionciudadana.com.mx\/oficial\/2021\/04\/21\/inaceptable-el-cambio-de-lineamientos-arbitrarios-en-la-sep-que-vulnera-la-certeza-laboral-de-docentes\/","title":{"rendered":"Inaceptable el cambio de lineamientos arbitrarios en la Sep que vulnera la certeza laboral de docentes"},"content":{"rendered":"<p style=\"text-align: justify;\"><img fetchpriority=\"high\" decoding=\"async\" src=\"images\/abril21\/campamento11.jpg\" alt=\"campamento11\" width=\"780\" height=\"420\" style=\"display: block; margin: 20px auto;\" \/><\/p>\n<p><span style=\"font-size: 14pt; font-family: arial, helvetica, sans-serif;\">El profesor Mario Kato, candidato a diputado local por el distrito 15 de Fuerza Por M\u00e9xico, conden\u00f3 el cambio de lineamientos que ha hecho la SEP, respecto al proceso de ingreso al servicio profesional docente para el ciclo 2020 \u2013 2021; extern\u00f3 su respaldo a las miles de maestras y maestros a nivel nacional que exigen se respeten los lineamientos originales publicados el a\u00f1o pasado.<\/span><\/p>\n<p style=\"text-align: justify;\"><span style=\"font-size: 14pt; font-family: arial, helvetica, sans-serif;\">La certeza laboral es un derecho, no se vale que por intereses que desconocemos, ahora la SEP cambi\u00e9 lineamientos que esa misma instituci\u00f3n, hizo p\u00fablicos, las maestras y maestros afectados por esto, son personas que llevan seis meses en las aulas, desempe\u00f1\u00e1ndose en la peor crisis escolar de la historia, dar clases durante esta pandemia ha sido un enorme reto, y ellas y ellos lo han hecho con profesionalismo.<\/span><\/p>\n<p style=\"text-align: justify;\">&nbsp;<\/p>\n<p style=\"text-align: justify;\"><span style=\"font-size: 14pt; font-family: arial, helvetica, sans-serif;\">El candidato exhorto a la SEP a respetar los lineamientos originales y dejar de vulnerar la certeza laboral del magisterio, ya que se supone ese era el objetivo de la reforma educativa del 2019, y no es valido que decisiones burocr\u00e1ticas vayan en sentido contrario.<\/span><\/p>\n<p style=\"text-align: justify;\">&nbsp;<\/p>\n<p style=\"text-align: justify;\">&nbsp;<\/p>\n<p style=\"text-align: justify;\"><span style=\"font-size: 14pt; font-family: arial, helvetica, sans-serif;\">REDACCI\u00d3N\/VISI\u00d3N CIUDADANA.<\/span><\/p>\n<div>&nbsp;<\/div>\n","protected":false},"excerpt":{"rendered":"<p>El profesor Mario Kato, candidato a diputado local por el distrito 15 de Fuerza Por M\u00e9xico, conden\u00f3 el cambio de lineamientos que ha hecho la SEP, respecto al proceso de ingreso al servicio profesional docente para el ciclo 2020 \u2013 2021; extern\u00f3 su respaldo a las miles de maestras y maestros a nivel nacional que [&hellip;]<\/p>\n","protected":false},"author":1,"featured_media":365,"comment_status":"closed","ping_status":"closed","sticky":false,"template":"","format":"standard","meta":{"footnotes":""},"categories":[13],"tags":[],"ppma_author":[31],"class_list":["post-16742","post","type-post","status-publish","format-standard","has-post-thumbnail","hentry","category-locales"],"aioseo_notices":[],"authors":[{"term_id":31,"user_id":1,"is_guest":0,"slug":"ivan3vino","display_name":"Iv\u00e1n Trevi\u00f1o","avatar_url":{"url":"https:\/\/visionciudadana.com.mx\/oficial\/wp-content\/uploads\/2025\/09\/columna-ivan-Trevino.png","url2x":"https:\/\/visionciudadana.com.mx\/oficial\/wp-content\/uploads\/2025\/09\/columna-ivan-Trevino.png"},"0":null,"1":"","2":"","3":"","4":"","5":"","6":"","7":"","8":""}],"_links":{"self":[{"href":"https:\/\/visionciudadana.com.mx\/oficial\/wp-json\/wp\/v2\/posts\/16742","targetHints":{"allow":["GET"]}}],"collection":[{"href":"https:\/\/visionciudadana.com.mx\/oficial\/wp-json\/wp\/v2\/posts"}],"about":[{"href":"https:\/\/visionciudadana.com.mx\/oficial\/wp-json\/wp\/v2\/types\/post"}],"author":[{"embeddable":true,"href":"https:\/\/visionciudadana.com.mx\/oficial\/wp-json\/wp\/v2\/users\/1"}],"replies":[{"embeddable":true,"href":"https:\/\/visionciudadana.com.mx\/oficial\/wp-json\/wp\/v2\/comments?post=16742"}],"version-history":[{"count":1,"href":"https:\/\/visionciudadana.com.mx\/oficial\/wp-json\/wp\/v2\/posts\/16742\/revisions"}],"predecessor-version":[{"id":31137,"href":"https:\/\/visionciudadana.com.mx\/oficial\/wp-json\/wp\/v2\/posts\/16742\/revisions\/31137"}],"wp:featuredmedia":[{"embeddable":true,"href":"https:\/\/visionciudadana.com.mx\/oficial\/wp-json\/wp\/v2\/media\/365"}],"wp:attachment":[{"href":"https:\/\/visionciudadana.com.mx\/oficial\/wp-json\/wp\/v2\/media?parent=16742"}],"wp:term":[{"taxonomy":"category","embeddable":true,"href":"https:\/\/visionciudadana.com.mx\/oficial\/wp-json\/wp\/v2\/categories?post=16742"},{"taxonomy":"post_tag","embeddable":true,"href":"https:\/\/visionciudadana.com.mx\/oficial\/wp-json\/wp\/v2\/tags?post=16742"},{"taxonomy":"author","embeddable":true,"href":"https:\/\/visionciudadana.com.mx\/oficial\/wp-json\/wp\/v2\/ppma_author?post=16742"}],"curies":[{"name":"wp","href":"https:\/\/api.w.org\/{rel}","templated":true}]}}