{"id":16741,"date":"2021-04-21T23:39:00","date_gmt":"2021-04-21T23:39:00","guid":{"rendered":"https:\/\/visionciudadana.com.mx\/chio\/2021\/04\/21\/con-la-remodelacion-del-centro-historico-vamos-haciendole-justicia-a-los-empresarios-faustino-hernandez-alvarez\/"},"modified":"2025-06-25T00:16:26","modified_gmt":"2025-06-25T00:16:26","slug":"con-la-remodelacion-del-centro-historico-vamos-haciendole-justicia-a-los-empresarios-faustino-hernandez-alvarez","status":"publish","type":"post","link":"https:\/\/visionciudadana.com.mx\/oficial\/2021\/04\/21\/con-la-remodelacion-del-centro-historico-vamos-haciendole-justicia-a-los-empresarios-faustino-hernandez-alvarez\/","title":{"rendered":"Con la remodelaci\u00f3n del Centro Hist\u00f3rico, vamos haci\u00e9ndole justicia a los empresarios: Faustino Hern\u00e1ndez \u00c1lvarez"},"content":{"rendered":"<p><img fetchpriority=\"high\" decoding=\"async\" src=\"images\/abril21\/fausty9.jpg\" alt=\"fausty9\" width=\"780\" height=\"420\" style=\"display: block; margin: 20px auto;\" \/><\/p>\n<p>&nbsp;<\/p>\n<p class=\"x_MsoNormal\" style=\"text-align: justify;\"><span style=\"font-size: 14pt; font-family: arial, helvetica, sans-serif;\">En reuni\u00f3n con la Alianza de Sectores Comerciales y Productivos del Centro, el candidato del PRI, PAN y PRD a la Alcald\u00eda de Culiac\u00e1n, Faustino Hern\u00e1ndez \u00c1lvarez,&nbsp;&nbsp; anunci\u00f3 un rescate integral del Centro Hist\u00f3rico en el objetivo de rehabilitar de inmediato a los empresarios de este sector que han sido tan afectados por el actual gobierno municipal.<\/span><\/p>\n<p style=\"text-align: justify;\">&nbsp;<\/p>\n<p class=\"x_MsoNormal\" style=\"text-align: justify;\"><span style=\"font-size: 14pt; font-family: arial, helvetica, sans-serif;\">Faustino Hern\u00e1ndez, destac\u00f3 que no permitir\u00e1 que sigan siendo v\u00edctimas de malas decisiones, como sucedi\u00f3 como este gobierno municipal, que lejos de apoyarlos de manera arbitraria les cerraron las calles, les impidieron abrir sus negocios, e incluso impidieron el acceso de la gente.<\/span><\/p>\n<p style=\"text-align: justify;\">&nbsp;<\/p>\n<p class=\"x_MsoNormal\" style=\"text-align: justify;\"><span style=\"font-size: 14pt; font-family: arial, helvetica, sans-serif;\">\u201cDesgraciadamente la pol\u00edtica p\u00fablica de este gobierno municipal actual no le ha abonado para nada a fortalecer ese sector tan importante que aporta a la Econom\u00eda de Culiac\u00e1n\u201d, dijo.<\/span><\/p>\n<p style=\"text-align: justify;\">&nbsp;<\/p>\n<p class=\"x_MsoNormal\" style=\"text-align: justify;\"><span style=\"font-size: 14pt; font-family: arial, helvetica, sans-serif;\">Al igual que en todos los&nbsp; asuntos, destac\u00f3 que \u00e9sta y todas las medidas para promover el desarrollo econ\u00f3mico se realizar\u00e1n de manera consensada&nbsp; entre las autoridades y&nbsp; los actores involucrados a trav\u00e9s de la creaci\u00f3n del&nbsp; Consejo Municipal de Desarrollo Econ\u00f3mico.<\/span><\/p>\n<p style=\"text-align: justify;\">&nbsp;<\/p>\n<p class=\"x_MsoNormal\" style=\"text-align: justify;\"><span style=\"font-size: 14pt; font-family: arial, helvetica, sans-serif;\">\u201cVan a hacer tomados en cuenta en todos los aspectos todos los actores de la sociedad en que vivimos, nada lo vamos a hacer a chaleco, ni a capricho, ni tampoco vamos a gobernar con ocurrencias; vamos a gobernar con sensibilidad, sobre todo, porque traemos la escuela de la vida\u201d, se\u00f1al\u00f3.<\/span><\/p>\n<p style=\"text-align: justify;\">&nbsp;<\/p>\n<p class=\"x_MsoNormal\" style=\"text-align: justify;\"><span style=\"font-size: 14pt; font-family: arial, helvetica, sans-serif;\">El candidato del PRI, PAN y PRD a la Alcald\u00eda detall\u00f3 que el proyecto de embellecimiento del primer cuadro de la ciudad comprende, entre otras medidas, una intensa&nbsp; remodelaci\u00f3n&nbsp; y reestructuraci\u00f3n que contribuir\u00e1 a&nbsp; expandir comercialmente este lugar emblem\u00e1tico de la capital, as\u00ed como&nbsp; a trav\u00e9s del mejoramiento de la seguridad p\u00fablica.&nbsp;&nbsp;<\/span><\/p>\n<p style=\"text-align: justify;\">&nbsp;<\/p>\n<p class=\"x_MsoNormal\" style=\"text-align: justify;\"><span style=\"font-size: 14pt; font-family: arial, helvetica, sans-serif;\">De igual manera, Faustino Hern\u00e1ndez \u00c1lvarez se\u00f1al\u00f3 que el proyecto de impulso a la econom\u00eda local comprende el Programa Culiac\u00e1n Emprende y \u201cHecho en Culiac\u00e1n\u201d con lo cual se busca promover la comercializaci\u00f3n de los productos elaborados por empresas locales.<\/span><\/p>\n<p style=\"text-align: justify;\">&nbsp;<\/p>\n<p class=\"x_MsoNormal\" style=\"text-align: justify;\"><span style=\"font-size: 14pt; font-family: arial, helvetica, sans-serif;\">\u201cEl rescate al Centro Hist\u00f3rico: si no traemos la convicci\u00f3n de rescatar lo m\u00e1s esencial que es el centro de Culiac\u00e1n, pues entonces a qu\u00e9 le vamos a apostar?&nbsp; Totalmente de acuerdo\u00bb.<\/span><\/p>\n<p style=\"text-align: justify;\">&nbsp;<\/p>\n<p class=\"x_MsoNormal\" style=\"text-align: justify;\"><span style=\"font-size: 14pt; font-family: arial, helvetica, sans-serif;\">\u201cYo quiero ser un facilitador, si algo tenemos que cuidar es a la familia de Culiac\u00e1n, y para ello, tenemos&nbsp; que sumar un Culiac\u00e1n incluyente, en el aspecto de las seguridad, de la familia, de la econom\u00eda, en todos los aspectos, y sobre todo, los espacios p\u00fablicos que los estamos perdiendo\u201d, dijo.<\/span><\/p>\n<p style=\"text-align: justify;\">&nbsp;<\/p>\n<p style=\"text-align: justify;\">&nbsp;<\/p>\n<p style=\"text-align: justify;\"><span style=\"font-size: 14pt; font-family: arial, helvetica, sans-serif;\">REDACCI\u00d3N\/VISI\u00d3N CIUDADANA.<\/span><\/p>\n","protected":false},"excerpt":{"rendered":"<p>&nbsp; En reuni\u00f3n con la Alianza de Sectores Comerciales y Productivos del Centro, el candidato del PRI, PAN y PRD a la Alcald\u00eda de Culiac\u00e1n, Faustino Hern\u00e1ndez \u00c1lvarez,&nbsp;&nbsp; anunci\u00f3 un rescate integral del Centro Hist\u00f3rico en el objetivo de rehabilitar de inmediato a los empresarios de este sector que han sido tan afectados por el [&hellip;]<\/p>\n","protected":false},"author":1,"featured_media":363,"comment_status":"closed","ping_status":"closed","sticky":false,"template":"","format":"standard","meta":{"footnotes":""},"categories":[24],"tags":[],"ppma_author":[31],"class_list":["post-16741","post","type-post","status-publish","format-standard","has-post-thumbnail","hentry","category-relevantes"],"aioseo_notices":[],"authors":[{"term_id":31,"user_id":1,"is_guest":0,"slug":"ivan3vino","display_name":"Iv\u00e1n Trevi\u00f1o","avatar_url":{"url":"https:\/\/visionciudadana.com.mx\/oficial\/wp-content\/uploads\/2025\/09\/columna-ivan-Trevino.png","url2x":"https:\/\/visionciudadana.com.mx\/oficial\/wp-content\/uploads\/2025\/09\/columna-ivan-Trevino.png"},"0":null,"1":"","2":"","3":"","4":"","5":"","6":"","7":"","8":""}],"_links":{"self":[{"href":"https:\/\/visionciudadana.com.mx\/oficial\/wp-json\/wp\/v2\/posts\/16741","targetHints":{"allow":["GET"]}}],"collection":[{"href":"https:\/\/visionciudadana.com.mx\/oficial\/wp-json\/wp\/v2\/posts"}],"about":[{"href":"https:\/\/visionciudadana.com.mx\/oficial\/wp-json\/wp\/v2\/types\/post"}],"author":[{"embeddable":true,"href":"https:\/\/visionciudadana.com.mx\/oficial\/wp-json\/wp\/v2\/users\/1"}],"replies":[{"embeddable":true,"href":"https:\/\/visionciudadana.com.mx\/oficial\/wp-json\/wp\/v2\/comments?post=16741"}],"version-history":[{"count":1,"href":"https:\/\/visionciudadana.com.mx\/oficial\/wp-json\/wp\/v2\/posts\/16741\/revisions"}],"predecessor-version":[{"id":31138,"href":"https:\/\/visionciudadana.com.mx\/oficial\/wp-json\/wp\/v2\/posts\/16741\/revisions\/31138"}],"wp:featuredmedia":[{"embeddable":true,"href":"https:\/\/visionciudadana.com.mx\/oficial\/wp-json\/wp\/v2\/media\/363"}],"wp:attachment":[{"href":"https:\/\/visionciudadana.com.mx\/oficial\/wp-json\/wp\/v2\/media?parent=16741"}],"wp:term":[{"taxonomy":"category","embeddable":true,"href":"https:\/\/visionciudadana.com.mx\/oficial\/wp-json\/wp\/v2\/categories?post=16741"},{"taxonomy":"post_tag","embeddable":true,"href":"https:\/\/visionciudadana.com.mx\/oficial\/wp-json\/wp\/v2\/tags?post=16741"},{"taxonomy":"author","embeddable":true,"href":"https:\/\/visionciudadana.com.mx\/oficial\/wp-json\/wp\/v2\/ppma_author?post=16741"}],"curies":[{"name":"wp","href":"https:\/\/api.w.org\/{rel}","templated":true}]}}