{"id":16740,"date":"2021-04-21T23:33:28","date_gmt":"2021-04-21T23:33:28","guid":{"rendered":"https:\/\/visionciudadana.com.mx\/chio\/2021\/04\/21\/reconoce-guerra-liera-los-aspectos-positivos-al-aplicarse-la-ley-general-de-educacion-superior\/"},"modified":"2025-06-25T00:16:26","modified_gmt":"2025-06-25T00:16:26","slug":"reconoce-guerra-liera-los-aspectos-positivos-al-aplicarse-la-ley-general-de-educacion-superior","status":"publish","type":"post","link":"https:\/\/visionciudadana.com.mx\/oficial\/2021\/04\/21\/reconoce-guerra-liera-los-aspectos-positivos-al-aplicarse-la-ley-general-de-educacion-superior\/","title":{"rendered":"Reconoce Guerra Liera los aspectos positivos al aplicarse la Ley General de Educaci\u00f3n Superior"},"content":{"rendered":"<p><img decoding=\"async\" src=\"images\/abril21\/liera1.jpg\" alt=\"liera1\" style=\"display: block; margin-left: auto; margin-right: auto;\" \/><\/p>\n<p class=\"x_MsoNormal\" align=\"center\"><b><span lang=\"ES\"><\/span><\/b><\/p>\n<p class=\"x_MsoNormal\" style=\"text-align: justify;\"><span style=\"font-size: 14pt; font-family: arial, helvetica, sans-serif;\">La nueva Ley General de Educaci\u00f3n Superior, publicada el pasado martes en el Diario Oficial de la Federaci\u00f3n, es una ley en la que se mantiene y se respeta la autonom\u00eda, se asume la gratuidad de la educaci\u00f3n en el nivel superior y tambi\u00e9n la universalidad; para concretarse se recorri\u00f3 un camino muy largo, opin\u00f3 el rector de la Universidad Aut\u00f3noma de Sinaloa, doctor Juan Eulogio Guerra Liera.<\/span><\/p>\n<p style=\"text-align: justify;\">&nbsp;<\/p>\n<p class=\"x_MsoNormal\" style=\"text-align: justify;\"><span style=\"font-size: 14pt; font-family: arial, helvetica, sans-serif;\">Sobre ese trayecto que implic\u00f3 meses de interlocuci\u00f3n y de trabajo conjunto, el Rector hizo \u00e9nfasis en la decisiva participaci\u00f3n que tuvieron tanto la diputada federal Adela Pi\u00f1a Bernal, presidenta de la Comisi\u00f3n de Educaci\u00f3n de la C\u00e1mara de Diputados, como el doctor Rub\u00e9n Rocha, quien durante los momentos m\u00e1s \u00e1lgidos de discusi\u00f3n del proyecto de ley, fung\u00eda como senador de la Rep\u00fablica y presidente de la Comisi\u00f3n de&nbsp; Educaci\u00f3n.<\/span><\/p>\n<p style=\"text-align: justify;\">&nbsp;<\/p>\n<p class=\"x_MsoNormal\" style=\"text-align: justify;\"><span style=\"font-size: 14pt; font-family: arial, helvetica, sans-serif;\">\u201cSe permiti\u00f3 a la UAS, junto a otras universidades, participar en el Parlamento Abierto donde comentamos los pros, los contras, nuestras dudas y creo que fueron ambos: el doctor Rub\u00e9n Rocha Moya y Adela Pi\u00f1a, factores preponderantes para que hoy esta nueva Ley de Educaci\u00f3n est\u00e9 publicada, y que aconsejo que la lean porque cualquier cambio o propuesta a la normatividad de las universidades tendr\u00e1 que ser en sus instancias internas como lo es el Consejo Universitario; esto nos permite en plena libertad y autonom\u00eda decidir sobre las formas, mecanismos y las maneras que la vida universitaria debe transcurrir en los pr\u00f3ximos a\u00f1os\u201d, precis\u00f3.<\/span><\/p>\n<p style=\"text-align: justify;\">&nbsp;<\/p>\n<p class=\"x_MsoNormal\" style=\"text-align: justify;\"><span style=\"font-size: 14pt; font-family: arial, helvetica, sans-serif;\">Indic\u00f3 que en esta discusi\u00f3n ante los legisladores en la que se particip\u00f3 a trav\u00e9s de la Asociaci\u00f3n Nacional de Universidades e Instituciones de Educaci\u00f3n Superior (ANUIES) y que fue alentada por muchos de los rectores, entre ellos de manera muy significativa por Enrique Graue de la UNAM, se ventilaron argumentos donde tambi\u00e9n se expres\u00f3 la Universidad Aut\u00f3noma de Sinaloa. Fue en ese contexto donde el Rector destaca la empat\u00eda mostrada por el doctor Rocha Moya para impulsar el respeto a la autonom\u00eda y hacer eco de las voces que desde la UAS y desde diversas instituciones del pa\u00eds se hab\u00edan manifestado.<\/span><\/p>\n<p style=\"text-align: justify;\">&nbsp;<\/p>\n<p class=\"x_MsoNormal\" style=\"text-align: justify;\"><span style=\"font-size: 14pt; font-family: arial, helvetica, sans-serif;\">Habi\u00e9ndose logrado ya la publicaci\u00f3n de la ley, Guerra Liera hizo \u00e9nfasis en los aspectos favorables que se rescatan en ella.<\/span><\/p>\n<p style=\"text-align: justify;\">&nbsp;<\/p>\n<p class=\"x_MsoNormal\" style=\"text-align: justify;\"><span style=\"font-size: 14pt; font-family: arial, helvetica, sans-serif;\">\u201cNo pod\u00eda quedar minado, ni afectado (\u2026) el derecho de decidir nuestra propia vida org\u00e1nica, la manera de c\u00f3mo aplicar nuestra libertad de expresi\u00f3n, de c\u00e1tedra, nuestro mecanismo de contrataci\u00f3n, etc. y tambi\u00e9n entraron temas como la gratuidad de la educaci\u00f3n y la universalidad de la misma, entre otros aspectos\u201d, se\u00f1al\u00f3.<\/span><\/p>\n<p style=\"text-align: justify;\">&nbsp;<\/p>\n<p class=\"x_MsoNormal\" style=\"text-align: justify;\"><span style=\"font-size: 14pt; font-family: arial, helvetica, sans-serif;\">Queda por especificarse, dijo, el monto de recursos en el presupuesto o el subsidio que garantice c\u00f3mo recibir\u00e1n las universidades p\u00fablicas lo necesario para poder concretar paulatinamente el aspecto relativo a la gratuidad.<\/span><\/p>\n<p style=\"text-align: justify;\">&nbsp;<\/p>\n<p style=\"text-align: justify;\">&nbsp;<\/p>\n<p style=\"text-align: justify;\"><span style=\"font-size: 14pt; font-family: arial, helvetica, sans-serif;\">REDACCI\u00d3N\/VISI\u00d3N CIUDADANA.<\/span><\/p>\n","protected":false},"excerpt":{"rendered":"<p>La nueva Ley General de Educaci\u00f3n Superior, publicada el pasado martes en el Diario Oficial de la Federaci\u00f3n, es una ley en la que se mantiene y se respeta la autonom\u00eda, se asume la gratuidad de la educaci\u00f3n en el nivel superior y tambi\u00e9n la universalidad; para concretarse se recorri\u00f3 un camino muy largo, opin\u00f3 [&hellip;]<\/p>\n","protected":false},"author":1,"featured_media":361,"comment_status":"closed","ping_status":"closed","sticky":false,"template":"","format":"standard","meta":{"footnotes":""},"categories":[24],"tags":[],"ppma_author":[31],"class_list":["post-16740","post","type-post","status-publish","format-standard","has-post-thumbnail","hentry","category-relevantes"],"aioseo_notices":[],"authors":[{"term_id":31,"user_id":1,"is_guest":0,"slug":"ivan3vino","display_name":"Iv\u00e1n Trevi\u00f1o","avatar_url":{"url":"https:\/\/visionciudadana.com.mx\/oficial\/wp-content\/uploads\/2025\/09\/columna-ivan-Trevino.png","url2x":"https:\/\/visionciudadana.com.mx\/oficial\/wp-content\/uploads\/2025\/09\/columna-ivan-Trevino.png"},"0":null,"1":"","2":"","3":"","4":"","5":"","6":"","7":"","8":""}],"_links":{"self":[{"href":"https:\/\/visionciudadana.com.mx\/oficial\/wp-json\/wp\/v2\/posts\/16740","targetHints":{"allow":["GET"]}}],"collection":[{"href":"https:\/\/visionciudadana.com.mx\/oficial\/wp-json\/wp\/v2\/posts"}],"about":[{"href":"https:\/\/visionciudadana.com.mx\/oficial\/wp-json\/wp\/v2\/types\/post"}],"author":[{"embeddable":true,"href":"https:\/\/visionciudadana.com.mx\/oficial\/wp-json\/wp\/v2\/users\/1"}],"replies":[{"embeddable":true,"href":"https:\/\/visionciudadana.com.mx\/oficial\/wp-json\/wp\/v2\/comments?post=16740"}],"version-history":[{"count":1,"href":"https:\/\/visionciudadana.com.mx\/oficial\/wp-json\/wp\/v2\/posts\/16740\/revisions"}],"predecessor-version":[{"id":31139,"href":"https:\/\/visionciudadana.com.mx\/oficial\/wp-json\/wp\/v2\/posts\/16740\/revisions\/31139"}],"wp:featuredmedia":[{"embeddable":true,"href":"https:\/\/visionciudadana.com.mx\/oficial\/wp-json\/wp\/v2\/media\/361"}],"wp:attachment":[{"href":"https:\/\/visionciudadana.com.mx\/oficial\/wp-json\/wp\/v2\/media?parent=16740"}],"wp:term":[{"taxonomy":"category","embeddable":true,"href":"https:\/\/visionciudadana.com.mx\/oficial\/wp-json\/wp\/v2\/categories?post=16740"},{"taxonomy":"post_tag","embeddable":true,"href":"https:\/\/visionciudadana.com.mx\/oficial\/wp-json\/wp\/v2\/tags?post=16740"},{"taxonomy":"author","embeddable":true,"href":"https:\/\/visionciudadana.com.mx\/oficial\/wp-json\/wp\/v2\/ppma_author?post=16740"}],"curies":[{"name":"wp","href":"https:\/\/api.w.org\/{rel}","templated":true}]}}