{"id":16739,"date":"2021-04-21T23:28:14","date_gmt":"2021-04-21T23:28:14","guid":{"rendered":"https:\/\/visionciudadana.com.mx\/chio\/2021\/04\/21\/coordinacion-municipal-de-proteccion-civil-exhorta-a-la-poblacion-a-cuidarse-de-los-rayos-uv\/"},"modified":"2025-06-25T00:16:26","modified_gmt":"2025-06-25T00:16:26","slug":"coordinacion-municipal-de-proteccion-civil-exhorta-a-la-poblacion-a-cuidarse-de-los-rayos-uv","status":"publish","type":"post","link":"https:\/\/visionciudadana.com.mx\/oficial\/2021\/04\/21\/coordinacion-municipal-de-proteccion-civil-exhorta-a-la-poblacion-a-cuidarse-de-los-rayos-uv\/","title":{"rendered":"Coordinaci\u00f3n Municipal de Protecci\u00f3n Civil exhorta a la poblaci\u00f3n a cuidarse de los rayos UV"},"content":{"rendered":"<p style=\"text-align: justify;\"><img decoding=\"async\" src=\"images\/abril21\/recomendaci\u00f3n.png\" alt=\"recomendaci\u00f3n\" style=\"display: block; margin: 20px auto;\" \/><\/p>\n<div style=\"text-align: justify;\"><span style=\"font-size: 14pt; font-family: arial, helvetica, sans-serif;\">La Coordinaci\u00f3n Municipal de Protecci\u00f3n Civil exhort\u00f3 a la ciudadan\u00eda a evitar exponerse a los rayos solares UV en horario de 11:00 am. a 4:00 de la tarde, debido a que estos pueden ocasionar un golpe de calor y derivar en deshidrataci\u00f3n.&nbsp;<\/span><\/div>\n<div style=\"text-align: justify;\">&nbsp;<\/div>\n<div style=\"text-align: justify;\">&nbsp;<\/div>\n<div style=\"text-align: justify;\"><span style=\"font-size: 14pt; font-family: arial, helvetica, sans-serif;\">Con el incremento en las temperaturas superior a los 35 grados cent\u00edgrados en el municipio, podr\u00eda registrarse un aumento en las afectaciones a la salud de grupos vulnerables como son ni\u00f1os y adultos mayores.&nbsp;<\/span><\/div>\n<div style=\"text-align: justify;\">&nbsp;<\/div>\n<div style=\"text-align: justify;\">&nbsp;<\/div>\n<div style=\"text-align: justify;\"><span style=\"font-size: 14pt; font-family: arial, helvetica, sans-serif;\">Adem\u00e1s de esto, la dependencia municipal alert\u00f3 que el \u00cdndice de Rayos Ultravioleta (IUV), medida que registra la intensidad de la radiaci\u00f3n solar ha sido superior a los 9 puntos, lo que podr\u00eda desencadenar lesiones en la piel, y oculares.&nbsp;<\/span><\/div>\n<div style=\"text-align: justify;\">&nbsp;<\/div>\n<div style=\"text-align: justify;\">&nbsp;<\/div>\n<div style=\"text-align: justify;\"><span style=\"font-size: 14pt; font-family: arial, helvetica, sans-serif;\">La Direcci\u00f3n de Salud Municipal y la Coordinaci\u00f3n de Protecci\u00f3n Civil, reiteran el llamado de prevenci\u00f3n a la poblaci\u00f3n, asimismo, alientan a mantenerse en lugares ventilados y en caso de encontrarse a la intemperie ingerir l\u00edquidos en abundancia y colocarse bloqueadores solares.<\/span><\/div>\n<div style=\"text-align: justify;\">&nbsp;<\/div>\n<div style=\"text-align: justify;\">&nbsp;<\/div>\n<div style=\"text-align: justify;\">&nbsp;<\/div>\n<div style=\"text-align: justify;\"><span style=\"font-size: 14pt; font-family: arial, helvetica, sans-serif;\">REDACCI\u00d3N\/VISI\u00d3N CIUDADANA.<\/span><\/div>\n","protected":false},"excerpt":{"rendered":"<p>La Coordinaci\u00f3n Municipal de Protecci\u00f3n Civil exhort\u00f3 a la ciudadan\u00eda a evitar exponerse a los rayos solares UV en horario de 11:00 am. a 4:00 de la tarde, debido a que estos pueden ocasionar un golpe de calor y derivar en deshidrataci\u00f3n.&nbsp; &nbsp; &nbsp; Con el incremento en las temperaturas superior a los 35 grados [&hellip;]<\/p>\n","protected":false},"author":1,"featured_media":359,"comment_status":"closed","ping_status":"closed","sticky":false,"template":"","format":"standard","meta":{"footnotes":""},"categories":[24],"tags":[],"ppma_author":[31],"class_list":["post-16739","post","type-post","status-publish","format-standard","has-post-thumbnail","hentry","category-relevantes"],"aioseo_notices":[],"authors":[{"term_id":31,"user_id":1,"is_guest":0,"slug":"ivan3vino","display_name":"Iv\u00e1n Trevi\u00f1o","avatar_url":{"url":"https:\/\/visionciudadana.com.mx\/oficial\/wp-content\/uploads\/2025\/09\/columna-ivan-Trevino.png","url2x":"https:\/\/visionciudadana.com.mx\/oficial\/wp-content\/uploads\/2025\/09\/columna-ivan-Trevino.png"},"0":null,"1":"","2":"","3":"","4":"","5":"","6":"","7":"","8":""}],"_links":{"self":[{"href":"https:\/\/visionciudadana.com.mx\/oficial\/wp-json\/wp\/v2\/posts\/16739","targetHints":{"allow":["GET"]}}],"collection":[{"href":"https:\/\/visionciudadana.com.mx\/oficial\/wp-json\/wp\/v2\/posts"}],"about":[{"href":"https:\/\/visionciudadana.com.mx\/oficial\/wp-json\/wp\/v2\/types\/post"}],"author":[{"embeddable":true,"href":"https:\/\/visionciudadana.com.mx\/oficial\/wp-json\/wp\/v2\/users\/1"}],"replies":[{"embeddable":true,"href":"https:\/\/visionciudadana.com.mx\/oficial\/wp-json\/wp\/v2\/comments?post=16739"}],"version-history":[{"count":1,"href":"https:\/\/visionciudadana.com.mx\/oficial\/wp-json\/wp\/v2\/posts\/16739\/revisions"}],"predecessor-version":[{"id":31140,"href":"https:\/\/visionciudadana.com.mx\/oficial\/wp-json\/wp\/v2\/posts\/16739\/revisions\/31140"}],"wp:featuredmedia":[{"embeddable":true,"href":"https:\/\/visionciudadana.com.mx\/oficial\/wp-json\/wp\/v2\/media\/359"}],"wp:attachment":[{"href":"https:\/\/visionciudadana.com.mx\/oficial\/wp-json\/wp\/v2\/media?parent=16739"}],"wp:term":[{"taxonomy":"category","embeddable":true,"href":"https:\/\/visionciudadana.com.mx\/oficial\/wp-json\/wp\/v2\/categories?post=16739"},{"taxonomy":"post_tag","embeddable":true,"href":"https:\/\/visionciudadana.com.mx\/oficial\/wp-json\/wp\/v2\/tags?post=16739"},{"taxonomy":"author","embeddable":true,"href":"https:\/\/visionciudadana.com.mx\/oficial\/wp-json\/wp\/v2\/ppma_author?post=16739"}],"curies":[{"name":"wp","href":"https:\/\/api.w.org\/{rel}","templated":true}]}}