{"id":16738,"date":"2021-04-21T23:22:59","date_gmt":"2021-04-21T23:22:59","guid":{"rendered":"https:\/\/visionciudadana.com.mx\/chio\/2021\/04\/21\/yo-te-escucho-y-sere-el-portavoz-ciudadano-del-dto-15-desde-el-congreso-del-estado\/"},"modified":"2025-06-25T00:16:26","modified_gmt":"2025-06-25T00:16:26","slug":"yo-te-escucho-y-sere-el-portavoz-ciudadano-del-dto-15-desde-el-congreso-del-estado","status":"publish","type":"post","link":"https:\/\/visionciudadana.com.mx\/oficial\/2021\/04\/21\/yo-te-escucho-y-sere-el-portavoz-ciudadano-del-dto-15-desde-el-congreso-del-estado\/","title":{"rendered":"Yo te escucho y ser\u00e9 el portavoz ciudadano del Dto. 15 desde el Congreso del Estado"},"content":{"rendered":"<p style=\"text-align: justify;\"><img decoding=\"async\" src=\"images\/abril21\/orrantia1.PNG\" alt=\"orrantia1\" style=\"display: block; margin: 20px auto;\" \/><\/p>\n<div style=\"text-align: justify;\"><span style=\"font-size: 14pt; font-family: arial, helvetica, sans-serif;\"><\/span><\/div>\n<div style=\"text-align: justify;\"><span style=\"font-size: 14pt; font-family: arial, helvetica, sans-serif;\">El Candidato a la Diputaci\u00f3n local por el distrito 15, H\u00e9ctor Orrantia Coppel, en sus visitas de campa\u00f1a por la coalici\u00f3n Va por Sinaloa, se ha comprometido con la sociedad a ser el portavoz ciudadano y realizar las gestiones necesarias desde el congreso del estado para mejorar la calidad de vida de los sinaloenses.<\/span><\/div>\n<div style=\"text-align: justify;\">&nbsp;<\/div>\n<div style=\"text-align: justify;\"><span style=\"font-size: 14pt; font-family: arial, helvetica, sans-serif;\"><\/span><\/div>\n<div style=\"text-align: justify;\"><span style=\"font-size: 14pt; font-family: arial, helvetica, sans-serif;\">\u201cA m\u00ed me dieron la oportunidad como ciudadano de encabezar esta candidatura que est\u00e1 dentro de una coalici\u00f3n conformada por tres partidos, PAN, PRI Y PRD, estamos ciudadanos y partidos juntos\u2026 Yo lo que quiero es que me conozcan, acercarme, escucharlos y llevar su voz hasta el congreso para gestionar exactamente lo que les hace falta\u201d.<\/span><\/div>\n<div style=\"text-align: justify;\">&nbsp;<\/div>\n<div style=\"text-align: justify;\"><span style=\"font-size: 14pt; font-family: arial, helvetica, sans-serif;\"><\/span><\/div>\n<div style=\"text-align: justify;\"><span style=\"font-size: 14pt; font-family: arial, helvetica, sans-serif;\">Orrantia Coppel se\u00f1al\u00f3 que en el acercamiento que ha tenido con la ciudadan\u00eda ha notado que la mayor\u00eda de las personas no saben qui\u00e9n es el diputado que les corresponde y es por ello que se comprometi\u00f3 a escucharlos de cerca para ser una verdadera voz que represente a los habitantes del distrito 15.<\/span><\/div>\n<div style=\"text-align: justify;\">&nbsp;<\/div>\n<div style=\"text-align: justify;\"><span style=\"font-size: 14pt; font-family: arial, helvetica, sans-serif;\"><\/span><\/div>\n<div style=\"text-align: justify;\"><span style=\"font-size: 14pt; font-family: arial, helvetica, sans-serif;\">\u201cLo que me pida la gente yo no le voy a sacar, si es un tema municipal, si es un tema estatal o federal, yo voy a ser un gestor, as\u00ed que lo que quiera la gente yo estar\u00e9 ah\u00ed para ellos siempre\u201d.<\/span><\/div>\n<div style=\"text-align: justify;\">&nbsp;<\/div>\n<div style=\"text-align: justify;\"><span style=\"font-size: 14pt; font-family: arial, helvetica, sans-serif;\"><\/span><\/div>\n<div style=\"text-align: justify;\"><span style=\"font-size: 14pt; font-family: arial, helvetica, sans-serif;\">Orrantia Coppel resalt\u00f3 que cuando llegue al congreso del estado, como diputado y ciudadano har\u00e1 las gestiones necesarias para que su distrito avance y quienes habitan en \u00e9l noten la diferencia.<\/span><\/div>\n<div style=\"text-align: justify;\">&nbsp;<\/div>\n<div style=\"text-align: justify;\">&nbsp;<\/div>\n<div style=\"text-align: justify;\">&nbsp;<\/div>\n<div style=\"text-align: justify;\"><span style=\"font-size: 14pt; font-family: arial, helvetica, sans-serif;\">REDACCI\u00d3N\/VISI\u00d3N CIUDADANA.<\/span><\/div>\n","protected":false},"excerpt":{"rendered":"<p>El Candidato a la Diputaci\u00f3n local por el distrito 15, H\u00e9ctor Orrantia Coppel, en sus visitas de campa\u00f1a por la coalici\u00f3n Va por Sinaloa, se ha comprometido con la sociedad a ser el portavoz ciudadano y realizar las gestiones necesarias desde el congreso del estado para mejorar la calidad de vida de los sinaloenses. &nbsp; [&hellip;]<\/p>\n","protected":false},"author":1,"featured_media":357,"comment_status":"closed","ping_status":"closed","sticky":false,"template":"","format":"standard","meta":{"footnotes":""},"categories":[24],"tags":[],"ppma_author":[31],"class_list":["post-16738","post","type-post","status-publish","format-standard","has-post-thumbnail","hentry","category-relevantes"],"aioseo_notices":[],"authors":[{"term_id":31,"user_id":1,"is_guest":0,"slug":"ivan3vino","display_name":"Iv\u00e1n Trevi\u00f1o","avatar_url":{"url":"https:\/\/visionciudadana.com.mx\/oficial\/wp-content\/uploads\/2025\/09\/columna-ivan-Trevino.png","url2x":"https:\/\/visionciudadana.com.mx\/oficial\/wp-content\/uploads\/2025\/09\/columna-ivan-Trevino.png"},"0":null,"1":"","2":"","3":"","4":"","5":"","6":"","7":"","8":""}],"_links":{"self":[{"href":"https:\/\/visionciudadana.com.mx\/oficial\/wp-json\/wp\/v2\/posts\/16738","targetHints":{"allow":["GET"]}}],"collection":[{"href":"https:\/\/visionciudadana.com.mx\/oficial\/wp-json\/wp\/v2\/posts"}],"about":[{"href":"https:\/\/visionciudadana.com.mx\/oficial\/wp-json\/wp\/v2\/types\/post"}],"author":[{"embeddable":true,"href":"https:\/\/visionciudadana.com.mx\/oficial\/wp-json\/wp\/v2\/users\/1"}],"replies":[{"embeddable":true,"href":"https:\/\/visionciudadana.com.mx\/oficial\/wp-json\/wp\/v2\/comments?post=16738"}],"version-history":[{"count":1,"href":"https:\/\/visionciudadana.com.mx\/oficial\/wp-json\/wp\/v2\/posts\/16738\/revisions"}],"predecessor-version":[{"id":31141,"href":"https:\/\/visionciudadana.com.mx\/oficial\/wp-json\/wp\/v2\/posts\/16738\/revisions\/31141"}],"wp:featuredmedia":[{"embeddable":true,"href":"https:\/\/visionciudadana.com.mx\/oficial\/wp-json\/wp\/v2\/media\/357"}],"wp:attachment":[{"href":"https:\/\/visionciudadana.com.mx\/oficial\/wp-json\/wp\/v2\/media?parent=16738"}],"wp:term":[{"taxonomy":"category","embeddable":true,"href":"https:\/\/visionciudadana.com.mx\/oficial\/wp-json\/wp\/v2\/categories?post=16738"},{"taxonomy":"post_tag","embeddable":true,"href":"https:\/\/visionciudadana.com.mx\/oficial\/wp-json\/wp\/v2\/tags?post=16738"},{"taxonomy":"author","embeddable":true,"href":"https:\/\/visionciudadana.com.mx\/oficial\/wp-json\/wp\/v2\/ppma_author?post=16738"}],"curies":[{"name":"wp","href":"https:\/\/api.w.org\/{rel}","templated":true}]}}