{"id":16737,"date":"2021-04-21T23:12:40","date_gmt":"2021-04-21T23:12:40","guid":{"rendered":"https:\/\/visionciudadana.com.mx\/chio\/2021\/04\/21\/la-gente-votara-por-las-personas-y-no-por-los-partidos-sergio-torres\/"},"modified":"2025-06-25T00:16:26","modified_gmt":"2025-06-25T00:16:26","slug":"la-gente-votara-por-las-personas-y-no-por-los-partidos-sergio-torres","status":"publish","type":"post","link":"https:\/\/visionciudadana.com.mx\/oficial\/2021\/04\/21\/la-gente-votara-por-las-personas-y-no-por-los-partidos-sergio-torres\/","title":{"rendered":"La gente votar\u00e1 por las personas y no por los partidos: Sergio Torres  \u00a0"},"content":{"rendered":"<p>&nbsp;<\/p>\n<div style=\"text-align: justify;\">&nbsp;<img fetchpriority=\"high\" decoding=\"async\" src=\"images\/abril21\/checho8.PNG\" alt=\"checho8\" width=\"603\" height=\"349\" style=\"display: block; margin-left: auto; margin-right: auto;\" \/><\/div>\n<div style=\"text-align: justify;\"><span style=\"font-size: 14pt; font-family: arial, helvetica, sans-serif;\">Al afirmar que no hay dinero que compre la confianza de los ciudadanos, Sergio Torres, se\u00f1al\u00f3 que en Movimiento Ciudadano, ganan cada d\u00eda el apoyo de la gente con propuestas serias, financieramente realizables para lograr un mejor Sinaloa y mayor bienestar para las familias sinaloenses.<\/span><\/div>\n<div style=\"text-align: justify;\">&nbsp;<\/div>\n<div style=\"text-align: justify;\"><span style=\"font-size: 14pt; font-family: arial, helvetica, sans-serif;\"><\/span><\/div>\n<div style=\"text-align: justify;\"><span style=\"font-size: 14pt; font-family: arial, helvetica, sans-serif;\">El candidato de MC al gobierno estatal dijo que la gente ya no se deja enga\u00f1ar, ni a\u00fan con los despilfarros en campa\u00f1a que traen Morena y el Prian. La gente analiza los perfiles, por eso candidatos y candidatas de la ola naranja experimentan un acelerado crecimiento en las preferencias electorales, y se\u00f1al\u00f3 como el caso m\u00e1s visible el estado de Nuevo Le\u00f3n, y dijo: algo igual se dar\u00e1 en Sinaloa.<\/span><\/div>\n<div style=\"text-align: justify;\">&nbsp;<\/div>\n<div style=\"text-align: justify;\"><span style=\"font-size: 14pt; font-family: arial, helvetica, sans-serif;\"><\/span><\/div>\n<div style=\"text-align: justify;\"><span style=\"font-size: 14pt; font-family: arial, helvetica, sans-serif;\">Del primer debate entre candidatos al gobierno del estado, se\u00f1al\u00f3 que es una gran oportunidad para que la gente conozca qui\u00e9nes son cada uno de ellos &nbsp;qu\u00e9 representan. Dijo ir\u00e1 sereno y preparado en todos los sentidos, pero sobre todo con propuestas para un Sinaloa grande y fuerte.<\/span><\/div>\n<div style=\"text-align: justify;\">&nbsp;<\/div>\n<div style=\"text-align: justify;\"><span style=\"font-size: 14pt; font-family: arial, helvetica, sans-serif;\"><\/span><\/div>\n<div style=\"text-align: justify;\"><span style=\"font-size: 14pt; font-family: arial, helvetica, sans-serif;\">Record\u00f3 que es el \u00fanico de los candidatos a gobernador, que desde el d\u00eda de inicio de las campa\u00f1as present\u00f3 las primeras 20 propuestas de desarrollo del estado, a trav\u00e9s de su Manifiesto por Sinaloa, mismas que cada d\u00eda de enriquecen con la participaci\u00f3n ciudadana.<\/span><\/div>\n<div style=\"text-align: justify;\">&nbsp;<\/div>\n<div style=\"text-align: justify;\"><span style=\"font-size: 14pt; font-family: arial, helvetica, sans-serif;\"><\/span><\/div>\n<div style=\"text-align: justify;\"><span style=\"font-size: 14pt; font-family: arial, helvetica, sans-serif;\">\u00abVamos, dijo Sergio Torres, por un estado grande y de oportunidades igualitarias, donde avancemos parejo y no s\u00f3lo una camarilla\u00bb, y agreg\u00f3 no estar en contra de obras de infraestructura en la zona donde viven o invierten hoteleros, pero si ve muy mal que se olviden de la gente que vive en la periferia y carece de servicios p\u00fablicos b\u00e1sicos.<\/span><\/div>\n<div style=\"text-align: justify;\">&nbsp;<\/div>\n<div style=\"text-align: justify;\">&nbsp;<\/div>\n<div style=\"text-align: justify;\"><span style=\"font-size: 14pt; font-family: arial, helvetica, sans-serif;\">Considero, dijo, la pol\u00edtica como algo serio, donde hay que poner mucho trabajo y compromiso, no con la frivolidad que la concibe Mario Zamora y menos con el desenfado de Rocha Moya que sigue evitando el reclamo durmi\u00e9ndose en los eventos.<\/span><\/div>\n<div style=\"text-align: justify;\">&nbsp;<\/div>\n<div style=\"text-align: justify;\">&nbsp;<\/div>\n<div style=\"text-align: justify;\">&nbsp;<\/div>\n<div style=\"text-align: justify;\"><span style=\"font-size: 14pt; font-family: arial, helvetica, sans-serif;\">REDACCI\u00d3N\/VISI\u00d3N CIUDADANA.<\/span><\/div>\n","protected":false},"excerpt":{"rendered":"<p>&nbsp; &nbsp; Al afirmar que no hay dinero que compre la confianza de los ciudadanos, Sergio Torres, se\u00f1al\u00f3 que en Movimiento Ciudadano, ganan cada d\u00eda el apoyo de la gente con propuestas serias, financieramente realizables para lograr un mejor Sinaloa y mayor bienestar para las familias sinaloenses. &nbsp; El candidato de MC al gobierno estatal [&hellip;]<\/p>\n","protected":false},"author":1,"featured_media":355,"comment_status":"closed","ping_status":"closed","sticky":false,"template":"","format":"standard","meta":{"footnotes":""},"categories":[24],"tags":[],"ppma_author":[31],"class_list":["post-16737","post","type-post","status-publish","format-standard","has-post-thumbnail","hentry","category-relevantes"],"aioseo_notices":[],"authors":[{"term_id":31,"user_id":1,"is_guest":0,"slug":"ivan3vino","display_name":"Iv\u00e1n Trevi\u00f1o","avatar_url":{"url":"https:\/\/visionciudadana.com.mx\/oficial\/wp-content\/uploads\/2025\/09\/columna-ivan-Trevino.png","url2x":"https:\/\/visionciudadana.com.mx\/oficial\/wp-content\/uploads\/2025\/09\/columna-ivan-Trevino.png"},"0":null,"1":"","2":"","3":"","4":"","5":"","6":"","7":"","8":""}],"_links":{"self":[{"href":"https:\/\/visionciudadana.com.mx\/oficial\/wp-json\/wp\/v2\/posts\/16737","targetHints":{"allow":["GET"]}}],"collection":[{"href":"https:\/\/visionciudadana.com.mx\/oficial\/wp-json\/wp\/v2\/posts"}],"about":[{"href":"https:\/\/visionciudadana.com.mx\/oficial\/wp-json\/wp\/v2\/types\/post"}],"author":[{"embeddable":true,"href":"https:\/\/visionciudadana.com.mx\/oficial\/wp-json\/wp\/v2\/users\/1"}],"replies":[{"embeddable":true,"href":"https:\/\/visionciudadana.com.mx\/oficial\/wp-json\/wp\/v2\/comments?post=16737"}],"version-history":[{"count":1,"href":"https:\/\/visionciudadana.com.mx\/oficial\/wp-json\/wp\/v2\/posts\/16737\/revisions"}],"predecessor-version":[{"id":31142,"href":"https:\/\/visionciudadana.com.mx\/oficial\/wp-json\/wp\/v2\/posts\/16737\/revisions\/31142"}],"wp:featuredmedia":[{"embeddable":true,"href":"https:\/\/visionciudadana.com.mx\/oficial\/wp-json\/wp\/v2\/media\/355"}],"wp:attachment":[{"href":"https:\/\/visionciudadana.com.mx\/oficial\/wp-json\/wp\/v2\/media?parent=16737"}],"wp:term":[{"taxonomy":"category","embeddable":true,"href":"https:\/\/visionciudadana.com.mx\/oficial\/wp-json\/wp\/v2\/categories?post=16737"},{"taxonomy":"post_tag","embeddable":true,"href":"https:\/\/visionciudadana.com.mx\/oficial\/wp-json\/wp\/v2\/tags?post=16737"},{"taxonomy":"author","embeddable":true,"href":"https:\/\/visionciudadana.com.mx\/oficial\/wp-json\/wp\/v2\/ppma_author?post=16737"}],"curies":[{"name":"wp","href":"https:\/\/api.w.org\/{rel}","templated":true}]}}