{"id":16736,"date":"2021-04-21T23:03:48","date_gmt":"2021-04-21T23:03:48","guid":{"rendered":"https:\/\/visionciudadana.com.mx\/chio\/2021\/04\/21\/mario-zamora-se-compromete-a-un-incremento-progresivo-al-presupuesto-cultural\/"},"modified":"2025-06-25T00:16:27","modified_gmt":"2025-06-25T00:16:27","slug":"mario-zamora-se-compromete-a-un-incremento-progresivo-al-presupuesto-cultural","status":"publish","type":"post","link":"https:\/\/visionciudadana.com.mx\/oficial\/2021\/04\/21\/mario-zamora-se-compromete-a-un-incremento-progresivo-al-presupuesto-cultural\/","title":{"rendered":"Mario Zamora se compromete a un incremento progresivo al presupuesto cultural"},"content":{"rendered":"<p><img fetchpriority=\"high\" decoding=\"async\" src=\"images\/abril21\/mario_za1.jpg\" alt=\"mario za1\" width=\"1024\" height=\"683\" style=\"display: block; margin: 20px auto;\" \/><\/p>\n<p style=\"text-align: justify;\"><span style=\"font-size: 14pt; font-family: arial, helvetica, sans-serif;\">Presupuesto que a\u00f1o con a\u00f1o registre un incremento sustancial para la cultura sinaloense, crear el mayor n\u00famero de clubes de lectura, clubes de cine, escuelas de m\u00fasica e internet en todas las escuelas p\u00fablicas, son los compromisos establecidos por Mario Zamora, pr\u00f3ximo gobernador de Sinaloa, con intelectuales, artistas y promotores culturales de Mazatl\u00e1n.<\/span><\/p>\n<p style=\"text-align: justify;\">&nbsp;<\/p>\n<p style=\"text-align: justify;\"><span style=\"font-size: 14pt; font-family: arial, helvetica, sans-serif;\">Durante una reuni\u00f3n en el Centro Cultural Multidiversidad, el candidato de la coalici\u00f3n \u201cVa por Sinaloa\u201d resalt\u00f3 que su gobierno pondr\u00e1 en el centro de sus pol\u00edticas p\u00fablicas la formaci\u00f3n de ciudadanos de bien y para ello la cultura en general es una pieza fundamental.<\/span><\/p>\n<p style=\"text-align: justify;\">&nbsp;<\/p>\n<p style=\"text-align: justify;\"><span style=\"font-size: 14pt; font-family: arial, helvetica, sans-serif;\">\u201cYo nunca he visto la cultura como un gasto. Soy un convencido de que es una inversi\u00f3n. Lo m\u00e1s valioso del ser humano es su esp\u00edritu, sin \u00e9l no puedes generar desarrollo\u201d.<\/span><\/p>\n<p style=\"text-align: justify;\">&nbsp;<\/p>\n<p style=\"text-align: justify;\"><span style=\"font-size: 14pt; font-family: arial, helvetica, sans-serif;\">Ante las incontables peticiones sobre las necesidades y propuestas en torno a la promoci\u00f3n de la cultura, Mario Zamora sostuvo que es a trav\u00e9s de la cultura como se puede retomar la reconstrucci\u00f3n del tejido social y generar desarrollo en la vida de los sinaloenses.<\/span><\/p>\n<p style=\"text-align: justify;\">&nbsp;<\/p>\n<p style=\"text-align: justify;\"><span style=\"font-size: 14pt; font-family: arial, helvetica, sans-serif;\">Como parte del fomento a las actividades culturales, a\u00f1adi\u00f3 que retomar\u00e1 el Festival Cultural Sinaloa para llevar por todo el estado la identidad que caracteriza cada regi\u00f3n de la entidad, proyecto que ya es un patrimonio de los sinaloenses.<\/span><\/p>\n<p style=\"text-align: justify;\">&nbsp;<\/p>\n<p style=\"text-align: justify;\"><span style=\"font-size: 14pt; font-family: arial, helvetica, sans-serif;\">El arquitecto Isa\u00edas Guzm\u00e1n, al igual que el resto del gremio de promotores de cultura, aval\u00f3 el proyecto de Mario Zamora, asintiendo que, \u201caplaudo su intenci\u00f3n de rescatar el magn\u00edfico festival cultural Sinaloa\u2026 en lo personal me sirvi\u00f3 mucho y vi c\u00f3mo influ\u00eda en las comunidades y personas de ese tiempo\u201d.<\/span><\/p>\n<p style=\"text-align: justify;\">&nbsp;<\/p>\n<p style=\"text-align: justify;\"><span style=\"font-size: 14pt; font-family: arial, helvetica, sans-serif;\">Con la idea de pensar en grande en este \u00e1mbito, Zamora dijo que otro de los proyectos que ellos mismos pueden ayudar a impulsar es la creaci\u00f3n de una Universidad de las Artes para potenciar el talento sinaloense.<\/span><\/p>\n<p style=\"text-align: justify;\">&nbsp;<\/p>\n<p style=\"text-align: justify;\"><span style=\"font-size: 14pt; font-family: arial, helvetica, sans-serif;\">El pr\u00f3ximo gobernador de Sinaloa indic\u00f3 que tambi\u00e9n emprender\u00e1 las gestiones para que el Gobierno del Estado tenga una concesi\u00f3n de Televisi\u00f3n, a trav\u00e9s de la cual los artistas tendr\u00e1n sus espacios para enriquecer la cultura.<\/span><\/p>\n<p style=\"text-align: justify;\">&nbsp;<\/p>\n<p style=\"text-align: justify;\"><span style=\"font-size: 14pt; font-family: arial, helvetica, sans-serif;\">Previo a esta reuni\u00f3n con intelectuales, Mario Zamora encabez\u00f3 un encuentro con maestros donde refrend\u00f3 su compromiso con la educaci\u00f3n, ratificando proyectos concretos como el de reactivar las Escuelas de Tiempo Completo, con una bolsa por 495 millones de pesos, y habilitar un programa de internet en todas las escuelas del sistema p\u00fablico.<\/span><\/p>\n<p style=\"text-align: justify;\">&nbsp;<\/p>\n<p style=\"text-align: justify;\">&nbsp;<\/p>\n<p style=\"text-align: justify;\"><span style=\"font-size: 14pt; font-family: arial, helvetica, sans-serif;\">REDACCI\u00d3N\/VISI\u00d3N CIUDADANA.<\/span><\/p>\n","protected":false},"excerpt":{"rendered":"<p>Presupuesto que a\u00f1o con a\u00f1o registre un incremento sustancial para la cultura sinaloense, crear el mayor n\u00famero de clubes de lectura, clubes de cine, escuelas de m\u00fasica e internet en todas las escuelas p\u00fablicas, son los compromisos establecidos por Mario Zamora, pr\u00f3ximo gobernador de Sinaloa, con intelectuales, artistas y promotores culturales de Mazatl\u00e1n. &nbsp; Durante [&hellip;]<\/p>\n","protected":false},"author":1,"featured_media":353,"comment_status":"closed","ping_status":"closed","sticky":false,"template":"","format":"standard","meta":{"footnotes":""},"categories":[24],"tags":[],"ppma_author":[31],"class_list":["post-16736","post","type-post","status-publish","format-standard","has-post-thumbnail","hentry","category-relevantes"],"aioseo_notices":[],"authors":[{"term_id":31,"user_id":1,"is_guest":0,"slug":"ivan3vino","display_name":"Iv\u00e1n Trevi\u00f1o","avatar_url":{"url":"https:\/\/visionciudadana.com.mx\/oficial\/wp-content\/uploads\/2025\/09\/columna-ivan-Trevino.png","url2x":"https:\/\/visionciudadana.com.mx\/oficial\/wp-content\/uploads\/2025\/09\/columna-ivan-Trevino.png"},"0":null,"1":"","2":"","3":"","4":"","5":"","6":"","7":"","8":""}],"_links":{"self":[{"href":"https:\/\/visionciudadana.com.mx\/oficial\/wp-json\/wp\/v2\/posts\/16736","targetHints":{"allow":["GET"]}}],"collection":[{"href":"https:\/\/visionciudadana.com.mx\/oficial\/wp-json\/wp\/v2\/posts"}],"about":[{"href":"https:\/\/visionciudadana.com.mx\/oficial\/wp-json\/wp\/v2\/types\/post"}],"author":[{"embeddable":true,"href":"https:\/\/visionciudadana.com.mx\/oficial\/wp-json\/wp\/v2\/users\/1"}],"replies":[{"embeddable":true,"href":"https:\/\/visionciudadana.com.mx\/oficial\/wp-json\/wp\/v2\/comments?post=16736"}],"version-history":[{"count":1,"href":"https:\/\/visionciudadana.com.mx\/oficial\/wp-json\/wp\/v2\/posts\/16736\/revisions"}],"predecessor-version":[{"id":31143,"href":"https:\/\/visionciudadana.com.mx\/oficial\/wp-json\/wp\/v2\/posts\/16736\/revisions\/31143"}],"wp:featuredmedia":[{"embeddable":true,"href":"https:\/\/visionciudadana.com.mx\/oficial\/wp-json\/wp\/v2\/media\/353"}],"wp:attachment":[{"href":"https:\/\/visionciudadana.com.mx\/oficial\/wp-json\/wp\/v2\/media?parent=16736"}],"wp:term":[{"taxonomy":"category","embeddable":true,"href":"https:\/\/visionciudadana.com.mx\/oficial\/wp-json\/wp\/v2\/categories?post=16736"},{"taxonomy":"post_tag","embeddable":true,"href":"https:\/\/visionciudadana.com.mx\/oficial\/wp-json\/wp\/v2\/tags?post=16736"},{"taxonomy":"author","embeddable":true,"href":"https:\/\/visionciudadana.com.mx\/oficial\/wp-json\/wp\/v2\/ppma_author?post=16736"}],"curies":[{"name":"wp","href":"https:\/\/api.w.org\/{rel}","templated":true}]}}