{"id":16732,"date":"2021-04-20T00:09:43","date_gmt":"2021-04-20T00:09:43","guid":{"rendered":"https:\/\/visionciudadana.com.mx\/chio\/2021\/04\/20\/invita-ruben-rocha-moya-a-empresarios-a-ser-aliados-por-el-bien-de-sinaloa\/"},"modified":"2025-06-25T00:16:27","modified_gmt":"2025-06-25T00:16:27","slug":"invita-ruben-rocha-moya-a-empresarios-a-ser-aliados-por-el-bien-de-sinaloa","status":"publish","type":"post","link":"https:\/\/visionciudadana.com.mx\/oficial\/2021\/04\/20\/invita-ruben-rocha-moya-a-empresarios-a-ser-aliados-por-el-bien-de-sinaloa\/","title":{"rendered":"Invita Rub\u00e9n Rocha Moya a empresarios a ser aliados por el bien de Sinaloa"},"content":{"rendered":"<p><img fetchpriority=\"high\" decoding=\"async\" src=\"images\/abril21\/empresar.jpg\" alt=\"empresar\" width=\"780\" height=\"420\" style=\"display: block; margin: 20px auto;\" \/><\/p>\n<div>&nbsp;<\/div>\n<div style=\"text-align: justify;\"><span style=\"font-size: 14pt; font-family: arial, helvetica, sans-serif;\">El candidato de la alianza Morena-PAS, Rub\u00e9n Rocha Moya invit\u00f3 a los empresarios a establecer una alianza para fortalecer el desarrollo econ\u00f3mico y junto con el Codesin transformar a Sinaloa.<\/span><\/div>\n<div style=\"text-align: justify;\">&nbsp;<\/div>\n<div style=\"text-align: justify;\"><span style=\"font-size: 14pt; font-family: arial, helvetica, sans-serif;\"><\/span><\/div>\n<div style=\"text-align: justify;\"><span style=\"font-size: 14pt; font-family: arial, helvetica, sans-serif;\">\u201cSi me toca ser gobernador voy a ser aliado de ustedes, no tengan duda, no desconf\u00eden en nada, no los estamos invitando a ser c\u00f3mplices, los estamos invitando a ser aliados para que Sinaloa se desarrolle lo que s\u00ed les garantizo es que el dinero del Estado va a rendir porque no va a haber corrupci\u00f3n\u201d, puntualiz\u00f3 en reuni\u00f3n con integrantes de Consejo para el Desarrollo Econ\u00f3mico de Sinaloa.<\/span><\/div>\n<div style=\"text-align: justify;\">&nbsp;<\/div>\n<div style=\"text-align: justify;\"><span style=\"font-size: 14pt; font-family: arial, helvetica, sans-serif;\"><\/span><\/div>\n<div style=\"text-align: justify;\"><span style=\"font-size: 14pt; font-family: arial, helvetica, sans-serif;\">Rocha Moya asegur\u00f3 que los empresarios ser\u00e1n incentivados y protegidos, y su gobierno ser\u00e1 un buen gestor para atraer derrama econ\u00f3mica a Sinaloa.<\/span><\/div>\n<div style=\"text-align: justify;\">&nbsp;<\/div>\n<div style=\"text-align: justify;\"><span style=\"font-size: 14pt; font-family: arial, helvetica, sans-serif;\"><\/span><\/div>\n<div style=\"text-align: justify;\"><span style=\"font-size: 14pt; font-family: arial, helvetica, sans-serif;\">En ese sentido, se\u00f1al\u00f3 que, por ejemplo, se atender\u00e1 el \u00e1rea de la construcci\u00f3n y toda obra p\u00fablica se pagar\u00e1 a los proveedores en tiempo y forma, pues debe estar sustentada en el presupuesto.<\/span><\/div>\n<div style=\"text-align: justify;\">&nbsp;<\/div>\n<div style=\"text-align: justify;\"><span style=\"font-size: 14pt; font-family: arial, helvetica, sans-serif;\"><\/span><\/div>\n<div style=\"text-align: justify;\"><span style=\"font-size: 14pt; font-family: arial, helvetica, sans-serif;\">\u201cQueremos que haya inversi\u00f3n, nosotros vamos a ser aliados de los inversionistas, tenemos que proteger su inversi\u00f3n, esa es la funci\u00f3n del Estado, la \u00fanica manera de generar riqueza es que el empresario le invierta para crear empleos\u201d, reiter\u00f3.<\/span><\/div>\n<div style=\"text-align: justify;\">&nbsp;<\/div>\n<div style=\"text-align: justify;\"><span style=\"font-size: 14pt; font-family: arial, helvetica, sans-serif;\"><\/span><\/div>\n<div style=\"text-align: justify;\"><span style=\"font-size: 14pt; font-family: arial, helvetica, sans-serif;\">El abanderado de la alianza Morena-PAS consider\u00f3 que se necesita recoger en los planes de desarrollo la realidad de lo que se va a hacer, que no sean pura teor\u00eda, y del 6 de junio al 1 de noviembre hay tiempo para que se incorporen proyectos valiosos, toda vez que se podr\u00e1 saber cu\u00e1l es el potencial en materia presupuestal y dem\u00e1s.<\/span><\/div>\n<div style=\"text-align: justify;\">&nbsp;<\/div>\n<div style=\"text-align: justify;\"><span style=\"font-size: 14pt; font-family: arial, helvetica, sans-serif;\"><\/span><\/div>\n<div style=\"text-align: justify;\"><span style=\"font-size: 14pt; font-family: arial, helvetica, sans-serif;\">Rocha Moya recalc\u00f3 que su gobierno no ser\u00e1 persecutorio por diferencias electorales:&nbsp;<\/span><\/div>\n<div style=\"text-align: justify;\"><span style=\"font-size: 14pt; font-family: arial, helvetica, sans-serif;\"><\/span><\/div>\n<div style=\"text-align: justify;\"><span style=\"font-size: 14pt; font-family: arial, helvetica, sans-serif;\">\u201cNo vamos a perseguir a nadie, los empresarios son mis amigos, y no tengo la menor intenci\u00f3n de generar miedo absolutamente a nadie, no lo vamos a hacer de ninguna manera\u201d.<\/span><\/div>\n<div style=\"text-align: justify;\">&nbsp;<\/div>\n<div style=\"text-align: justify;\"><span style=\"font-size: 14pt; font-family: arial, helvetica, sans-serif;\"><\/span><\/div>\n<div style=\"text-align: justify;\"><span style=\"font-size: 14pt; font-family: arial, helvetica, sans-serif;\">En la reuni\u00f3n participaron el presidente ejecutivo del Codesin, Lauro Mel\u00e9ndrez, la directora general y los presidentes de las zonas norte, centro-norte, centro y sur, as\u00ed como el presidente del PAS, H\u00e9ctor Melesio Cu\u00e9n.<\/span><\/div>\n<div style=\"text-align: justify;\">&nbsp;<\/div>\n<div style=\"text-align: justify;\">&nbsp;<\/div>\n<div style=\"text-align: justify;\"><span style=\"font-size: 14pt; font-family: arial, helvetica, sans-serif;\">REDACCI\u00d3N\/VISI\u00d3N CIUDADANA.<\/span><\/div>\n","protected":false},"excerpt":{"rendered":"<p>&nbsp; El candidato de la alianza Morena-PAS, Rub\u00e9n Rocha Moya invit\u00f3 a los empresarios a establecer una alianza para fortalecer el desarrollo econ\u00f3mico y junto con el Codesin transformar a Sinaloa. &nbsp; \u201cSi me toca ser gobernador voy a ser aliado de ustedes, no tengan duda, no desconf\u00eden en nada, no los estamos invitando a [&hellip;]<\/p>\n","protected":false},"author":1,"featured_media":348,"comment_status":"closed","ping_status":"closed","sticky":false,"template":"","format":"standard","meta":{"footnotes":""},"categories":[24],"tags":[],"ppma_author":[31],"class_list":["post-16732","post","type-post","status-publish","format-standard","has-post-thumbnail","hentry","category-relevantes"],"aioseo_notices":[],"authors":[{"term_id":31,"user_id":1,"is_guest":0,"slug":"ivan3vino","display_name":"Iv\u00e1n Trevi\u00f1o","avatar_url":{"url":"https:\/\/visionciudadana.com.mx\/oficial\/wp-content\/uploads\/2025\/09\/columna-ivan-Trevino.png","url2x":"https:\/\/visionciudadana.com.mx\/oficial\/wp-content\/uploads\/2025\/09\/columna-ivan-Trevino.png"},"0":null,"1":"","2":"","3":"","4":"","5":"","6":"","7":"","8":""}],"_links":{"self":[{"href":"https:\/\/visionciudadana.com.mx\/oficial\/wp-json\/wp\/v2\/posts\/16732","targetHints":{"allow":["GET"]}}],"collection":[{"href":"https:\/\/visionciudadana.com.mx\/oficial\/wp-json\/wp\/v2\/posts"}],"about":[{"href":"https:\/\/visionciudadana.com.mx\/oficial\/wp-json\/wp\/v2\/types\/post"}],"author":[{"embeddable":true,"href":"https:\/\/visionciudadana.com.mx\/oficial\/wp-json\/wp\/v2\/users\/1"}],"replies":[{"embeddable":true,"href":"https:\/\/visionciudadana.com.mx\/oficial\/wp-json\/wp\/v2\/comments?post=16732"}],"version-history":[{"count":1,"href":"https:\/\/visionciudadana.com.mx\/oficial\/wp-json\/wp\/v2\/posts\/16732\/revisions"}],"predecessor-version":[{"id":31144,"href":"https:\/\/visionciudadana.com.mx\/oficial\/wp-json\/wp\/v2\/posts\/16732\/revisions\/31144"}],"wp:featuredmedia":[{"embeddable":true,"href":"https:\/\/visionciudadana.com.mx\/oficial\/wp-json\/wp\/v2\/posts\/348"}],"wp:attachment":[{"href":"https:\/\/visionciudadana.com.mx\/oficial\/wp-json\/wp\/v2\/media?parent=16732"}],"wp:term":[{"taxonomy":"category","embeddable":true,"href":"https:\/\/visionciudadana.com.mx\/oficial\/wp-json\/wp\/v2\/categories?post=16732"},{"taxonomy":"post_tag","embeddable":true,"href":"https:\/\/visionciudadana.com.mx\/oficial\/wp-json\/wp\/v2\/tags?post=16732"},{"taxonomy":"author","embeddable":true,"href":"https:\/\/visionciudadana.com.mx\/oficial\/wp-json\/wp\/v2\/ppma_author?post=16732"}],"curies":[{"name":"wp","href":"https:\/\/api.w.org\/{rel}","templated":true}]}}