{"id":16731,"date":"2021-04-19T23:53:55","date_gmt":"2021-04-19T23:53:55","guid":{"rendered":"https:\/\/visionciudadana.com.mx\/chio\/2021\/04\/19\/lamenta-la-uas-asesinato-de-jovenes-universitarios-en-sindicatura-de-tepuche\/"},"modified":"2025-06-25T00:16:27","modified_gmt":"2025-06-25T00:16:27","slug":"lamenta-la-uas-asesinato-de-jovenes-universitarios-en-sindicatura-de-tepuche","status":"publish","type":"post","link":"https:\/\/visionciudadana.com.mx\/oficial\/2021\/04\/19\/lamenta-la-uas-asesinato-de-jovenes-universitarios-en-sindicatura-de-tepuche\/","title":{"rendered":"Lamenta la UAS asesinato de j\u00f3venes universitarios en sindicatura de Tepuche"},"content":{"rendered":"<p>&nbsp;<\/p>\n<p><img fetchpriority=\"high\" decoding=\"async\" src=\"images\/abril21\/asesinan-en-tepuche.jpg\" alt=\"asesinan en tepuche\" width=\"780\" height=\"420\" style=\"display: block; margin-left: auto; margin-right: auto;\" \/><\/p>\n<p style=\"text-align: justify;\"><span style=\"font-size: 14pt; font-family: arial, helvetica, sans-serif;\">Ante los acontecimientos ocurridos en los cuales dos estudiantes de nuestra instituci\u00f3n perdieran la vida a manos de sujetos armados en la sindicatura de Tepuche, la Universidad Aut\u00f3noma de Sinaloa lamenta que j\u00f3venes sigan siendo v\u00edctimas de este tipo de hechos que contin\u00faan afectando a la comunidad sinaloense.<\/span><\/p>\n<p style=\"text-align: justify;\">&nbsp;<\/p>\n<p class=\"x_MsoNormal\" style=\"text-align: justify;\"><span style=\"font-size: 14pt; font-family: arial, helvetica, sans-serif;\">As\u00ed tambi\u00e9n ratificamos la estrecha coordinaci\u00f3n con personal de la Fiscal\u00eda del Estado y autoridades correspondientes, en quienes confiamos plenamente para que haya justicia en este y muchos otros casos en los que han resultado afectados integrantes de esta casa de estudios.<\/span><\/p>\n<p style=\"text-align: justify;\">&nbsp;<\/p>\n<p class=\"x_MsoNormal\" style=\"text-align: justify;\"><span style=\"font-size: 14pt; font-family: arial, helvetica, sans-serif;\">Expresamos nuestras m\u00e1s sinceras condolencias a la familia de los j\u00f3venes, a la vez que hacemos p\u00fablico nuestro deseo de que la pac\u00edfica convivencia sea un distintivo cada vez m\u00e1s presente en nuestra sociedad.<\/span><\/p>\n<p style=\"text-align: justify;\">&nbsp;<\/p>\n<p style=\"text-align: justify;\"><span style=\"font-size: 14pt; font-family: arial, helvetica, sans-serif;\">REDACCI\u00d3N\/VISI\u00d3N CIUDADANA.<\/span><\/p>\n","protected":false},"excerpt":{"rendered":"<p>&nbsp; Ante los acontecimientos ocurridos en los cuales dos estudiantes de nuestra instituci\u00f3n perdieran la vida a manos de sujetos armados en la sindicatura de Tepuche, la Universidad Aut\u00f3noma de Sinaloa lamenta que j\u00f3venes sigan siendo v\u00edctimas de este tipo de hechos que contin\u00faan afectando a la comunidad sinaloense. &nbsp; As\u00ed tambi\u00e9n ratificamos la estrecha [&hellip;]<\/p>\n","protected":false},"author":1,"featured_media":346,"comment_status":"closed","ping_status":"closed","sticky":false,"template":"","format":"standard","meta":{"footnotes":""},"categories":[13],"tags":[],"ppma_author":[31],"class_list":["post-16731","post","type-post","status-publish","format-standard","has-post-thumbnail","hentry","category-locales"],"aioseo_notices":[],"authors":[{"term_id":31,"user_id":1,"is_guest":0,"slug":"ivan3vino","display_name":"Iv\u00e1n Trevi\u00f1o","avatar_url":{"url":"https:\/\/visionciudadana.com.mx\/oficial\/wp-content\/uploads\/2025\/09\/columna-ivan-Trevino.png","url2x":"https:\/\/visionciudadana.com.mx\/oficial\/wp-content\/uploads\/2025\/09\/columna-ivan-Trevino.png"},"0":null,"1":"","2":"","3":"","4":"","5":"","6":"","7":"","8":""}],"_links":{"self":[{"href":"https:\/\/visionciudadana.com.mx\/oficial\/wp-json\/wp\/v2\/posts\/16731","targetHints":{"allow":["GET"]}}],"collection":[{"href":"https:\/\/visionciudadana.com.mx\/oficial\/wp-json\/wp\/v2\/posts"}],"about":[{"href":"https:\/\/visionciudadana.com.mx\/oficial\/wp-json\/wp\/v2\/types\/post"}],"author":[{"embeddable":true,"href":"https:\/\/visionciudadana.com.mx\/oficial\/wp-json\/wp\/v2\/users\/1"}],"replies":[{"embeddable":true,"href":"https:\/\/visionciudadana.com.mx\/oficial\/wp-json\/wp\/v2\/comments?post=16731"}],"version-history":[{"count":1,"href":"https:\/\/visionciudadana.com.mx\/oficial\/wp-json\/wp\/v2\/posts\/16731\/revisions"}],"predecessor-version":[{"id":31145,"href":"https:\/\/visionciudadana.com.mx\/oficial\/wp-json\/wp\/v2\/posts\/16731\/revisions\/31145"}],"wp:featuredmedia":[{"embeddable":true,"href":"https:\/\/visionciudadana.com.mx\/oficial\/wp-json\/wp\/v2\/posts\/346"}],"wp:attachment":[{"href":"https:\/\/visionciudadana.com.mx\/oficial\/wp-json\/wp\/v2\/media?parent=16731"}],"wp:term":[{"taxonomy":"category","embeddable":true,"href":"https:\/\/visionciudadana.com.mx\/oficial\/wp-json\/wp\/v2\/categories?post=16731"},{"taxonomy":"post_tag","embeddable":true,"href":"https:\/\/visionciudadana.com.mx\/oficial\/wp-json\/wp\/v2\/tags?post=16731"},{"taxonomy":"author","embeddable":true,"href":"https:\/\/visionciudadana.com.mx\/oficial\/wp-json\/wp\/v2\/ppma_author?post=16731"}],"curies":[{"name":"wp","href":"https:\/\/api.w.org\/{rel}","templated":true}]}}