{"id":16730,"date":"2021-04-19T23:48:48","date_gmt":"2021-04-19T23:48:48","guid":{"rendered":"https:\/\/visionciudadana.com.mx\/chio\/2021\/04\/19\/inicia-retiro-de-basuron-clandestino-en-sector-stanza-toscana-y-valle-alt\/"},"modified":"2025-06-25T00:16:27","modified_gmt":"2025-06-25T00:16:27","slug":"inicia-retiro-de-basuron-clandestino-en-sector-stanza-toscana-y-valle-alt","status":"publish","type":"post","link":"https:\/\/visionciudadana.com.mx\/oficial\/2021\/04\/19\/inicia-retiro-de-basuron-clandestino-en-sector-stanza-toscana-y-valle-alt\/","title":{"rendered":"Inicia retiro de basur\u00f3n clandestino en sector Stanza Toscana y Valle Alto"},"content":{"rendered":"<p style=\"text-align: justify;\"><img fetchpriority=\"high\" decoding=\"async\" src=\"images\/abril21\/basur\u00f3n_clandestino.jpg\" alt=\"basur\u00f3n clandestino\" width=\"780\" height=\"420\" style=\"display: block; margin: 20px auto;\" \/><\/p>\n<div style=\"text-align: justify;\">&nbsp;<\/div>\n<div style=\"text-align: justify;\"><span style=\"font-size: 14pt; font-family: arial, helvetica, sans-serif;\">Como parte de la mejora de todos los espacios p\u00fablicos de la ciudad, el d\u00eda de hoy la Secretar\u00eda de Obras P\u00fablicas y la Direcci\u00f3n de Parques y Jardines, iniciaron una intensa jornada de limpieza, retiro de escombro, basura y ordenamiento de la calle Camino a Las Rosas ubicada a espaldas de los fraccionamientos Stanza Toscana y Valle Alto.&nbsp;<\/span><\/div>\n<div style=\"text-align: justify;\">&nbsp;<\/div>\n<div style=\"text-align: justify;\">&nbsp;<\/div>\n<div style=\"text-align: justify;\"><span style=\"font-size: 14pt; font-family: arial, helvetica, sans-serif;\">Debido a las condiciones que registraba el tiradero clandestino, el sector se hab\u00eda convertido en un foco de infecci\u00f3n para la salud de los vecinos, adem\u00e1s de una problem\u00e1tica de inseguridad, es por ello que el Gobierno de Culiac\u00e1n orden\u00f3 su limpieza integral.&nbsp;<\/span><\/div>\n<div style=\"text-align: justify;\">&nbsp;<\/div>\n<div style=\"text-align: justify;\">&nbsp;<\/div>\n<div style=\"text-align: justify;\"><span style=\"font-size: 14pt; font-family: arial, helvetica, sans-serif;\">A primera hora, una cuadrilla de trabajadores de la Comuna, apoyados con maquinaria pesada, integrada por seis camiones de volteo y dos retroexcavadoras, removieron un gran volumen de material de construcci\u00f3n y desechos de basura.&nbsp;<\/span><\/div>\n<div style=\"text-align: justify;\">&nbsp;<\/div>\n<div style=\"text-align: justify;\">&nbsp;<\/div>\n<div style=\"text-align: justify;\"><span style=\"font-size: 14pt; font-family: arial, helvetica, sans-serif;\">Durante las actividades de este lunes, se logr\u00f3 el retiro de 672 toneladas de escombro y basura, acciones que continuar\u00e1n en la zona este martes 20 de abril.&nbsp;<\/span><\/div>\n<div style=\"text-align: justify;\">&nbsp;<\/div>\n<div style=\"text-align: justify;\">&nbsp;<\/div>\n<div style=\"text-align: justify;\"><span style=\"font-size: 14pt; font-family: arial, helvetica, sans-serif;\">En el lugar se instalar\u00e1n carteles informativos para advertir a la poblaci\u00f3n evitar arrojar desechos de basura o materiales; de lo contario ser\u00e1n acreedores a fuertes multas.<\/span><\/div>\n<div>&nbsp;<\/div>\n<div>&nbsp;<\/div>\n<div style=\"text-align: justify;\">&nbsp;<\/div>\n<div style=\"text-align: justify;\">&nbsp;<\/div>\n<div style=\"text-align: justify;\"><span style=\"font-size: 14pt; font-family: arial, helvetica, sans-serif;\">REDACCI\u00d3N\/VISI\u00d3N CIUDADANA.<\/span><\/div>\n","protected":false},"excerpt":{"rendered":"<p>&nbsp; Como parte de la mejora de todos los espacios p\u00fablicos de la ciudad, el d\u00eda de hoy la Secretar\u00eda de Obras P\u00fablicas y la Direcci\u00f3n de Parques y Jardines, iniciaron una intensa jornada de limpieza, retiro de escombro, basura y ordenamiento de la calle Camino a Las Rosas ubicada a espaldas de los fraccionamientos [&hellip;]<\/p>\n","protected":false},"author":1,"featured_media":344,"comment_status":"closed","ping_status":"closed","sticky":false,"template":"","format":"standard","meta":{"footnotes":""},"categories":[24],"tags":[],"ppma_author":[31],"class_list":["post-16730","post","type-post","status-publish","format-standard","has-post-thumbnail","hentry","category-relevantes"],"aioseo_notices":[],"authors":[{"term_id":31,"user_id":1,"is_guest":0,"slug":"ivan3vino","display_name":"Iv\u00e1n Trevi\u00f1o","avatar_url":{"url":"https:\/\/visionciudadana.com.mx\/oficial\/wp-content\/uploads\/2025\/09\/columna-ivan-Trevino.png","url2x":"https:\/\/visionciudadana.com.mx\/oficial\/wp-content\/uploads\/2025\/09\/columna-ivan-Trevino.png"},"0":null,"1":"","2":"","3":"","4":"","5":"","6":"","7":"","8":""}],"_links":{"self":[{"href":"https:\/\/visionciudadana.com.mx\/oficial\/wp-json\/wp\/v2\/posts\/16730","targetHints":{"allow":["GET"]}}],"collection":[{"href":"https:\/\/visionciudadana.com.mx\/oficial\/wp-json\/wp\/v2\/posts"}],"about":[{"href":"https:\/\/visionciudadana.com.mx\/oficial\/wp-json\/wp\/v2\/types\/post"}],"author":[{"embeddable":true,"href":"https:\/\/visionciudadana.com.mx\/oficial\/wp-json\/wp\/v2\/users\/1"}],"replies":[{"embeddable":true,"href":"https:\/\/visionciudadana.com.mx\/oficial\/wp-json\/wp\/v2\/comments?post=16730"}],"version-history":[{"count":1,"href":"https:\/\/visionciudadana.com.mx\/oficial\/wp-json\/wp\/v2\/posts\/16730\/revisions"}],"predecessor-version":[{"id":31146,"href":"https:\/\/visionciudadana.com.mx\/oficial\/wp-json\/wp\/v2\/posts\/16730\/revisions\/31146"}],"wp:featuredmedia":[{"embeddable":true,"href":"https:\/\/visionciudadana.com.mx\/oficial\/wp-json\/wp\/v2\/posts\/344"}],"wp:attachment":[{"href":"https:\/\/visionciudadana.com.mx\/oficial\/wp-json\/wp\/v2\/media?parent=16730"}],"wp:term":[{"taxonomy":"category","embeddable":true,"href":"https:\/\/visionciudadana.com.mx\/oficial\/wp-json\/wp\/v2\/categories?post=16730"},{"taxonomy":"post_tag","embeddable":true,"href":"https:\/\/visionciudadana.com.mx\/oficial\/wp-json\/wp\/v2\/tags?post=16730"},{"taxonomy":"author","embeddable":true,"href":"https:\/\/visionciudadana.com.mx\/oficial\/wp-json\/wp\/v2\/ppma_author?post=16730"}],"curies":[{"name":"wp","href":"https:\/\/api.w.org\/{rel}","templated":true}]}}