{"id":16729,"date":"2021-04-19T23:43:24","date_gmt":"2021-04-19T23:43:24","guid":{"rendered":"https:\/\/visionciudadana.com.mx\/chio\/2021\/04\/19\/vacunalos-inicia-campana-en-sinaloa-contra-sarampion-y-rubeola-sr\/"},"modified":"2025-06-25T00:16:27","modified_gmt":"2025-06-25T00:16:27","slug":"vacunalos-inicia-campana-en-sinaloa-contra-sarampion-y-rubeola-sr","status":"publish","type":"post","link":"https:\/\/visionciudadana.com.mx\/oficial\/2021\/04\/19\/vacunalos-inicia-campana-en-sinaloa-contra-sarampion-y-rubeola-sr\/","title":{"rendered":"\u00a1V\u00c1CUNALOS! Inicia campa\u00f1a en Sinaloa contra Sarampi\u00f3n y Rubeola (SR)"},"content":{"rendered":"<p style=\"text-align: justify;\">&nbsp;<\/p>\n<div style=\"text-align: justify;\"><img decoding=\"async\" src=\"images\/abril21\/rubeola.jpg\" alt=\"rubeola\" style=\"display: block; margin-left: auto; margin-right: auto;\" \/><\/div>\n<div>&nbsp;<\/div>\n<div style=\"text-align: justify;\"><span style=\"font-size: 14pt; font-family: arial, helvetica, sans-serif;\">Sinaloa no ha presentado ning\u00fan caso de sarampi\u00f3n en los \u00faltimos 15 a\u00f1os, para seguir as\u00ed, se puso en marcha la Campa\u00f1a de Seguimiento de Vacunaci\u00f3n con doble viral contra el Sarampi\u00f3n y la Rub\u00e9ola (SR) en ni\u00f1os de 1 a 4 a\u00f1os de edad.<\/span><\/div>\n<div style=\"text-align: justify;\">&nbsp;<\/div>\n<div style=\"text-align: justify;\">&nbsp;<\/div>\n<div style=\"text-align: justify;\"><span style=\"font-size: 14pt; font-family: arial, helvetica, sans-serif;\">El Secretario de Salud en Sinaloa, Dr. Efr\u00e9n Encinas Torres, afirm\u00f3 que se cuenta con 202 mil 020 dosis de vacunas SR a nivel estatal, suficientes para lograr la cobertura de todos los ni\u00f1os que tengan pendiente en su Cartilla Nacional de Vacunaci\u00f3n, adem\u00e1s de la importancia de darle a nuestros hijos lo que necesitan para mantener una buena salud.<\/span><\/div>\n<div style=\"text-align: justify;\">&nbsp;<\/div>\n<div style=\"text-align: justify;\"><span style=\"font-size: 14pt; font-family: arial, helvetica, sans-serif;\"><\/span><\/div>\n<div style=\"text-align: justify;\"><span style=\"font-size: 14pt; font-family: arial, helvetica, sans-serif;\">\u201cNo todo es Covid, pero tambi\u00e9n los programas de vacunaci\u00f3n tienen que seguir y hoy es precisamente el arranque de vacunas de sarampi\u00f3n y rubeola, en Sinaloa tenemos alrededor de 15 a\u00f1os sin haber un solo caso generado o nacido aqu\u00ed; M\u00e9xico como pa\u00eds ha sido un modelo mundial, de tal manera que gracias a los esfuerzos de la sociedad, de los estados contribuye con acciones espec\u00edficas de esta naturaleza, y recuerden que uno a los hijos tenemos que darle a los hijos lo que ellos necesitan y ellos necesitan de nuestra protecci\u00f3n que les podemos dar en este sentido a la salud que es yo creo que el derecho humano m\u00e1s preciado que existe en el mundo para los seres humanos, el derecho a garantizar la salud\u201d, puntualiz\u00f3.<\/span><\/div>\n<div style=\"text-align: justify;\">&nbsp;<\/div>\n<div style=\"text-align: justify;\">&nbsp;<\/div>\n<div style=\"text-align: justify;\"><span style=\"font-size: 14pt; font-family: arial, helvetica, sans-serif;\">REDACCI\u00d3N\/VISI\u00d3N CIUDADANA.<\/span><\/div>\n<div>&nbsp;<\/div>\n","protected":false},"excerpt":{"rendered":"<p>&nbsp; &nbsp; Sinaloa no ha presentado ning\u00fan caso de sarampi\u00f3n en los \u00faltimos 15 a\u00f1os, para seguir as\u00ed, se puso en marcha la Campa\u00f1a de Seguimiento de Vacunaci\u00f3n con doble viral contra el Sarampi\u00f3n y la Rub\u00e9ola (SR) en ni\u00f1os de 1 a 4 a\u00f1os de edad. &nbsp; &nbsp; El Secretario de Salud en Sinaloa, [&hellip;]<\/p>\n","protected":false},"author":1,"featured_media":342,"comment_status":"closed","ping_status":"closed","sticky":false,"template":"","format":"standard","meta":{"footnotes":""},"categories":[24],"tags":[],"ppma_author":[31],"class_list":["post-16729","post","type-post","status-publish","format-standard","has-post-thumbnail","hentry","category-relevantes"],"aioseo_notices":[],"authors":[{"term_id":31,"user_id":1,"is_guest":0,"slug":"ivan3vino","display_name":"Iv\u00e1n Trevi\u00f1o","avatar_url":{"url":"https:\/\/visionciudadana.com.mx\/oficial\/wp-content\/uploads\/2025\/09\/columna-ivan-Trevino.png","url2x":"https:\/\/visionciudadana.com.mx\/oficial\/wp-content\/uploads\/2025\/09\/columna-ivan-Trevino.png"},"0":null,"1":"","2":"","3":"","4":"","5":"","6":"","7":"","8":""}],"_links":{"self":[{"href":"https:\/\/visionciudadana.com.mx\/oficial\/wp-json\/wp\/v2\/posts\/16729","targetHints":{"allow":["GET"]}}],"collection":[{"href":"https:\/\/visionciudadana.com.mx\/oficial\/wp-json\/wp\/v2\/posts"}],"about":[{"href":"https:\/\/visionciudadana.com.mx\/oficial\/wp-json\/wp\/v2\/types\/post"}],"author":[{"embeddable":true,"href":"https:\/\/visionciudadana.com.mx\/oficial\/wp-json\/wp\/v2\/users\/1"}],"replies":[{"embeddable":true,"href":"https:\/\/visionciudadana.com.mx\/oficial\/wp-json\/wp\/v2\/comments?post=16729"}],"version-history":[{"count":1,"href":"https:\/\/visionciudadana.com.mx\/oficial\/wp-json\/wp\/v2\/posts\/16729\/revisions"}],"predecessor-version":[{"id":31147,"href":"https:\/\/visionciudadana.com.mx\/oficial\/wp-json\/wp\/v2\/posts\/16729\/revisions\/31147"}],"wp:featuredmedia":[{"embeddable":true,"href":"https:\/\/visionciudadana.com.mx\/oficial\/wp-json\/wp\/v2\/posts\/342"}],"wp:attachment":[{"href":"https:\/\/visionciudadana.com.mx\/oficial\/wp-json\/wp\/v2\/media?parent=16729"}],"wp:term":[{"taxonomy":"category","embeddable":true,"href":"https:\/\/visionciudadana.com.mx\/oficial\/wp-json\/wp\/v2\/categories?post=16729"},{"taxonomy":"post_tag","embeddable":true,"href":"https:\/\/visionciudadana.com.mx\/oficial\/wp-json\/wp\/v2\/tags?post=16729"},{"taxonomy":"author","embeddable":true,"href":"https:\/\/visionciudadana.com.mx\/oficial\/wp-json\/wp\/v2\/ppma_author?post=16729"}],"curies":[{"name":"wp","href":"https:\/\/api.w.org\/{rel}","templated":true}]}}