{"id":16728,"date":"2021-04-19T23:29:28","date_gmt":"2021-04-19T23:29:28","guid":{"rendered":"https:\/\/visionciudadana.com.mx\/chio\/2021\/04\/19\/faustino-hernandez-ofrece-mejorar-servicios-publicos-para-elevar-la-calidad-de-vida-y-bienestar-de-la-poblacion\/"},"modified":"2025-06-25T00:16:27","modified_gmt":"2025-06-25T00:16:27","slug":"faustino-hernandez-ofrece-mejorar-servicios-publicos-para-elevar-la-calidad-de-vida-y-bienestar-de-la-poblacion","status":"publish","type":"post","link":"https:\/\/visionciudadana.com.mx\/oficial\/2021\/04\/19\/faustino-hernandez-ofrece-mejorar-servicios-publicos-para-elevar-la-calidad-de-vida-y-bienestar-de-la-poblacion\/","title":{"rendered":"Faustino Hern\u00e1ndez ofrece mejorar servicios p\u00fablicos para elevar la calidad de vida y bienestar de la poblaci\u00f3n"},"content":{"rendered":"<p>&nbsp;<\/p>\n<p class=\"x_MsoNormal\" style=\"text-align: justify;\" align=\"right\"><img decoding=\"async\" src=\"images\/abril21\/fausty7.jpg\" alt=\"fausty7\" style=\"display: block; margin: 20px auto;\" \/><\/p>\n<p class=\"x_MsoNormal\" style=\"text-align: justify;\"><span style=\"font-size: 14pt; font-family: arial, helvetica, sans-serif;\">Ante la mala calidad y cobertura en los servicios p\u00fablicos que se han recrudecido en esta administraci\u00f3n municipal, el candidato del PRI, PAN y PRD a la Alcald\u00eda de Culiac\u00e1n, Faustino Hern\u00e1ndez \u00c1lvarez, propuso un programa de rescate sin precedentes en la materia, tanto en la zona urbana como rural, a fin de contribuir a mejorar la calidad de vida y bienestar de la poblaci\u00f3n.<\/span><\/p>\n<p style=\"text-align: justify;\">&nbsp;<\/p>\n<p class=\"x_MsoNormal\" style=\"text-align: justify;\"><span style=\"font-size: 14pt; font-family: arial, helvetica, sans-serif;\">Consider\u00f3 que este programa emergente se debe realizar de manera prioritaria en servicios como el de agua potable, drenaje, alcantarillado, tratamiento de aguas residuales, alumbrado p\u00fablico, limpia, recolecci\u00f3n y disposici\u00f3n final de residuos, mercados y centrales de abasto, panteones, rastros, calles, parques y jardines, entre otros.<\/span><\/p>\n<p style=\"text-align: justify;\">&nbsp;<\/p>\n<p class=\"x_MsoNormal\" style=\"text-align: justify;\"><span style=\"font-size: 14pt; font-family: arial, helvetica, sans-serif;\">\u201cSe trata de servicios p\u00fablicos b\u00e1sicos que inciden de manera muy importante en el bienestar y calidad de vida de la poblaci\u00f3n de Culiac\u00e1n\u201d, se\u00f1al\u00f3.<\/span><\/p>\n<p style=\"text-align: justify;\">&nbsp;<\/p>\n<p class=\"x_MsoNormal\" style=\"text-align: justify;\"><span style=\"font-size: 14pt; font-family: arial, helvetica, sans-serif;\">Faustino Hern\u00e1ndez, se\u00f1al\u00f3 que el objetivo es empezar de inmediato atendiendo a las comunidades rurales dado que muchas no cuentan con drenaje, al igual que en las colonias populares donde se ha detectado carencia de alumbrado p\u00fablico, deficiencias en las calles, deterioro de los parques y jardines, y mal estado de los mercados.<\/span><\/p>\n<p style=\"text-align: justify;\">&nbsp;<\/p>\n<p class=\"x_MsoNormal\" style=\"text-align: justify;\"><span style=\"font-size: 14pt; font-family: arial, helvetica, sans-serif;\">\u201cTenemos que cambiar esta situaci\u00f3n y en mi gobierno la prioridad ser\u00e1 brindar a la gente de Culiac\u00e1n servicios p\u00fablicos de calidad\u201d, se\u00f1al\u00f3.<\/span><\/p>\n<p style=\"text-align: justify;\">&nbsp;<\/p>\n<p class=\"x_MsoNormal\" style=\"text-align: justify;\"><span style=\"font-size: 14pt; font-family: arial, helvetica, sans-serif;\">En su tradicional conferencia de los lunes, el candidato del PRI, PAN y PRD Faustino Hern\u00e1ndez \u00c1lvarez,&nbsp; detall\u00f3 las prioridades que tendr\u00e1 su programa de servicios p\u00fablicos una vez que asuma la Alcald\u00eda.<\/span><\/p>\n<p style=\"text-align: justify;\">&nbsp;<\/p>\n<p class=\"x_MsoNormal\" style=\"text-align: justify;\"><span style=\"font-size: 14pt; font-family: arial, helvetica, sans-serif;\">Entre las propuestas, puntualiz\u00f3 el fortalecimiento de la Junta Municipal de Agua Potable y Alcantarillado de Culiac\u00e1n (JAPAC), en todo lo que sea necesario, para elevar su eficiencia, y destinar los recursos del gasto social de manera prioritaria a la ampliaci\u00f3n y mejoramiento en la calidad de los servicios de agua potable y drenaje.<\/span><\/p>\n<p style=\"text-align: justify;\">&nbsp;<\/p>\n<p class=\"x_MsoNormal\" style=\"text-align: justify;\"><span style=\"font-size: 14pt; font-family: arial, helvetica, sans-serif;\">De igual manera, ampliar la cobertura del servicio de alumbrado p\u00fablico, especialmente en colonias populares, sindicaturas y comunidades rurales, y garantizar la buena operaci\u00f3n del servicio y el mantenimiento de la infraestructura disponible.<\/span><\/p>\n<p style=\"text-align: justify;\">&nbsp;<\/p>\n<p class=\"x_MsoNormal\" style=\"text-align: justify;\"><span style=\"font-size: 14pt; font-family: arial, helvetica, sans-serif;\">Tambi\u00e9n anunci\u00f3 un nuevo modelo de gesti\u00f3n de los residuos s\u00f3lidos, mediante el establecimiento de centros para la separaci\u00f3n y clasificaci\u00f3n de la basura, y mejorar el servicio de limpia y recolecci\u00f3n de basura, adquiriendo m\u00e1s unidades para incrementar la frecuencia de la recolecci\u00f3n.<\/span><\/p>\n<p style=\"text-align: justify;\">&nbsp;<\/p>\n<p class=\"x_MsoNormal\" style=\"text-align: justify;\"><span style=\"font-size: 14pt; font-family: arial, helvetica, sans-serif;\">Faustino Hern\u00e1ndez, impulsar\u00e1 un amplio programa de reforestaci\u00f3n, conservaci\u00f3n y ampliaci\u00f3n de \u00e1reas verdes y crear\u00e1 una Red Municipal de Parques P\u00fablicos, para la recreaci\u00f3n y convivencia familiar. Parte importante ser\u00e1 el mejoramiento del Jard\u00edn Bot\u00e1nico y del Parque Las Riveras, sitios emblem\u00e1ticos de Culiac\u00e1n.<\/span><\/p>\n<p style=\"text-align: justify;\">&nbsp;<\/p>\n<p class=\"x_MsoNormal\" style=\"text-align: justify;\"><span style=\"font-size: 14pt; font-family: arial, helvetica, sans-serif;\">Finalmente, anunci\u00f3 un ambicioso proyecto para promover la cultura de la conservaci\u00f3n y cuidado del agua, y el mejoramiento de la infraestructura en la Central de Abastos y en los mercados municipales.<\/span><\/p>\n<p style=\"text-align: justify;\">&nbsp;<\/p>\n<p class=\"x_MsoNormal\" style=\"text-align: justify;\"><span style=\"font-size: 14pt; font-family: arial, helvetica, sans-serif;\">Al referirse a su campa\u00f1a pol\u00edtica a dos semanas de arrancar, Faustino Hern\u00e1ndez \u00c1lvarez manifest\u00f3 que se ha caracterizado por mantener un di\u00e1logo abierto e incluyente con todos los sectores, donde se han recogido todo tipo de ideas, propuestas y sugerencias que servir\u00e1 para construir un mejor Culiac\u00e1n para todos.<\/span><\/p>\n<p style=\"text-align: justify;\">&nbsp;<\/p>\n<p class=\"x_MsoNormal\" style=\"text-align: justify;\"><span style=\"font-size: 14pt; font-family: arial, helvetica, sans-serif;\">\u201cNuestra campa\u00f1a est\u00e1 creciendo, va en ascenso, y como dec\u00eda Maqu\u00edo Clouthier, \u00a1Esto ya nadie lo detiene!\u201d<\/span><\/p>\n<p style=\"text-align: justify;\">&nbsp;<\/p>\n<p style=\"text-align: justify;\">&nbsp;<\/p>\n<p style=\"text-align: justify;\"><span style=\"font-size: 14pt; font-family: arial, helvetica, sans-serif;\">REDACCI\u00d3N\/VISI\u00d3N CIUDADANA.<\/span><\/p>\n","protected":false},"excerpt":{"rendered":"<p>&nbsp; Ante la mala calidad y cobertura en los servicios p\u00fablicos que se han recrudecido en esta administraci\u00f3n municipal, el candidato del PRI, PAN y PRD a la Alcald\u00eda de Culiac\u00e1n, Faustino Hern\u00e1ndez \u00c1lvarez, propuso un programa de rescate sin precedentes en la materia, tanto en la zona urbana como rural, a fin de contribuir [&hellip;]<\/p>\n","protected":false},"author":1,"featured_media":340,"comment_status":"closed","ping_status":"closed","sticky":false,"template":"","format":"standard","meta":{"footnotes":""},"categories":[24],"tags":[],"ppma_author":[31],"class_list":["post-16728","post","type-post","status-publish","format-standard","has-post-thumbnail","hentry","category-relevantes"],"aioseo_notices":[],"authors":[{"term_id":31,"user_id":1,"is_guest":0,"slug":"ivan3vino","display_name":"Iv\u00e1n Trevi\u00f1o","avatar_url":{"url":"https:\/\/visionciudadana.com.mx\/oficial\/wp-content\/uploads\/2025\/09\/columna-ivan-Trevino.png","url2x":"https:\/\/visionciudadana.com.mx\/oficial\/wp-content\/uploads\/2025\/09\/columna-ivan-Trevino.png"},"0":null,"1":"","2":"","3":"","4":"","5":"","6":"","7":"","8":""}],"_links":{"self":[{"href":"https:\/\/visionciudadana.com.mx\/oficial\/wp-json\/wp\/v2\/posts\/16728","targetHints":{"allow":["GET"]}}],"collection":[{"href":"https:\/\/visionciudadana.com.mx\/oficial\/wp-json\/wp\/v2\/posts"}],"about":[{"href":"https:\/\/visionciudadana.com.mx\/oficial\/wp-json\/wp\/v2\/types\/post"}],"author":[{"embeddable":true,"href":"https:\/\/visionciudadana.com.mx\/oficial\/wp-json\/wp\/v2\/users\/1"}],"replies":[{"embeddable":true,"href":"https:\/\/visionciudadana.com.mx\/oficial\/wp-json\/wp\/v2\/comments?post=16728"}],"version-history":[{"count":1,"href":"https:\/\/visionciudadana.com.mx\/oficial\/wp-json\/wp\/v2\/posts\/16728\/revisions"}],"predecessor-version":[{"id":31148,"href":"https:\/\/visionciudadana.com.mx\/oficial\/wp-json\/wp\/v2\/posts\/16728\/revisions\/31148"}],"wp:featuredmedia":[{"embeddable":true,"href":"https:\/\/visionciudadana.com.mx\/oficial\/wp-json\/wp\/v2\/posts\/340"}],"wp:attachment":[{"href":"https:\/\/visionciudadana.com.mx\/oficial\/wp-json\/wp\/v2\/media?parent=16728"}],"wp:term":[{"taxonomy":"category","embeddable":true,"href":"https:\/\/visionciudadana.com.mx\/oficial\/wp-json\/wp\/v2\/categories?post=16728"},{"taxonomy":"post_tag","embeddable":true,"href":"https:\/\/visionciudadana.com.mx\/oficial\/wp-json\/wp\/v2\/tags?post=16728"},{"taxonomy":"author","embeddable":true,"href":"https:\/\/visionciudadana.com.mx\/oficial\/wp-json\/wp\/v2\/ppma_author?post=16728"}],"curies":[{"name":"wp","href":"https:\/\/api.w.org\/{rel}","templated":true}]}}