{"id":16726,"date":"2021-04-19T23:19:17","date_gmt":"2021-04-19T23:19:17","guid":{"rendered":"https:\/\/visionciudadana.com.mx\/chio\/2021\/04\/19\/inconstitucional-la-extension-del-ministro-arturo-zaldivar-carlos-castanos\/"},"modified":"2025-06-25T00:16:28","modified_gmt":"2025-06-25T00:16:28","slug":"inconstitucional-la-extension-del-ministro-arturo-zaldivar-carlos-castanos","status":"publish","type":"post","link":"https:\/\/visionciudadana.com.mx\/oficial\/2021\/04\/19\/inconstitucional-la-extension-del-ministro-arturo-zaldivar-carlos-castanos\/","title":{"rendered":"Inconstitucional la extensi\u00f3n del ministro Arturo Zald\u00edvar: Carlos Casta\u00f1os"},"content":{"rendered":"<p>&nbsp;<\/p>\n<div style=\"text-align: justify;\"><span style=\"font-size: 14pt; font-family: arial, helvetica, sans-serif;\">&nbsp;<img fetchpriority=\"high\" decoding=\"async\" src=\"images\/abril21\/casta\u00f1os1.jpg\" alt=\"casta\u00f1os1\" width=\"780\" height=\"420\" style=\"display: block; margin-left: auto; margin-right: auto;\" \/><\/span><\/div>\n<div style=\"text-align: justify;\"><span style=\"font-size: 14pt; font-family: arial, helvetica, sans-serif;\"> Tras la petici\u00f3n para ampliar el mandato del actual Presidente de la Suprema Corte de Justicia de la Naci\u00f3n, Arturo Zald\u00edvar, el Partido Acci\u00f3n Nacional presentar\u00e1 una acci\u00f3n de inconstitucionalidad ante la SCJN en caso de que la C\u00e1mara de Diputados avale la ampliaci\u00f3n del periodo de su presidente dijo el Diputado Federal Panista Carlos Casta\u00f1os.<\/span><\/div>\n<div>&nbsp;<\/div>\n<div>&nbsp;<\/div>\n<div style=\"text-align: justify;\"><span style=\"font-size: 14pt; font-family: arial, helvetica, sans-serif;\">\u201cCon la ratificaci\u00f3n de Zald\u00edvar por parte de la C\u00e1mara de Diputados, los Gobiernos morenistas tendr\u00edan elementos para promover la ampliaci\u00f3n de su mandato, como sucedi\u00f3 en el estado de Baja California con la ya declarada inconstitucional Ley Bonilla\u201d, expres\u00f3 Carlos Casta\u00f1os Valenzuela.<\/span><\/div>\n<div>&nbsp;<\/div>\n<div style=\"text-align: justify;\"><span style=\"font-size: 14pt; font-family: arial, helvetica, sans-serif;\"><\/span><\/div>\n<div style=\"text-align: justify;\"><span style=\"font-size: 14pt; font-family: arial, helvetica, sans-serif;\">El panista resalt\u00f3 que durante la actual Administraci\u00f3n se ha violado permanentemente la Constituci\u00f3n, por lo que el Poder Judicial ha recibido decenas de acciones de inconstitucionalidad que tienen que ver con todos los \u00e1mbitos de la vida nacional.<\/span><\/div>\n<div style=\"text-align: justify;\"><span style=\"font-size: 14pt; font-family: arial, helvetica, sans-serif;\"><\/span><\/div>\n<div style=\"text-align: justify;\"><span style=\"font-size: 14pt; font-family: arial, helvetica, sans-serif;\">Entre ellas, cit\u00f3 los recortes al presupuesto federal, la militarizaci\u00f3n de la Guardia Nacional y otras entidades de la Administraci\u00f3n P\u00fablica federal, el mandato del Gobernador de Baja California y la reforma en materia el\u00e9ctrica.<\/span><\/div>\n<div style=\"text-align: justify;\"><span style=\"font-size: 14pt; font-family: arial, helvetica, sans-serif;\"><\/span><\/div>\n<div style=\"text-align: justify;\"><span style=\"font-size: 14pt; font-family: arial, helvetica, sans-serif;\">\u00abRechazamos con firmeza esta aberraci\u00f3n y albazo legislativo. Es inconstitucional y representa un atentado a la divisi\u00f3n de poderes. Es otra tentaci\u00f3n reeleccionista de ese Gobierno. Por eso exigimos que en la C\u00e1mara de Diputados se rechace por ser claramente inconstitucional, su discusi\u00f3n debe realizarse en parlamento abierto, para que se conozcan todos los puntos de vista y los riesgos que conlleva esta tramposa reforma\u00bb, afirm\u00f3 Casta\u00f1os Valenzuela.<\/span><\/div>\n<div style=\"text-align: justify;\"><span style=\"font-size: 14pt; font-family: arial, helvetica, sans-serif;\"><\/span><\/div>\n<div style=\"text-align: justify;\"><span style=\"font-size: 14pt; font-family: arial, helvetica, sans-serif;\">En tanto, el panista adelant\u00f3 que su grupo parlamentario votar\u00e1 en contra de la ampliaci\u00f3n del mandato del Presidente del m\u00e1ximo tribunal del Pa\u00eds.<\/span><\/div>\n<div style=\"text-align: justify;\"><span style=\"font-size: 14pt; font-family: arial, helvetica, sans-serif;\"><\/span><\/div>\n<div style=\"text-align: justify;\"><span style=\"font-size: 14pt; font-family: arial, helvetica, sans-serif;\">El legislador reiter\u00f3 que si la reforma es aprobada por la mayor\u00eda del Movimiento de Regeneraci\u00f3n Nacional (Morena) y sus aliados, recurrir\u00e1n a una acci\u00f3n de inconstitucionalidad para frenar esa \u00ababerraci\u00f3n\u00bb.<\/span><\/div>\n<div style=\"text-align: justify;\"><span style=\"font-size: 14pt; font-family: arial, helvetica, sans-serif;\"><\/span><\/div>\n<div style=\"text-align: justify;\"><span style=\"font-size: 14pt; font-family: arial, helvetica, sans-serif;\">Estamos por terminar el \u00faltimo periodo ordinario de sesiones de la LXIV Legislatura. Demos a la C\u00e1mara de Diputados el rango que merece, desechando las ocurrencias, los caprichos y el ensayo de modificaciones constitucionales a\u00fan las m\u00e1s atentatorias contra el r\u00e9gimen democr\u00e1tico que nos rige.<\/span><\/div>\n<div style=\"text-align: justify;\">&nbsp;<\/div>\n<div style=\"text-align: justify;\">&nbsp;<\/div>\n<div style=\"text-align: justify;\">&nbsp;<\/div>\n<div style=\"text-align: justify;\"><span style=\"font-size: 14pt; font-family: arial, helvetica, sans-serif;\">REDACCI\u00d3N\/VISI\u00d3N CIUDADANA.<\/span><\/div>\n","protected":false},"excerpt":{"rendered":"<p>&nbsp; &nbsp; Tras la petici\u00f3n para ampliar el mandato del actual Presidente de la Suprema Corte de Justicia de la Naci\u00f3n, Arturo Zald\u00edvar, el Partido Acci\u00f3n Nacional presentar\u00e1 una acci\u00f3n de inconstitucionalidad ante la SCJN en caso de que la C\u00e1mara de Diputados avale la ampliaci\u00f3n del periodo de su presidente dijo el Diputado Federal [&hellip;]<\/p>\n","protected":false},"author":1,"featured_media":336,"comment_status":"closed","ping_status":"closed","sticky":false,"template":"","format":"standard","meta":{"footnotes":""},"categories":[13],"tags":[],"ppma_author":[31],"class_list":["post-16726","post","type-post","status-publish","format-standard","has-post-thumbnail","hentry","category-locales"],"aioseo_notices":[],"authors":[{"term_id":31,"user_id":1,"is_guest":0,"slug":"ivan3vino","display_name":"Iv\u00e1n Trevi\u00f1o","avatar_url":{"url":"https:\/\/visionciudadana.com.mx\/oficial\/wp-content\/uploads\/2025\/09\/columna-ivan-Trevino.png","url2x":"https:\/\/visionciudadana.com.mx\/oficial\/wp-content\/uploads\/2025\/09\/columna-ivan-Trevino.png"},"0":null,"1":"","2":"","3":"","4":"","5":"","6":"","7":"","8":""}],"_links":{"self":[{"href":"https:\/\/visionciudadana.com.mx\/oficial\/wp-json\/wp\/v2\/posts\/16726","targetHints":{"allow":["GET"]}}],"collection":[{"href":"https:\/\/visionciudadana.com.mx\/oficial\/wp-json\/wp\/v2\/posts"}],"about":[{"href":"https:\/\/visionciudadana.com.mx\/oficial\/wp-json\/wp\/v2\/types\/post"}],"author":[{"embeddable":true,"href":"https:\/\/visionciudadana.com.mx\/oficial\/wp-json\/wp\/v2\/users\/1"}],"replies":[{"embeddable":true,"href":"https:\/\/visionciudadana.com.mx\/oficial\/wp-json\/wp\/v2\/comments?post=16726"}],"version-history":[{"count":1,"href":"https:\/\/visionciudadana.com.mx\/oficial\/wp-json\/wp\/v2\/posts\/16726\/revisions"}],"predecessor-version":[{"id":31150,"href":"https:\/\/visionciudadana.com.mx\/oficial\/wp-json\/wp\/v2\/posts\/16726\/revisions\/31150"}],"wp:featuredmedia":[{"embeddable":true,"href":"https:\/\/visionciudadana.com.mx\/oficial\/wp-json\/wp\/v2\/posts\/336"}],"wp:attachment":[{"href":"https:\/\/visionciudadana.com.mx\/oficial\/wp-json\/wp\/v2\/media?parent=16726"}],"wp:term":[{"taxonomy":"category","embeddable":true,"href":"https:\/\/visionciudadana.com.mx\/oficial\/wp-json\/wp\/v2\/categories?post=16726"},{"taxonomy":"post_tag","embeddable":true,"href":"https:\/\/visionciudadana.com.mx\/oficial\/wp-json\/wp\/v2\/tags?post=16726"},{"taxonomy":"author","embeddable":true,"href":"https:\/\/visionciudadana.com.mx\/oficial\/wp-json\/wp\/v2\/ppma_author?post=16726"}],"curies":[{"name":"wp","href":"https:\/\/api.w.org\/{rel}","templated":true}]}}