{"id":16725,"date":"2021-04-19T22:57:37","date_gmt":"2021-04-19T22:57:37","guid":{"rendered":"https:\/\/visionciudadana.com.mx\/chio\/2021\/04\/19\/la-campana-anda-muy-bien-en-todo-sinaloa-rocha-moya\/"},"modified":"2025-06-25T00:16:28","modified_gmt":"2025-06-25T00:16:28","slug":"la-campana-anda-muy-bien-en-todo-sinaloa-rocha-moya","status":"publish","type":"post","link":"https:\/\/visionciudadana.com.mx\/oficial\/2021\/04\/19\/la-campana-anda-muy-bien-en-todo-sinaloa-rocha-moya\/","title":{"rendered":"La campa\u00f1a anda muy bien en todo Sinaloa: Rocha Moya"},"content":{"rendered":"<p style=\"text-align: justify;\"><span style=\"font-size: 14pt; font-family: arial, helvetica, sans-serif;\"><\/span><\/p>\n<div style=\"text-align: justify;\"><span style=\"font-size: 14pt; font-family: arial, helvetica, sans-serif;\">&nbsp;<img decoding=\"async\" src=\"images\/abril21\/rochys.PNG\" alt=\"rochys\" style=\"display: block; margin: 20px auto;\" \/><\/span><\/div>\n<div style=\"text-align: justify;\"><span style=\"font-size: 14pt; font-family: arial, helvetica, sans-serif;\">El candidato de la alianza Morena-PAS a la gubernatura, Rub\u00e9n Rocha Moya afirm\u00f3 que en su campa\u00f1a se trabaja fuertemente todos los d\u00edas, y anda muy bien en todo Sinaloa, a la vez que desminti\u00f3 que haya descendido en las encuestas de la posici\u00f3n en la que se mantiene con ventaja de m\u00e1s del doble.<\/span><\/div>\n<div style=\"text-align: justify;\"><span style=\"font-size: 14pt; font-family: arial, helvetica, sans-serif;\"><\/span><\/div>\n<div style=\"text-align: justify;\"><span style=\"font-size: 14pt; font-family: arial, helvetica, sans-serif;\"><\/span><\/div>\n<div style=\"text-align: justify;\"><span style=\"font-size: 14pt; font-family: arial, helvetica, sans-serif;\">\u201cEs pura especulaci\u00f3n eso, que si baj\u00e9, que si sub\u00ed, es mentira en primer lugar; estamos en buena posici\u00f3n y no nos distraen las encuestas, nosotros hacemos campa\u00f1a\u201d, se\u00f1al\u00f3 entrevistado mientras saludaba a automovilistas en el crucero de \u00c1lvaro Obreg\u00f3n y Universitarios.<\/span><\/div>\n<div style=\"text-align: justify;\"><span style=\"font-size: 14pt; font-family: arial, helvetica, sans-serif;\"><\/span><\/div>\n<div style=\"text-align: justify;\"><span style=\"font-size: 14pt; font-family: arial, helvetica, sans-serif;\"><\/span><\/div>\n<div style=\"text-align: justify;\"><span style=\"font-size: 14pt; font-family: arial, helvetica, sans-serif;\">En otro orden de ideas y a pregunta expresa sobre la denuncia presentada ante las fiscal\u00edas General del estado y Estatal para la atenci\u00f3n de delitos electorales contra el secretario de Pesca estatal, Evelio Plata Inzunza, revel\u00f3 que tambi\u00e9n se denunciar\u00e1 al secretario de Agricultura, Manuel Tarriba Urtuzu\u00e1stegui, y las pruebas contra ambos se ver\u00e1n en su momento en los tribunales.<\/span><\/div>\n<div style=\"text-align: justify;\"><span style=\"font-size: 14pt; font-family: arial, helvetica, sans-serif;\"><\/span><\/div>\n<div style=\"text-align: justify;\"><span style=\"font-size: 14pt; font-family: arial, helvetica, sans-serif;\"><\/span><\/div>\n<div style=\"text-align: justify;\"><span style=\"font-size: 14pt; font-family: arial, helvetica, sans-serif;\">Respecto a que el candidato de la alianza PRI-PAN-PRD anunci\u00f3 que presentar\u00e1 denuncia porque en p\u00e1ginas falsas de internet se difama a su esposa, Rocha Moya se deslind\u00f3 y recalc\u00f3 que no incurrir\u00e1 en campa\u00f1as sucias.&nbsp;<\/span><\/div>\n<div style=\"text-align: justify;\"><span style=\"font-size: 14pt; font-family: arial, helvetica, sans-serif;\"><\/span><\/div>\n<div style=\"text-align: justify;\"><span style=\"font-size: 14pt; font-family: arial, helvetica, sans-serif;\"><\/span><\/div>\n<div style=\"text-align: justify;\"><span style=\"font-size: 14pt; font-family: arial, helvetica, sans-serif;\">\u201cNosotros nada tenemos que ver, y esa no es, ni va a ser, nuestra t\u00f3nica ni nuestra actitud, mi respeto a la familia de Mario y con \u00e9l estoy contendiendo tambi\u00e9n con respeto, no vamos a entrar a campa\u00f1as sucias y menos metiendo a la familia\u201d, puntualiz\u00f3.<\/span><\/div>\n<div style=\"text-align: justify;\"><span style=\"font-size: 14pt; font-family: arial, helvetica, sans-serif;\"><\/span><\/div>\n<div style=\"text-align: justify;\"><span style=\"font-size: 14pt; font-family: arial, helvetica, sans-serif;\"><\/span><\/div>\n<div style=\"text-align: justify;\"><span style=\"font-size: 14pt; font-family: arial, helvetica, sans-serif;\">Sobre las denuncias de que candidatos en Escuinapa y Concordia han recibido amenazas, se\u00f1al\u00f3 que no tiene ese problema y espera que no ocurra, pero en el caso de que suceda lo reportar\u00e1 a las autoridades correspondientes.<\/span><\/div>\n<div style=\"text-align: justify;\"><span style=\"font-size: 14pt; font-family: arial, helvetica, sans-serif;\"><\/span><\/div>\n<div style=\"text-align: justify;\"><span style=\"font-size: 14pt; font-family: arial, helvetica, sans-serif;\"><\/span><\/div>\n<div style=\"text-align: justify;\"><span style=\"font-size: 14pt; font-family: arial, helvetica, sans-serif;\">Rub\u00e9n Rocha Moya inici\u00f3 la jornada proselitista de este lunes saludando a automovilistas en cruceros de la ciudad, acompa\u00f1ado por los brigadistas de Morena y el PAS.<\/span><\/div>\n<div style=\"text-align: justify;\">&nbsp;<\/div>\n<div style=\"text-align: justify;\">&nbsp;<\/div>\n<div style=\"text-align: justify;\">&nbsp;<\/div>\n<div style=\"text-align: justify;\"><span style=\"font-size: 14pt; font-family: arial, helvetica, sans-serif;\">REDACCI\u00d3N\/VISI\u00d3N CIUDADANA.<\/span><\/div>\n","protected":false},"excerpt":{"rendered":"<p>&nbsp; El candidato de la alianza Morena-PAS a la gubernatura, Rub\u00e9n Rocha Moya afirm\u00f3 que en su campa\u00f1a se trabaja fuertemente todos los d\u00edas, y anda muy bien en todo Sinaloa, a la vez que desminti\u00f3 que haya descendido en las encuestas de la posici\u00f3n en la que se mantiene con ventaja de m\u00e1s del [&hellip;]<\/p>\n","protected":false},"author":1,"featured_media":334,"comment_status":"closed","ping_status":"closed","sticky":false,"template":"","format":"standard","meta":{"footnotes":""},"categories":[24],"tags":[],"ppma_author":[31],"class_list":["post-16725","post","type-post","status-publish","format-standard","has-post-thumbnail","hentry","category-relevantes"],"aioseo_notices":[],"authors":[{"term_id":31,"user_id":1,"is_guest":0,"slug":"ivan3vino","display_name":"Iv\u00e1n Trevi\u00f1o","avatar_url":{"url":"https:\/\/visionciudadana.com.mx\/oficial\/wp-content\/uploads\/2025\/09\/columna-ivan-Trevino.png","url2x":"https:\/\/visionciudadana.com.mx\/oficial\/wp-content\/uploads\/2025\/09\/columna-ivan-Trevino.png"},"0":null,"1":"","2":"","3":"","4":"","5":"","6":"","7":"","8":""}],"_links":{"self":[{"href":"https:\/\/visionciudadana.com.mx\/oficial\/wp-json\/wp\/v2\/posts\/16725","targetHints":{"allow":["GET"]}}],"collection":[{"href":"https:\/\/visionciudadana.com.mx\/oficial\/wp-json\/wp\/v2\/posts"}],"about":[{"href":"https:\/\/visionciudadana.com.mx\/oficial\/wp-json\/wp\/v2\/types\/post"}],"author":[{"embeddable":true,"href":"https:\/\/visionciudadana.com.mx\/oficial\/wp-json\/wp\/v2\/users\/1"}],"replies":[{"embeddable":true,"href":"https:\/\/visionciudadana.com.mx\/oficial\/wp-json\/wp\/v2\/comments?post=16725"}],"version-history":[{"count":1,"href":"https:\/\/visionciudadana.com.mx\/oficial\/wp-json\/wp\/v2\/posts\/16725\/revisions"}],"predecessor-version":[{"id":31151,"href":"https:\/\/visionciudadana.com.mx\/oficial\/wp-json\/wp\/v2\/posts\/16725\/revisions\/31151"}],"wp:featuredmedia":[{"embeddable":true,"href":"https:\/\/visionciudadana.com.mx\/oficial\/wp-json\/wp\/v2\/posts\/334"}],"wp:attachment":[{"href":"https:\/\/visionciudadana.com.mx\/oficial\/wp-json\/wp\/v2\/media?parent=16725"}],"wp:term":[{"taxonomy":"category","embeddable":true,"href":"https:\/\/visionciudadana.com.mx\/oficial\/wp-json\/wp\/v2\/categories?post=16725"},{"taxonomy":"post_tag","embeddable":true,"href":"https:\/\/visionciudadana.com.mx\/oficial\/wp-json\/wp\/v2\/tags?post=16725"},{"taxonomy":"author","embeddable":true,"href":"https:\/\/visionciudadana.com.mx\/oficial\/wp-json\/wp\/v2\/ppma_author?post=16725"}],"curies":[{"name":"wp","href":"https:\/\/api.w.org\/{rel}","templated":true}]}}