{"id":16718,"date":"2021-04-15T02:21:36","date_gmt":"2021-04-15T02:21:36","guid":{"rendered":"https:\/\/visionciudadana.com.mx\/chio\/2021\/04\/15\/me-comprometo-a-construir-aqui-en-pericos-una-clinica-de-primeros-auxilios-ruben-rocha-moya\/"},"modified":"2025-06-25T00:16:28","modified_gmt":"2025-06-25T00:16:28","slug":"me-comprometo-a-construir-aqui-en-pericos-una-clinica-de-primeros-auxilios-ruben-rocha-moya","status":"publish","type":"post","link":"https:\/\/visionciudadana.com.mx\/oficial\/2021\/04\/15\/me-comprometo-a-construir-aqui-en-pericos-una-clinica-de-primeros-auxilios-ruben-rocha-moya\/","title":{"rendered":"\u201cMe comprometo a construir aqu\u00ed en Pericos una cl\u00ednica de primeros auxilios\u201d. Rub\u00e9n Rocha Moya."},"content":{"rendered":"<p><img decoding=\"async\" src=\"images\/abril21\/rocha_en_mocorito.jpg\" alt=\"rocha en mocorito\" style=\"display: block; margin: 20px auto;\" \/><\/p>\n<div style=\"text-align: justify;\">&nbsp;<\/div>\n<div style=\"text-align: justify;\"><span style=\"font-size: 14pt; font-family: arial, helvetica, sans-serif;\">Rub\u00e9n Rocha Moya inici\u00f3 por el municipio de Salvador Alvarado, saludando a los vecinos de diferentes colonias y al visitar la plazuela Pedro Infante, concedi\u00f3 a los medios de comunicaci\u00f3n entrevistas, luego se traslad\u00f3 al mercado municipal a saludar a los locatarios, quienes le solicitaron mayor atenci\u00f3n de las autoridades estatales y municipales, despu\u00e9s recibi\u00f3 una invitaci\u00f3n que le hizo Do\u00f1a Naty a comer en su casa, la que acept\u00f3 con gusto.<\/span><\/div>\n<div>&nbsp;<\/div>\n<div style=\"text-align: justify;\"><span style=\"font-size: 14pt; font-family: arial, helvetica, sans-serif;\"><\/span><\/div>\n<div style=\"text-align: justify;\"><span style=\"font-size: 14pt; font-family: arial, helvetica, sans-serif;\">Posteriormente se traslad\u00f3 a la tierra de Arnoldo Mart\u00ednez Verdugo, sindicatura de Pericos, municipio de Mocorito, donde lo esperaban el senador Am\u00e9rico Villarreal Ayala, presidente de la Comisi\u00f3n de Salud del Senado y un grupo de vecinos; las candidatas del PAS-Morena al distrito 10, Ver\u00f3nica Avil\u00e9s Roch\u00ecn y la candidata a la presidencia municipal de Mocorito, Mar\u00eda Elizalde Ruelas, acompa\u00f1ado del presidente del Partido Sinaloense, H\u00e9ctor Melesio Cu\u00e9n Ojeda.<\/span><\/div>\n<div>&nbsp;<\/div>\n<div style=\"text-align: justify;\"><span style=\"font-size: 14pt; font-family: arial, helvetica, sans-serif;\"><\/span><\/div>\n<div style=\"text-align: justify;\"><span style=\"font-size: 14pt; font-family: arial, helvetica, sans-serif;\">El presidente del Partido Sinaloense, H\u00e9ctor Melesio Cu\u00e9n Ojeda, afirm\u00f3 que despu\u00e9s de 11 d\u00edas de campa\u00f1a y de recorrer los 18 municipios del Estado, ya cuentan con un diagnostico real de la problem\u00e1tica de cada uno de los municipios de Sinaloa. Nuestra meta, visitar las 144 sindicaturas del estado.<\/span><\/div>\n<div style=\"text-align: justify;\">&nbsp;<\/div>\n<div style=\"text-align: justify;\"><span style=\"font-size: 14pt; font-family: arial, helvetica, sans-serif;\"><\/span><\/div>\n<div style=\"text-align: justify;\"><span style=\"font-size: 14pt; font-family: arial, helvetica, sans-serif;\">Mar\u00eda Elizalde Ruelas, destac\u00f3 que la visi\u00f3n pol\u00edtica de encausar el presupuesto a la poblaci\u00f3n que menos tienen por medio de los programas sociales es un gran acierto de este gobierno federal y que se replicar\u00e1 en Sinaloa siendo gobernador del estado Rub\u00e9n Rocha Moya.<\/span><\/div>\n<div style=\"text-align: justify;\">&nbsp;<\/div>\n<div style=\"text-align: justify;\"><span style=\"font-size: 14pt; font-family: arial, helvetica, sans-serif;\"><\/span><\/div>\n<div style=\"text-align: justify;\"><span style=\"font-size: 14pt; font-family: arial, helvetica, sans-serif;\">El candidato a la gubernatura por PAS-Morena, Rub\u00e9n Rocha Moya, record\u00f3 que Pericos forma parte de su vida ya que aqu\u00ed vivi\u00f3 algunos a\u00f1os de su infancia, aqu\u00ed curs\u00f3 dos a\u00f1os de primaria y tienes grandes amigos.<\/span><\/div>\n<div style=\"text-align: justify;\">&nbsp;<\/div>\n<div style=\"text-align: justify;\"><span style=\"font-size: 14pt; font-family: arial, helvetica, sans-serif;\"><\/span><\/div>\n<div style=\"text-align: justify;\"><span style=\"font-size: 14pt; font-family: arial, helvetica, sans-serif;\">\u201cUno de mis ejes rectores es ayudar a la gente que menos tiene, \u00bfC\u00f3mo hacerlo?, en nuestro gobierno no habr\u00e1 moches, no le exigiremos el diez por ciento a los proveedores, combatiremos la corrupci\u00f3n, no vamos a condonar impuestos a nadie, y con esos ahorros vamos a invertir en las comunidades rurales, en las familias m\u00e1s vulnerables, ampliar las becas de manutenci\u00f3n para estudiantes, establecer cl\u00ednicas en comunidades de atenci\u00f3n inmediata, entre otros programas sociales\u201d, manifest\u00f3 Rub\u00e9n Rocha Moya.<\/span><\/div>\n<div style=\"text-align: justify;\">&nbsp;<\/div>\n<div style=\"text-align: justify;\"><span style=\"font-size: 14pt; font-family: arial, helvetica, sans-serif;\"><\/span><\/div>\n<div style=\"text-align: justify;\"><span style=\"font-size: 14pt; font-family: arial, helvetica, sans-serif;\">Me comprometo a gestionar la carretera de Rancho Viejo a la autopista La Costera, atender la falta de agua en especial de esta sindicatura de Pericos, especialmente construir una cl\u00ednica de primeros auxilios. me comprometo, para todo el estado, que instalar\u00e9 un gobierno transparente, de rendici\u00f3n de cuentas, que no robe, que no enga\u00f1e y que no traicione al pueblo, finaliz\u00f3 diciendo el candidato a la gubernatura por el PAS-Morena, Rub\u00e9n Rocha Moya<\/span><\/div>\n<div style=\"text-align: justify;\">&nbsp;<\/div>\n<div style=\"text-align: justify;\">&nbsp;<\/div>\n<div style=\"text-align: justify;\">&nbsp;<\/div>\n<div style=\"text-align: justify;\"><span style=\"font-size: 14pt; font-family: arial, helvetica, sans-serif;\">REDACCI\u00d3N\/VISI\u00d3N CIUDADANA.<\/span><\/div>\n","protected":false},"excerpt":{"rendered":"<p>&nbsp; Rub\u00e9n Rocha Moya inici\u00f3 por el municipio de Salvador Alvarado, saludando a los vecinos de diferentes colonias y al visitar la plazuela Pedro Infante, concedi\u00f3 a los medios de comunicaci\u00f3n entrevistas, luego se traslad\u00f3 al mercado municipal a saludar a los locatarios, quienes le solicitaron mayor atenci\u00f3n de las autoridades estatales y municipales, despu\u00e9s [&hellip;]<\/p>\n","protected":false},"author":1,"featured_media":326,"comment_status":"closed","ping_status":"closed","sticky":false,"template":"","format":"standard","meta":{"footnotes":""},"categories":[24],"tags":[],"ppma_author":[31],"class_list":["post-16718","post","type-post","status-publish","format-standard","has-post-thumbnail","hentry","category-relevantes"],"aioseo_notices":[],"authors":[{"term_id":31,"user_id":1,"is_guest":0,"slug":"ivan3vino","display_name":"Iv\u00e1n Trevi\u00f1o","avatar_url":{"url":"https:\/\/visionciudadana.com.mx\/oficial\/wp-content\/uploads\/2025\/09\/columna-ivan-Trevino.png","url2x":"https:\/\/visionciudadana.com.mx\/oficial\/wp-content\/uploads\/2025\/09\/columna-ivan-Trevino.png"},"0":null,"1":"","2":"","3":"","4":"","5":"","6":"","7":"","8":""}],"_links":{"self":[{"href":"https:\/\/visionciudadana.com.mx\/oficial\/wp-json\/wp\/v2\/posts\/16718","targetHints":{"allow":["GET"]}}],"collection":[{"href":"https:\/\/visionciudadana.com.mx\/oficial\/wp-json\/wp\/v2\/posts"}],"about":[{"href":"https:\/\/visionciudadana.com.mx\/oficial\/wp-json\/wp\/v2\/types\/post"}],"author":[{"embeddable":true,"href":"https:\/\/visionciudadana.com.mx\/oficial\/wp-json\/wp\/v2\/users\/1"}],"replies":[{"embeddable":true,"href":"https:\/\/visionciudadana.com.mx\/oficial\/wp-json\/wp\/v2\/comments?post=16718"}],"version-history":[{"count":1,"href":"https:\/\/visionciudadana.com.mx\/oficial\/wp-json\/wp\/v2\/posts\/16718\/revisions"}],"predecessor-version":[{"id":31152,"href":"https:\/\/visionciudadana.com.mx\/oficial\/wp-json\/wp\/v2\/posts\/16718\/revisions\/31152"}],"wp:featuredmedia":[{"embeddable":true,"href":"https:\/\/visionciudadana.com.mx\/oficial\/wp-json\/wp\/v2\/posts\/326"}],"wp:attachment":[{"href":"https:\/\/visionciudadana.com.mx\/oficial\/wp-json\/wp\/v2\/media?parent=16718"}],"wp:term":[{"taxonomy":"category","embeddable":true,"href":"https:\/\/visionciudadana.com.mx\/oficial\/wp-json\/wp\/v2\/categories?post=16718"},{"taxonomy":"post_tag","embeddable":true,"href":"https:\/\/visionciudadana.com.mx\/oficial\/wp-json\/wp\/v2\/tags?post=16718"},{"taxonomy":"author","embeddable":true,"href":"https:\/\/visionciudadana.com.mx\/oficial\/wp-json\/wp\/v2\/ppma_author?post=16718"}],"curies":[{"name":"wp","href":"https:\/\/api.w.org\/{rel}","templated":true}]}}