{"id":16717,"date":"2021-04-15T02:16:33","date_gmt":"2021-04-15T02:16:33","guid":{"rendered":"https:\/\/visionciudadana.com.mx\/chio\/2021\/04\/15\/tenemos-una-deuda-social-con-el-estero-de-juan-jose-rios-gerardo-vargas\/"},"modified":"2025-06-25T00:16:28","modified_gmt":"2025-06-25T00:16:28","slug":"tenemos-una-deuda-social-con-el-estero-de-juan-jose-rios-gerardo-vargas","status":"publish","type":"post","link":"https:\/\/visionciudadana.com.mx\/oficial\/2021\/04\/15\/tenemos-una-deuda-social-con-el-estero-de-juan-jose-rios-gerardo-vargas\/","title":{"rendered":"Tenemos una deuda social con el Estero de Juan Jos\u00e9 R\u00edos: Gerardo Vargas"},"content":{"rendered":"<p><img decoding=\"async\" src=\"images\/abril21\/gera_vargaz.PNG\" alt=\"gera vargaz\" style=\"display: block; margin: 20px auto;\" \/><\/p>\n<p>&nbsp;<\/p>\n<p style=\"text-align: justify;\"><span style=\"font-size: 14pt; font-family: arial, helvetica, sans-serif;\">Luego de se\u00f1alar que \u201cseguimos teniendo una deuda social con el Estero de Juan Jos\u00e9 R\u00edos, Gerardo Vargas Landeros, aspirante a la alcald\u00eda de Ahome, por Morena-PAS, destac\u00f3 que para sacar de la marginaci\u00f3n a esta zona se necesita que llegue la 4T, a Ahome, pero, la \u00fanica manera que llegue es votando por Morena, 4 de 4, el pr\u00f3ximo 6 de junio.<\/span><\/p>\n<p style=\"text-align: justify;\">&nbsp;<\/p>\n<p style=\"text-align: justify;\"><span style=\"font-size: 14pt; font-family: arial, helvetica, sans-serif;\">Ante un nutrido grupo de vecinos de este campo pesquero que se reunieron bajo la sombra de frondosos \u00e1rboles, para charlar con el candidato a la presidencia municipal, para hacerle part\u00edcipe de la problem\u00e1tica que enfrentan comoes la falta de la calidad del agua potable, la disminuci\u00f3n en el suministro de agua, alumbrado p\u00fablico, luminarias, embellecimiento de los parques, entre otras.<\/span><\/p>\n<p style=\"text-align: justify;\">&nbsp;<\/p>\n<p style=\"text-align: justify;\"><span style=\"font-size: 14pt; font-family: arial, helvetica, sans-serif;\">Ah\u00ed, Gerardo Vargas, despu\u00e9s de escuchar de la gente cada uno de los planteamientos, expres\u00f3 que ten\u00eda conocimiento de dichos problemas, por el hecho de que el Estero tiene la particularidad que hermana con el municipio de Guasave. Adem\u00e1s, en 2002-2003 se reunieron los presidente municipales de Ahome y Guasave, junto con los 2 gerentes de las Juntas de Agua Potable, \u00e9l era uno de ellos, en donde se acord\u00f3 que el Ayuntamiento de Ahome realizar\u00eda un clarificador con capacidad de 100 litros por segundos, para dar suministro de agua a esta zona en los pr\u00f3ximos 30 \u00f3 40 a\u00f1os, a toda la ciudad de Juan Jos\u00e9 R\u00edos, incluyendo el Estero, mientras que a Guasave, le correspondi\u00f3 la instalaci\u00f3n de los colectores para drenaje.<\/span><\/p>\n<p style=\"text-align: justify;\">&nbsp;<\/p>\n<p style=\"text-align: justify;\"><span style=\"font-size: 14pt; font-family: arial, helvetica, sans-serif;\">La comuna de Ahome cumpli\u00f3 su compromiso, e inaugur\u00f3 la planta de agua, en tanto, que las autoridades municipales de Guasave, dejaron inconclusa dicha obra, coment\u00f3, ante el asentimiento de todos los presentes, quienes se deleitaban con el fresco atardecer bajo los \u00e1rboles.<\/span><\/p>\n<p style=\"text-align: justify;\">&nbsp;<\/p>\n<p style=\"text-align: justify;\"><span style=\"font-size: 14pt; font-family: arial, helvetica, sans-serif;\">El aspirante a la alcald\u00eda de Ahome-PAS-Morena asegur\u00f3 \u201csi ustedes me ayudan con el voto, 4 de 4 para Morena, para el candidato a regidor Antonio Men\u00e9ndez, la candidata a diputada local por el 4 distrito, Elizabeth Ch\u00eda Galaviz; la candidata a diputada federal por el distrito 02, Ana Ayala, y el m\u00edo, todos juntos habremos de pedirle a nuestro pr\u00f3ximo gobernador, Rub\u00e9n Rocha Moya, que haga posible estas obras, porque no se puede estar as\u00ed. Ay\u00fadenos, vamos haciendo que a esta zona tan importante de Sinaloa llegue la 4T, pero, la \u00fanica manera que llegue es votando por Morena, pero, parejo, para sacar de este rezago al Estero de Juan Jos\u00e9 R\u00edos\u201d.<\/span><\/p>\n<p style=\"text-align: justify;\">&nbsp;<\/p>\n<p style=\"text-align: justify;\"><span style=\"font-size: 14pt; font-family: arial, helvetica, sans-serif;\">\u201cCon ese voto nos contratan los pr\u00f3ximos 3 a\u00f1os y nosotros seremos sus empleados, y vendremos a rendirles cuentas de estas necesidades que nos est\u00e1n pidiendo, no nomas es el drenaje, la pavimentaci\u00f3n, es un tema de alumbrado, un tema de embellecimiento de los parques p\u00fablicos, vivienda, hay muchas cosas que les hacen falta y la \u00fanica manera que lleguen aqu\u00ed es que llegue la 4T, que llegue el pensamiento y la filosof\u00eda de nuestros presidente Andr\u00e9s Manuel L\u00f3pez Obrador, as\u00ed que la soluci\u00f3n de sus problemas ustedes la tienen el pr\u00f3ximo 6 de junio\u201d, precis\u00f3 Gerardo Vargas.<\/span><\/p>\n<p style=\"text-align: justify;\">&nbsp;<\/p>\n<p style=\"text-align: justify;\">&nbsp;<\/p>\n<p style=\"text-align: justify;\"><span style=\"font-size: 14pt; font-family: arial, helvetica, sans-serif;\">REDACCI\u00d3N\/VISI\u00d3N CIUDADANA.<\/span><\/p>\n","protected":false},"excerpt":{"rendered":"<p>&nbsp; Luego de se\u00f1alar que \u201cseguimos teniendo una deuda social con el Estero de Juan Jos\u00e9 R\u00edos, Gerardo Vargas Landeros, aspirante a la alcald\u00eda de Ahome, por Morena-PAS, destac\u00f3 que para sacar de la marginaci\u00f3n a esta zona se necesita que llegue la 4T, a Ahome, pero, la \u00fanica manera que llegue es votando por [&hellip;]<\/p>\n","protected":false},"author":1,"featured_media":324,"comment_status":"closed","ping_status":"closed","sticky":false,"template":"","format":"standard","meta":{"footnotes":""},"categories":[24],"tags":[],"ppma_author":[31],"class_list":["post-16717","post","type-post","status-publish","format-standard","has-post-thumbnail","hentry","category-relevantes"],"aioseo_notices":[],"authors":[{"term_id":31,"user_id":1,"is_guest":0,"slug":"ivan3vino","display_name":"Iv\u00e1n Trevi\u00f1o","avatar_url":{"url":"https:\/\/visionciudadana.com.mx\/oficial\/wp-content\/uploads\/2025\/09\/columna-ivan-Trevino.png","url2x":"https:\/\/visionciudadana.com.mx\/oficial\/wp-content\/uploads\/2025\/09\/columna-ivan-Trevino.png"},"0":null,"1":"","2":"","3":"","4":"","5":"","6":"","7":"","8":""}],"_links":{"self":[{"href":"https:\/\/visionciudadana.com.mx\/oficial\/wp-json\/wp\/v2\/posts\/16717","targetHints":{"allow":["GET"]}}],"collection":[{"href":"https:\/\/visionciudadana.com.mx\/oficial\/wp-json\/wp\/v2\/posts"}],"about":[{"href":"https:\/\/visionciudadana.com.mx\/oficial\/wp-json\/wp\/v2\/types\/post"}],"author":[{"embeddable":true,"href":"https:\/\/visionciudadana.com.mx\/oficial\/wp-json\/wp\/v2\/users\/1"}],"replies":[{"embeddable":true,"href":"https:\/\/visionciudadana.com.mx\/oficial\/wp-json\/wp\/v2\/comments?post=16717"}],"version-history":[{"count":1,"href":"https:\/\/visionciudadana.com.mx\/oficial\/wp-json\/wp\/v2\/posts\/16717\/revisions"}],"predecessor-version":[{"id":31153,"href":"https:\/\/visionciudadana.com.mx\/oficial\/wp-json\/wp\/v2\/posts\/16717\/revisions\/31153"}],"wp:featuredmedia":[{"embeddable":true,"href":"https:\/\/visionciudadana.com.mx\/oficial\/wp-json\/wp\/v2\/posts\/324"}],"wp:attachment":[{"href":"https:\/\/visionciudadana.com.mx\/oficial\/wp-json\/wp\/v2\/media?parent=16717"}],"wp:term":[{"taxonomy":"category","embeddable":true,"href":"https:\/\/visionciudadana.com.mx\/oficial\/wp-json\/wp\/v2\/categories?post=16717"},{"taxonomy":"post_tag","embeddable":true,"href":"https:\/\/visionciudadana.com.mx\/oficial\/wp-json\/wp\/v2\/tags?post=16717"},{"taxonomy":"author","embeddable":true,"href":"https:\/\/visionciudadana.com.mx\/oficial\/wp-json\/wp\/v2\/ppma_author?post=16717"}],"curies":[{"name":"wp","href":"https:\/\/api.w.org\/{rel}","templated":true}]}}