{"id":16716,"date":"2021-04-15T02:07:31","date_gmt":"2021-04-15T02:07:31","guid":{"rendered":"https:\/\/visionciudadana.com.mx\/chio\/2021\/04\/15\/alianza-va-por-sinaloa-es-la-mejor-opcion-y-la-que-nos-convence-para-formar-equipo\/"},"modified":"2025-06-25T00:16:28","modified_gmt":"2025-06-25T00:16:28","slug":"alianza-va-por-sinaloa-es-la-mejor-opcion-y-la-que-nos-convence-para-formar-equipo","status":"publish","type":"post","link":"https:\/\/visionciudadana.com.mx\/oficial\/2021\/04\/15\/alianza-va-por-sinaloa-es-la-mejor-opcion-y-la-que-nos-convence-para-formar-equipo\/","title":{"rendered":"Alianza \u00abVa por Sinaloa\u00bb es la mejor opci\u00f3n y la que nos convence para formar equipo"},"content":{"rendered":"<p>&nbsp;<\/p>\n<p><img fetchpriority=\"high\" decoding=\"async\" src=\"images\/abril21\/alejo.jpg\" alt=\"alejo\" width=\"780\" height=\"420\" style=\"display: block; margin: 20px auto;\" \/><\/p>\n<p style=\"text-align: justify;\"><span class=\"\" style=\"font-size: 14pt; font-family: arial, helvetica, sans-serif;\">Alianza \u201cVa por Sinaloa\u201d me recibe con los brazos abiertos. Tanto Mario Zamora como Faustino Hern\u00e1ndez son hombres de palabra, de trabajo y de familia una hoja de vida que nos convence y que creemos es la correcta para nosotros y para todo un equipo que decidi\u00f3 renunciar a movimiento ciudadano. <\/span><\/p>\n<p style=\"text-align: justify;\">&nbsp;<\/p>\n<p style=\"text-align: justify;\"><span class=\"\" style=\"font-size: 14pt; font-family: arial, helvetica, sans-serif;\">Se\u00f1al\u00f3 el tiempo que permaneci\u00f3 en Movimiento Ciudadano fortaleci\u00f3 el trabajo de este en las colonias de lo que hoy, da la vuelta a la p\u00e1gina.<\/span><\/p>\n<p style=\"text-align: justify;\">&nbsp;<\/p>\n<p style=\"text-align: justify;\"><span class=\"\" style=\"font-size: 14pt; font-family: arial, helvetica, sans-serif;\"> \u201cA Movimiento Ciudadano lo encontramos en la basura, y en la basura lo dejamos, solo, des quebrajado y con un gerente, movimiento ciudadano est\u00e1 solo con candidatos de relleno e improvisados y con otros prepotentes y soberbios\u201d.<\/span><\/p>\n<p style=\"text-align: justify;\">&nbsp;<\/p>\n<p style=\"text-align: justify;\"><span style=\"font-size: 14pt; font-family: arial, helvetica, sans-serif;\">REDACCI\u00d3N\/VISI\u00d3N CIUDADANA.<\/span><\/p>\n<div class=\"Igw0E IwRSH eGOV_ _4EzTm pjcA_ aGBdT\">\n<div class=\"_7UhW9 PIoXz MMzan _0PwGv uL8Hv\">&nbsp;<\/div>\n<\/div>\n","protected":false},"excerpt":{"rendered":"<p>&nbsp; Alianza \u201cVa por Sinaloa\u201d me recibe con los brazos abiertos. Tanto Mario Zamora como Faustino Hern\u00e1ndez son hombres de palabra, de trabajo y de familia una hoja de vida que nos convence y que creemos es la correcta para nosotros y para todo un equipo que decidi\u00f3 renunciar a movimiento ciudadano. &nbsp; Se\u00f1al\u00f3 el [&hellip;]<\/p>\n","protected":false},"author":1,"featured_media":322,"comment_status":"closed","ping_status":"closed","sticky":false,"template":"","format":"standard","meta":{"footnotes":""},"categories":[24],"tags":[],"ppma_author":[31],"class_list":["post-16716","post","type-post","status-publish","format-standard","has-post-thumbnail","hentry","category-relevantes"],"aioseo_notices":[],"authors":[{"term_id":31,"user_id":1,"is_guest":0,"slug":"ivan3vino","display_name":"Iv\u00e1n Trevi\u00f1o","avatar_url":{"url":"https:\/\/visionciudadana.com.mx\/oficial\/wp-content\/uploads\/2025\/09\/columna-ivan-Trevino.png","url2x":"https:\/\/visionciudadana.com.mx\/oficial\/wp-content\/uploads\/2025\/09\/columna-ivan-Trevino.png"},"0":null,"1":"","2":"","3":"","4":"","5":"","6":"","7":"","8":""}],"_links":{"self":[{"href":"https:\/\/visionciudadana.com.mx\/oficial\/wp-json\/wp\/v2\/posts\/16716","targetHints":{"allow":["GET"]}}],"collection":[{"href":"https:\/\/visionciudadana.com.mx\/oficial\/wp-json\/wp\/v2\/posts"}],"about":[{"href":"https:\/\/visionciudadana.com.mx\/oficial\/wp-json\/wp\/v2\/types\/post"}],"author":[{"embeddable":true,"href":"https:\/\/visionciudadana.com.mx\/oficial\/wp-json\/wp\/v2\/users\/1"}],"replies":[{"embeddable":true,"href":"https:\/\/visionciudadana.com.mx\/oficial\/wp-json\/wp\/v2\/comments?post=16716"}],"version-history":[{"count":1,"href":"https:\/\/visionciudadana.com.mx\/oficial\/wp-json\/wp\/v2\/posts\/16716\/revisions"}],"predecessor-version":[{"id":31154,"href":"https:\/\/visionciudadana.com.mx\/oficial\/wp-json\/wp\/v2\/posts\/16716\/revisions\/31154"}],"wp:featuredmedia":[{"embeddable":true,"href":"https:\/\/visionciudadana.com.mx\/oficial\/wp-json\/wp\/v2\/posts\/322"}],"wp:attachment":[{"href":"https:\/\/visionciudadana.com.mx\/oficial\/wp-json\/wp\/v2\/media?parent=16716"}],"wp:term":[{"taxonomy":"category","embeddable":true,"href":"https:\/\/visionciudadana.com.mx\/oficial\/wp-json\/wp\/v2\/categories?post=16716"},{"taxonomy":"post_tag","embeddable":true,"href":"https:\/\/visionciudadana.com.mx\/oficial\/wp-json\/wp\/v2\/tags?post=16716"},{"taxonomy":"author","embeddable":true,"href":"https:\/\/visionciudadana.com.mx\/oficial\/wp-json\/wp\/v2\/ppma_author?post=16716"}],"curies":[{"name":"wp","href":"https:\/\/api.w.org\/{rel}","templated":true}]}}