{"id":16715,"date":"2021-04-15T01:58:51","date_gmt":"2021-04-15T01:58:51","guid":{"rendered":"https:\/\/visionciudadana.com.mx\/chio\/2021\/04\/15\/proyecto-del-metrobus-impulsado-por-estrada-ferreiro-ya-cuenta-con-firma-de-convenio-para-iniciar-con-la-licitaciones\/"},"modified":"2025-06-25T00:16:29","modified_gmt":"2025-06-25T00:16:29","slug":"proyecto-del-metrobus-impulsado-por-estrada-ferreiro-ya-cuenta-con-firma-de-convenio-para-iniciar-con-la-licitaciones","status":"publish","type":"post","link":"https:\/\/visionciudadana.com.mx\/oficial\/2021\/04\/15\/proyecto-del-metrobus-impulsado-por-estrada-ferreiro-ya-cuenta-con-firma-de-convenio-para-iniciar-con-la-licitaciones\/","title":{"rendered":"Proyecto del metrobus impulsado por Estrada Ferreiro ya cuenta con firma de convenio para iniciar con la licitaciones"},"content":{"rendered":"<p style=\"text-align: justify;\"><span style=\"font-size: 14pt; font-family: arial, helvetica, sans-serif;\"><\/span><\/p>\n<div style=\"text-align: justify;\"><span style=\"font-size: 14pt; font-family: arial, helvetica, sans-serif;\">&nbsp;<img fetchpriority=\"high\" decoding=\"async\" src=\"images\/abril21\/metrobus.jpg\" alt=\"metrobus\" width=\"780\" height=\"420\" style=\"display: block; margin-left: auto; margin-right: auto;\" \/><\/span><\/div>\n<div style=\"text-align: justify;\"><span style=\"font-size: 14pt; font-family: arial, helvetica, sans-serif;\"><\/span><\/div>\n<div style=\"text-align: justify;\"><span style=\"font-size: 14pt; font-family: arial, helvetica, sans-serif;\">El proyecto del metrobus impulsado en la administraci\u00f3n del Lic. Jes\u00fas Estrada Ferreiro, ha sido firmado por el candidato a&nbsp; la alcald\u00eda del municipio de Culiac\u00e1n, y los funcionarios involucrados por parte del Ayuntamiento de Culiac\u00e1n y el Gobierno del Estado.<\/span><\/div>\n<div style=\"text-align: justify;\"><span style=\"font-size: 14pt; font-family: arial, helvetica, sans-serif;\"><\/span><\/div>\n<div style=\"text-align: justify;\"><span style=\"font-size: 14pt; font-family: arial, helvetica, sans-serif;\"><\/span><\/div>\n<div style=\"text-align: justify;\"><span style=\"font-size: 14pt; font-family: arial, helvetica, sans-serif;\">La obra magna de transporte para la capital sinaloense que mejorar\u00e1 el desplazamiento de la ciudadan\u00eda, avanza para convertirse en una realidad.<\/span><\/div>\n<div style=\"text-align: justify;\"><span style=\"font-size: 14pt; font-family: arial, helvetica, sans-serif;\"><\/span><\/div>\n<div style=\"text-align: justify;\"><span style=\"font-size: 14pt; font-family: arial, helvetica, sans-serif;\"><\/span><\/div>\n<div style=\"text-align: justify;\"><span style=\"font-size: 14pt; font-family: arial, helvetica, sans-serif;\">\u201cMi camioneta estacionada en el Ayuntamiento obedece a que fui a firmar el convenio que me hablaron de con Oth\u00f3n, habl\u00e9 con el Gobernador para que me pasara el convenio para firma del metrobus que estaba atorado por ah\u00ed, firm\u00f3 el Secretario del Ayuntamiento, la Tesorera, firm\u00e9 yo\u201d.<\/span><\/div>\n<div style=\"text-align: justify;\"><span style=\"font-size: 14pt; font-family: arial, helvetica, sans-serif;\"><\/span><\/div>\n<div style=\"text-align: justify;\"><span style=\"font-size: 14pt; font-family: arial, helvetica, sans-serif;\"><\/span><\/div>\n<div style=\"text-align: justify;\"><span style=\"font-size: 14pt; font-family: arial, helvetica, sans-serif;\">Por su impacto, el metrobus requerir\u00e1 diversas adecuaciones a la infraestructura, indic\u00f3 Estrada Ferreiro, tales como instalaci\u00f3n de concreto hidr\u00e1ulico y ampliaciones de bulevares como el S\u00e1nchez Alonso a las inmediaciones de la colonia Loma de Rodriguera.<\/span><\/div>\n<div style=\"text-align: justify;\"><span style=\"font-size: 14pt; font-family: arial, helvetica, sans-serif;\"><\/span><\/div>\n<div style=\"text-align: justify;\"><span style=\"font-size: 14pt; font-family: arial, helvetica, sans-serif;\"><\/span><\/div>\n<div style=\"text-align: justify;\"><span style=\"font-size: 14pt; font-family: arial, helvetica, sans-serif;\">\u201cEl presidente le pregunt\u00f3 al director de Banobras por c\u00f3mo iba el asunto y dijo que faltaba el convenio, me hablaron, y me aboque a localizar el convenio, ya lo sacamos, lo firm\u00f3 el Gobernador, yo fui al Ayuntamiento a firmar precisamente ayer, el d\u00eda de hoy deber estar en manos del Gobierno del Estado para que sea enviado a M\u00e9xico.<\/span><\/div>\n<div style=\"text-align: justify;\"><span style=\"font-size: 14pt; font-family: arial, helvetica, sans-serif;\"><\/span><\/div>\n<div style=\"text-align: justify;\"><span style=\"font-size: 14pt; font-family: arial, helvetica, sans-serif;\"><\/span><\/div>\n<div style=\"text-align: justify;\"><span style=\"font-size: 14pt; font-family: arial, helvetica, sans-serif;\">El candidato de la alianza Morena-Pas Lic, Jes\u00fas Estrada Ferreiro, afirm\u00f3 que el siguiente paso del sistema de metrobus es iniciar la licitaci\u00f3n y con ello una vez aterrizada la obra traer\u00e1 beneficios enormes a la econom\u00eda del municipio, y la agilizaci\u00f3n de los tiempos de traslado de la ciudadan\u00eda.<\/span><\/div>\n<div style=\"text-align: justify;\">&nbsp;<\/div>\n<div style=\"text-align: justify;\">&nbsp;<\/div>\n<div style=\"text-align: justify;\"><span style=\"font-size: 14pt; font-family: arial, helvetica, sans-serif;\">REDACCI\u00d3N\/VISI\u00d3N CIUDADANA.<\/span><\/div>\n","protected":false},"excerpt":{"rendered":"<p>&nbsp; El proyecto del metrobus impulsado en la administraci\u00f3n del Lic. Jes\u00fas Estrada Ferreiro, ha sido firmado por el candidato a&nbsp; la alcald\u00eda del municipio de Culiac\u00e1n, y los funcionarios involucrados por parte del Ayuntamiento de Culiac\u00e1n y el Gobierno del Estado. La obra magna de transporte para la capital sinaloense que mejorar\u00e1 el desplazamiento [&hellip;]<\/p>\n","protected":false},"author":1,"featured_media":320,"comment_status":"closed","ping_status":"closed","sticky":false,"template":"","format":"standard","meta":{"footnotes":""},"categories":[24],"tags":[],"ppma_author":[31],"class_list":["post-16715","post","type-post","status-publish","format-standard","has-post-thumbnail","hentry","category-relevantes"],"aioseo_notices":[],"authors":[{"term_id":31,"user_id":1,"is_guest":0,"slug":"ivan3vino","display_name":"Iv\u00e1n Trevi\u00f1o","avatar_url":{"url":"https:\/\/visionciudadana.com.mx\/oficial\/wp-content\/uploads\/2025\/09\/columna-ivan-Trevino.png","url2x":"https:\/\/visionciudadana.com.mx\/oficial\/wp-content\/uploads\/2025\/09\/columna-ivan-Trevino.png"},"0":null,"1":"","2":"","3":"","4":"","5":"","6":"","7":"","8":""}],"_links":{"self":[{"href":"https:\/\/visionciudadana.com.mx\/oficial\/wp-json\/wp\/v2\/posts\/16715","targetHints":{"allow":["GET"]}}],"collection":[{"href":"https:\/\/visionciudadana.com.mx\/oficial\/wp-json\/wp\/v2\/posts"}],"about":[{"href":"https:\/\/visionciudadana.com.mx\/oficial\/wp-json\/wp\/v2\/types\/post"}],"author":[{"embeddable":true,"href":"https:\/\/visionciudadana.com.mx\/oficial\/wp-json\/wp\/v2\/users\/1"}],"replies":[{"embeddable":true,"href":"https:\/\/visionciudadana.com.mx\/oficial\/wp-json\/wp\/v2\/comments?post=16715"}],"version-history":[{"count":1,"href":"https:\/\/visionciudadana.com.mx\/oficial\/wp-json\/wp\/v2\/posts\/16715\/revisions"}],"predecessor-version":[{"id":31155,"href":"https:\/\/visionciudadana.com.mx\/oficial\/wp-json\/wp\/v2\/posts\/16715\/revisions\/31155"}],"wp:featuredmedia":[{"embeddable":true,"href":"https:\/\/visionciudadana.com.mx\/oficial\/wp-json\/wp\/v2\/posts\/320"}],"wp:attachment":[{"href":"https:\/\/visionciudadana.com.mx\/oficial\/wp-json\/wp\/v2\/media?parent=16715"}],"wp:term":[{"taxonomy":"category","embeddable":true,"href":"https:\/\/visionciudadana.com.mx\/oficial\/wp-json\/wp\/v2\/categories?post=16715"},{"taxonomy":"post_tag","embeddable":true,"href":"https:\/\/visionciudadana.com.mx\/oficial\/wp-json\/wp\/v2\/tags?post=16715"},{"taxonomy":"author","embeddable":true,"href":"https:\/\/visionciudadana.com.mx\/oficial\/wp-json\/wp\/v2\/ppma_author?post=16715"}],"curies":[{"name":"wp","href":"https:\/\/api.w.org\/{rel}","templated":true}]}}