{"id":16714,"date":"2021-04-15T01:54:51","date_gmt":"2021-04-15T01:54:51","guid":{"rendered":"https:\/\/visionciudadana.com.mx\/chio\/2021\/04\/15\/estoy-seguro-que-martin-heredia-va-a-ganar-la-alcaldia-de-mazatlan-sergio-torres\/"},"modified":"2025-06-25T00:16:29","modified_gmt":"2025-06-25T00:16:29","slug":"estoy-seguro-que-martin-heredia-va-a-ganar-la-alcaldia-de-mazatlan-sergio-torres","status":"publish","type":"post","link":"https:\/\/visionciudadana.com.mx\/oficial\/2021\/04\/15\/estoy-seguro-que-martin-heredia-va-a-ganar-la-alcaldia-de-mazatlan-sergio-torres\/","title":{"rendered":"Estoy seguro que Martin Heredia va a ganar la alcald\u00eda de Mazatl\u00e1n: Sergio Torres"},"content":{"rendered":"<p>&nbsp;<\/p>\n<div>&nbsp;<img fetchpriority=\"high\" decoding=\"async\" src=\"images\/abril21\/martin_heredia.jpg\" alt=\"martin heredia\" width=\"1280\" height=\"853\" style=\"display: block; margin: 20px auto;\" \/><\/div>\n<div style=\"text-align: justify;\"><span style=\"font-size: 14pt; font-family: arial, helvetica, sans-serif;\">Me avalan los resultados de gobernar a 33 de cada 100 sinaloenses; lo que promet\u00ed lo cumpl\u00ed sin simular ni titubear, los otros candidatos a gobernador nunca han gobernado, no est\u00e1n calados, y en materia electoral, son perdedores, se\u00f1al\u00f3 Sergio Torres, candidato de Movimiento Ciudadano al gobierno del estado.<\/span><\/div>\n<div style=\"text-align: justify;\">&nbsp;<\/div>\n<div style=\"text-align: justify;\"><span style=\"font-size: 14pt; font-family: arial, helvetica, sans-serif;\"><\/span><\/div>\n<div style=\"text-align: justify;\"><span style=\"font-size: 14pt; font-family: arial, helvetica, sans-serif;\">Ante medios de comunicaci\u00f3n del sur del estado, dijo que gobernar implica compromiso, tocar y resolver problem\u00e1tica compleja, no esperar solo aplausos como lo hacen las autoridades actuales en temas tan trascendentes como la seguridad de las mujeres, la libertad de la UAS, secuestrada por una camarilla, la seguridad, salud el gran desempleo que sufre nuestro estado.<\/span><\/div>\n<div style=\"text-align: justify;\">&nbsp;<\/div>\n<div style=\"text-align: justify;\"><span style=\"font-size: 14pt; font-family: arial, helvetica, sans-serif;\"><\/span><\/div>\n<div style=\"text-align: justify;\"><span style=\"font-size: 14pt; font-family: arial, helvetica, sans-serif;\">Pidi\u00f3 de nueva cuenta al IEES revisar los gastos de las alianzas, y tambi\u00e9n la intervenci\u00f3n del gobernador Quirino Ordaz a favor del candidato del Prian, y del gobierno federal en favor de candidato de Morena.<\/span><\/div>\n<div style=\"text-align: justify;\">&nbsp;<\/div>\n<div style=\"text-align: justify;\"><span style=\"font-size: 14pt; font-family: arial, helvetica, sans-serif;\"><\/span><\/div>\n<div style=\"text-align: justify;\"><span style=\"font-size: 14pt; font-family: arial, helvetica, sans-serif;\">Sobre el caso de renuncia de la candidata a presidenta municipal de Concordia, dijo es lamentable la sospecha de que el crimen organizado la presion\u00f3 y oblig\u00f3 a desertar. Ah\u00ed es donde debiera estar tanto Quirino como L\u00f3pez Obrador, investigando y prestos a la aplicaci\u00f3n de la Ley.<\/span><\/div>\n<div style=\"text-align: justify;\">&nbsp;<\/div>\n<div style=\"text-align: justify;\"><span style=\"font-size: 14pt; font-family: arial, helvetica, sans-serif;\"><\/span><\/div>\n<div style=\"text-align: justify;\"><span style=\"font-size: 14pt; font-family: arial, helvetica, sans-serif;\">Es lamentable que la ciudadan\u00eda vea a sus autoridades ausentes y sin hablar del tema, \u00bfpara qu\u00e9 le entraron a gobernar si le temen a temas dif\u00edciles?, pregunt\u00f3 Sergio Torres, el gobierno es para trabajar, no centro de vacaciones.<\/span><\/div>\n<div style=\"text-align: justify;\">&nbsp;<\/div>\n<div style=\"text-align: justify;\"><span style=\"font-size: 14pt; font-family: arial, helvetica, sans-serif;\"><\/span><\/div>\n<div style=\"text-align: justify;\"><span style=\"font-size: 14pt; font-family: arial, helvetica, sans-serif;\">Acompa\u00f1ado del candidato a presidente municipal de MC en Mazatl\u00e1n, Mart\u00edn Heredia, Sergio Torres extern\u00f3 toda laconfianza en su triunfo, pues, dijo, este municipio necesita un presidente municipal serio, honesto y de trabajo como \u00e9l, que tambi\u00e9n ya ha sido gobierno y un destacado diputado federal, con gran esp\u00edritu de servicio.<\/span><\/div>\n<div style=\"text-align: justify;\">&nbsp;<\/div>\n<div style=\"text-align: justify;\">&nbsp;<\/div>\n<div style=\"text-align: justify;\"><span style=\"font-size: 14pt; font-family: arial, helvetica, sans-serif;\">REDACCI\u00d3N\/VISI\u00d3N CIUDADANA.<\/span><\/div>\n","protected":false},"excerpt":{"rendered":"<p>&nbsp; &nbsp; Me avalan los resultados de gobernar a 33 de cada 100 sinaloenses; lo que promet\u00ed lo cumpl\u00ed sin simular ni titubear, los otros candidatos a gobernador nunca han gobernado, no est\u00e1n calados, y en materia electoral, son perdedores, se\u00f1al\u00f3 Sergio Torres, candidato de Movimiento Ciudadano al gobierno del estado. &nbsp; Ante medios de [&hellip;]<\/p>\n","protected":false},"author":1,"featured_media":318,"comment_status":"closed","ping_status":"closed","sticky":false,"template":"","format":"standard","meta":{"footnotes":""},"categories":[24],"tags":[],"ppma_author":[31],"class_list":["post-16714","post","type-post","status-publish","format-standard","has-post-thumbnail","hentry","category-relevantes"],"aioseo_notices":[],"authors":[{"term_id":31,"user_id":1,"is_guest":0,"slug":"ivan3vino","display_name":"Iv\u00e1n Trevi\u00f1o","avatar_url":{"url":"https:\/\/visionciudadana.com.mx\/oficial\/wp-content\/uploads\/2025\/09\/columna-ivan-Trevino.png","url2x":"https:\/\/visionciudadana.com.mx\/oficial\/wp-content\/uploads\/2025\/09\/columna-ivan-Trevino.png"},"0":null,"1":"","2":"","3":"","4":"","5":"","6":"","7":"","8":""}],"_links":{"self":[{"href":"https:\/\/visionciudadana.com.mx\/oficial\/wp-json\/wp\/v2\/posts\/16714","targetHints":{"allow":["GET"]}}],"collection":[{"href":"https:\/\/visionciudadana.com.mx\/oficial\/wp-json\/wp\/v2\/posts"}],"about":[{"href":"https:\/\/visionciudadana.com.mx\/oficial\/wp-json\/wp\/v2\/types\/post"}],"author":[{"embeddable":true,"href":"https:\/\/visionciudadana.com.mx\/oficial\/wp-json\/wp\/v2\/users\/1"}],"replies":[{"embeddable":true,"href":"https:\/\/visionciudadana.com.mx\/oficial\/wp-json\/wp\/v2\/comments?post=16714"}],"version-history":[{"count":1,"href":"https:\/\/visionciudadana.com.mx\/oficial\/wp-json\/wp\/v2\/posts\/16714\/revisions"}],"predecessor-version":[{"id":31156,"href":"https:\/\/visionciudadana.com.mx\/oficial\/wp-json\/wp\/v2\/posts\/16714\/revisions\/31156"}],"wp:featuredmedia":[{"embeddable":true,"href":"https:\/\/visionciudadana.com.mx\/oficial\/wp-json\/wp\/v2\/posts\/318"}],"wp:attachment":[{"href":"https:\/\/visionciudadana.com.mx\/oficial\/wp-json\/wp\/v2\/media?parent=16714"}],"wp:term":[{"taxonomy":"category","embeddable":true,"href":"https:\/\/visionciudadana.com.mx\/oficial\/wp-json\/wp\/v2\/categories?post=16714"},{"taxonomy":"post_tag","embeddable":true,"href":"https:\/\/visionciudadana.com.mx\/oficial\/wp-json\/wp\/v2\/tags?post=16714"},{"taxonomy":"author","embeddable":true,"href":"https:\/\/visionciudadana.com.mx\/oficial\/wp-json\/wp\/v2\/ppma_author?post=16714"}],"curies":[{"name":"wp","href":"https:\/\/api.w.org\/{rel}","templated":true}]}}