{"id":16713,"date":"2021-04-15T01:40:10","date_gmt":"2021-04-15T01:40:10","guid":{"rendered":"https:\/\/visionciudadana.com.mx\/chio\/2021\/04\/15\/sergio-esquer-va-por-apoyos-e-impulso-para-jovenes-emprendedores\/"},"modified":"2025-06-25T00:16:29","modified_gmt":"2025-06-25T00:16:29","slug":"sergio-esquer-va-por-apoyos-e-impulso-para-jovenes-emprendedores","status":"publish","type":"post","link":"https:\/\/visionciudadana.com.mx\/oficial\/2021\/04\/15\/sergio-esquer-va-por-apoyos-e-impulso-para-jovenes-emprendedores\/","title":{"rendered":"Sergio Esquer va por apoyos e impulso para j\u00f3venes emprendedores"},"content":{"rendered":"<p style=\"text-align: justify;\"><img fetchpriority=\"high\" decoding=\"async\" src=\"images\/abril21\/sergio_eskers.jpg\" alt=\"sergio eskers\" width=\"960\" height=\"639\" style=\"display: block; margin: 20px auto;\" \/><\/p>\n<p><span style=\"font-size: 14pt; font-family: arial, helvetica, sans-serif;\">Los emprendedores, sobre todo, los j\u00f3venes, se han quedado sin opciones para acceder a cr\u00e9ditos y apoyos que impulsen el crecimiento de sus negocios y creaci\u00f3n de empleos, por ello, el candidato a diputado federal por el distrito 5, Sergio Esquer Peiro le apostar\u00e1 a legislar en beneficio los proyectos de emprendimiento.<\/span><\/p>\n<p style=\"text-align: justify;\">\n<p><span style=\"font-size: 14pt; font-family: arial, helvetica, sans-serif;\">Al sostener una reuni\u00f3n con j\u00f3venes representantes del Consejo Intercamaral Juvenil de Sinaloa, el candidato escuch\u00f3 las peticiones y necesidades del sector que van desde incentivos fiscales, hasta cr\u00e9ditos, financiamiento y programas de apoyo.<\/span><\/p>\n<p style=\"text-align: justify;\">\n<p><span style=\"font-size: 14pt; font-family: arial, helvetica, sans-serif;\">En el encuentro, el candidato comparti\u00f3 con los j\u00f3venes el motivo que lo llev\u00f3 a arrancar su candidatura por la alianza \u201cVa por Sinaloa\u201d y manifest\u00f3 que, su principal motivaci\u00f3n fue contar con un Congreso plural e incluyente que genere un verdadero equilibrio en los poderes de gobierno.<\/span><\/p>\n<p style=\"text-align: justify;\">\n<p><span style=\"font-size: 14pt; font-family: arial, helvetica, sans-serif;\">Los j\u00f3venes emprendedores expusieron las problem\u00e1ticas que enfrentan al intentar exponenciar el crecimiento de sus empresas o negocios y pidieron el apoyo total del empresario sinaloense y ahora candidato en este proceso electoral.<\/span><\/p>\n<p style=\"text-align: justify;\">\n<p><span style=\"font-size: 14pt; font-family: arial, helvetica, sans-serif;\">\u201cDe llegar usted a la C\u00e1mara de Diputados, quisi\u00e9ramos que tome en cuenta nuestras propuestas y que las haga suyas, porque los j\u00f3venes emprendedores necesitamos encontrar mejores salidas de crecimiento para nuestros negocios\u201d, manifest\u00f3 el presidente del Consejo Intercamaral, Jes\u00fas Antonio Borboa.<\/span><\/p>\n<p style=\"text-align: justify;\">\n<p><span style=\"font-size: 14pt; font-family: arial, helvetica, sans-serif;\">El candidato, Sergio Esquer asegur\u00f3 que, va a la C\u00e1mara de Diputados sin ninguna l\u00ednea pol\u00edtica y que, solo trabajar\u00e1 por los intereses de la ciudadan\u00eda, de las empresas y de los j\u00f3venes emprendedores.<\/span><\/p>\n<p style=\"text-align: justify;\">\n<p><span style=\"font-size: 14pt; font-family: arial, helvetica, sans-serif;\">\u201cD\u00e9jame subrayar que yo no pretendo quitar los apoyos que ya se tienen, pero tambi\u00e9n voy por recuperar los que ya perdimos, entre ellos, incluidos los temas de ustedes como j\u00f3venes emprendedores y aquellas instituciones y programas de financiamiento que eran de utilidad para ustedes\u201d, coment\u00f3.<\/span><\/p>\n<p style=\"text-align: justify;\">&nbsp;<\/p>\n<p style=\"text-align: justify;\">&nbsp;<\/p>\n<p style=\"text-align: justify;\"><span style=\"font-size: 14pt; font-family: arial, helvetica, sans-serif;\">REDACCI\u00d3N\/VISI\u00d3N CIUDADANA.<\/span><\/p>\n","protected":false},"excerpt":{"rendered":"<p>Los emprendedores, sobre todo, los j\u00f3venes, se han quedado sin opciones para acceder a cr\u00e9ditos y apoyos que impulsen el crecimiento de sus negocios y creaci\u00f3n de empleos, por ello, el candidato a diputado federal por el distrito 5, Sergio Esquer Peiro le apostar\u00e1 a legislar en beneficio los proyectos de emprendimiento. Al sostener una [&hellip;]<\/p>\n","protected":false},"author":1,"featured_media":316,"comment_status":"closed","ping_status":"closed","sticky":false,"template":"","format":"standard","meta":{"footnotes":""},"categories":[24],"tags":[],"ppma_author":[31],"class_list":["post-16713","post","type-post","status-publish","format-standard","has-post-thumbnail","hentry","category-relevantes"],"aioseo_notices":[],"authors":[{"term_id":31,"user_id":1,"is_guest":0,"slug":"ivan3vino","display_name":"Iv\u00e1n Trevi\u00f1o","avatar_url":{"url":"https:\/\/visionciudadana.com.mx\/oficial\/wp-content\/uploads\/2025\/09\/columna-ivan-Trevino.png","url2x":"https:\/\/visionciudadana.com.mx\/oficial\/wp-content\/uploads\/2025\/09\/columna-ivan-Trevino.png"},"0":null,"1":"","2":"","3":"","4":"","5":"","6":"","7":"","8":""}],"_links":{"self":[{"href":"https:\/\/visionciudadana.com.mx\/oficial\/wp-json\/wp\/v2\/posts\/16713","targetHints":{"allow":["GET"]}}],"collection":[{"href":"https:\/\/visionciudadana.com.mx\/oficial\/wp-json\/wp\/v2\/posts"}],"about":[{"href":"https:\/\/visionciudadana.com.mx\/oficial\/wp-json\/wp\/v2\/types\/post"}],"author":[{"embeddable":true,"href":"https:\/\/visionciudadana.com.mx\/oficial\/wp-json\/wp\/v2\/users\/1"}],"replies":[{"embeddable":true,"href":"https:\/\/visionciudadana.com.mx\/oficial\/wp-json\/wp\/v2\/comments?post=16713"}],"version-history":[{"count":1,"href":"https:\/\/visionciudadana.com.mx\/oficial\/wp-json\/wp\/v2\/posts\/16713\/revisions"}],"predecessor-version":[{"id":31157,"href":"https:\/\/visionciudadana.com.mx\/oficial\/wp-json\/wp\/v2\/posts\/16713\/revisions\/31157"}],"wp:featuredmedia":[{"embeddable":true,"href":"https:\/\/visionciudadana.com.mx\/oficial\/wp-json\/wp\/v2\/posts\/316"}],"wp:attachment":[{"href":"https:\/\/visionciudadana.com.mx\/oficial\/wp-json\/wp\/v2\/media?parent=16713"}],"wp:term":[{"taxonomy":"category","embeddable":true,"href":"https:\/\/visionciudadana.com.mx\/oficial\/wp-json\/wp\/v2\/categories?post=16713"},{"taxonomy":"post_tag","embeddable":true,"href":"https:\/\/visionciudadana.com.mx\/oficial\/wp-json\/wp\/v2\/tags?post=16713"},{"taxonomy":"author","embeddable":true,"href":"https:\/\/visionciudadana.com.mx\/oficial\/wp-json\/wp\/v2\/ppma_author?post=16713"}],"curies":[{"name":"wp","href":"https:\/\/api.w.org\/{rel}","templated":true}]}}