{"id":16712,"date":"2021-04-15T01:30:57","date_gmt":"2021-04-15T01:30:57","guid":{"rendered":"https:\/\/visionciudadana.com.mx\/chio\/2021\/04\/15\/enfatiza-guerra-liera-que-regreso-a-clases-presenciales-debe-ser-de-manera-responsable-y-segura\/"},"modified":"2025-06-25T00:16:29","modified_gmt":"2025-06-25T00:16:29","slug":"enfatiza-guerra-liera-que-regreso-a-clases-presenciales-debe-ser-de-manera-responsable-y-segura","status":"publish","type":"post","link":"https:\/\/visionciudadana.com.mx\/oficial\/2021\/04\/15\/enfatiza-guerra-liera-que-regreso-a-clases-presenciales-debe-ser-de-manera-responsable-y-segura\/","title":{"rendered":"Enfatiza Guerra Liera que regreso a clases presenciales debe ser de manera responsable y segura"},"content":{"rendered":"<p style=\"text-align: justify;\"><img decoding=\"async\" src=\"images\/abril21\/uas-de-regreso.jpg\" alt=\"uas de regreso\" style=\"display: block; margin: 20px auto;\" \/><\/p>\n<p class=\"x_MsoNormal\" style=\"text-align: justify;\"><span style=\"font-size: 14pt; font-family: arial, helvetica, sans-serif;\"><span lang=\"ES\">El r<\/span>egreso&nbsp;a clases presenciales debe ser de manera muy responsable y segura, expuso el Rector de la Universidad Aut\u00f3noma de Sinaloa (UAS), doctor Juan Eulogio Guerra Liera, al participar en la Sesi\u00f3n del Consejo de Administraci\u00f3n Universia M\u00e9xico, donde los rectores abordaron el tema de la pandemia y las consecuencias en la educaci\u00f3n superior.<\/span><\/p>\n<p class=\"x_MsoNormal\" style=\"text-align: justify;\"><span lang=\"ES\" style=\"font-size: 14pt; font-family: arial, helvetica, sans-serif;\"><\/span><\/p>\n<p class=\"x_MsoNormal\" style=\"text-align: justify;\"><span lang=\"ES\" style=\"font-size: 14pt; font-family: arial, helvetica, sans-serif;\">La Sesi\u00f3n fue encabezada por el presidente de Universia M\u00e9xico, H\u00e9ctor Grisi Checa y cont\u00f3 con la asistencia virtual de 37 rectores y directores, adem\u00e1s del Secretario General Ejecutivo de ANUIES, maestro Jaime Valls Esponda.<\/span><\/p>\n<p class=\"x_MsoNormal\" style=\"text-align: justify;\"><span lang=\"ES\" style=\"font-size: 14pt; font-family: arial, helvetica, sans-serif;\"><\/span><\/p>\n<p class=\"x_MsoNormal\" style=\"text-align: justify;\"><span lang=\"ES\" style=\"font-size: 14pt; font-family: arial, helvetica, sans-serif;\">Guerra Liera en su car\u00e1cter de integrante del Consejo de Administraci\u00f3n de Universia M\u00e9xico, ponder\u00f3 el trabajo que ha desarrollado Universia Santander y atribuy\u00f3 la buena relaci\u00f3n de este organismo con las universidades del pa\u00eds al profesionalismo de Arturo Cherbowski Lask, esto antes de referirse al tema de la pandemia.<\/span><\/p>\n<p class=\"x_MsoNormal\" style=\"text-align: justify;\"><span lang=\"ES\" style=\"font-size: 14pt; font-family: arial, helvetica, sans-serif;\"><\/span><\/p>\n<p class=\"x_MsoNormal\" style=\"text-align: justify;\"><span lang=\"ES\" style=\"font-size: 14pt; font-family: arial, helvetica, sans-serif;\">\u201cAgradezco la disposici\u00f3n de Jaime Valls para asumir el aspecto que tiene que ver con el hartazgo, con el manejo de las emociones, lo toc\u00f3 tambi\u00e9n quien habl\u00f3 del estr\u00e9s y de la ansiedad y que tiene que ver con lo que est\u00e1 presionando hoy: el regreso presencial a clases, creo que todos deseamos regresar, tener contacto con nuestros estudiantes y trabajadores, pero debe ser un regreso muy responsable, muy seguro, que nos garantice en un corto y mediano plazo llenar las aulas y los campus universitarios\u201d, expuso el Rector Guerra Liera.<\/span><\/p>\n<p class=\"x_MsoNormal\" style=\"text-align: justify;\"><span lang=\"ES\" style=\"font-size: 14pt; font-family: arial, helvetica, sans-serif;\"><\/span><\/p>\n<p class=\"x_MsoNormal\" style=\"text-align: justify;\"><span lang=\"ES\" style=\"font-size: 14pt; font-family: arial, helvetica, sans-serif;\">\u201cDe entrada quiero felicitar a los compa\u00f1eros rectores y rectoras porque, de alguna manera, nos hemos sumado a este esfuerzo que tiene que ver con no detener la educaci\u00f3n en el pa\u00eds con lo que tenemos a nuestro alcance, con las mejoras y apoyos, hemos podido seguir avanzando, pero lo principal: hemos mantenido el servicio presente para nuestros j\u00f3venes estudiantes, \u00bfque si hay una merma?, \u00bfque si la calidad se impacta?, claro que todo eso son los riesgos que tenemos que adoptar, pero eso significa que el habernos detenido, el habernos parado hubiera puesto en riesgo de manera todav\u00eda mayor el futuro de los j\u00f3venes y de nuestro pa\u00eds\u201d, opin\u00f3.<\/span><\/p>\n<p class=\"x_MsoNormal\" style=\"text-align: justify;\"><span lang=\"ES\" style=\"font-size: 14pt; font-family: arial, helvetica, sans-serif;\"><\/span><\/p>\n<p class=\"x_MsoNormal\" style=\"text-align: justify;\"><span lang=\"ES\" style=\"font-size: 14pt; font-family: arial, helvetica, sans-serif;\">Agreg\u00f3 que la mayor\u00eda de las universidades han abierto sus instalaciones y han aportado miles de brigadistas que est\u00e1n atendiendo en las jornadas de vacunaci\u00f3n en todo el pa\u00eds.<\/span><\/p>\n<p class=\"x_MsoNormal\" style=\"text-align: justify;\"><span lang=\"ES\" style=\"font-size: 14pt; font-family: arial, helvetica, sans-serif;\"><\/span><\/p>\n<p class=\"x_MsoNormal\" style=\"text-align: justify;\"><span lang=\"ES\" style=\"font-size: 14pt; font-family: arial, helvetica, sans-serif;\">\u201cHoy la universidad p\u00fablica, la universidad privada, el sector educativo, ha dado la cara y la ha dado bien, no nos hemos paralizado, nuestra m\u00e1xima representaci\u00f3n, que es ANUIES, ha estado al frente, ha estado de manera muy precisa y oportuna coordinando, y las universidades p\u00fablicas o privadas hemos puesto a disposici\u00f3n de la sociedad lo que hoy tenemos\u201d, expres\u00f3.<\/span><\/p>\n<p class=\"x_MsoNormal\" style=\"text-align: justify;\"><span lang=\"ES\" style=\"font-size: 14pt; font-family: arial, helvetica, sans-serif;\"><\/span><\/p>\n<p class=\"x_MsoNormal\" style=\"text-align: justify;\"><span lang=\"ES\" style=\"font-size: 14pt; font-family: arial, helvetica, sans-serif;\">El Rector de la UNAM, doctor Enrique Graue Wiechers, se refiri\u00f3 tambi\u00e9n a todo el enorme esfuerzo que hacen todos los d\u00edas las universidades en esta pandemia, se transformaron y adoptaron modelos para los cuales no estaban acostumbradas y lo han hecho bastante bien, adem\u00e1s opin\u00f3 que la educaci\u00f3n no volver\u00e1 a ser igual y se tendr\u00e1 que reinventar como lo hizo Santander Universidades para adaptarse a la realidad, as\u00ed mismo expuso que hay un hartazgo de parte de los estudiantes y profesores que ya quieren regresar a su vida normal.<\/span><\/p>\n<p class=\"x_MsoNormal\" style=\"text-align: justify;\"><span lang=\"ES\" style=\"font-size: 14pt; font-family: arial, helvetica, sans-serif;\"><\/span><\/p>\n<p class=\"x_MsoNormal\" style=\"text-align: justify;\"><span lang=\"ES\" style=\"font-size: 14pt; font-family: arial, helvetica, sans-serif;\">A su vez el Director del Instituto Tecnol\u00f3gico de Monterrey, David Alejandro Garza Salazar, se\u00f1al\u00f3 que las universidades en 2020 se movieron r\u00e1pido, se adaptaron e innovaron en muchos aspectos; se\u00f1al\u00f3 que hay la preocupaci\u00f3n sobre las brechas de aprendizaje y las brechas de desarrollo socioemocional que no se van resolver con la vacuna contra COVID-19 y se van a empezar a sentir primero en las universidades y luego en el sector productivo y consider\u00f3 que se pasar\u00e1 de una universidad a una multidiversidad, es decir, las universidades ser\u00e1n multimodales, m\u00e1s interdisciplinarias, m\u00e1s multidimensional y multiinstitucional.<\/span><\/p>\n<p class=\"x_MsoNormal\" style=\"text-align: justify;\"><span lang=\"ES\" style=\"font-size: 14pt; font-family: arial, helvetica, sans-serif;\"><\/span><\/p>\n<p class=\"x_MsoNormal\" style=\"text-align: justify;\"><span style=\"font-size: 14pt; font-family: arial, helvetica, sans-serif;\">La directora del Centro de Dise\u00f1o, Cine y Televisi\u00f3n, Gina Diez Barroso, plante\u00f3 como una preocupaci\u00f3n la forma en que la educaci\u00f3n va a cambiar como resultado de esta pandemia, c\u00f3mo ayudar a los j\u00f3venes para que no se vayan de las universidades y lo que consider\u00f3 m\u00e1s preocupante: la salud mental de los estudiantes, tema que se toca poco pero que seg\u00fan estudios el 40.3 por ciento de los j\u00f3venes sufre ansiedad severa, el 31.93 estr\u00e9s, y uno de cada 10 piensa que no vale la pena vivir, por lo que estableci\u00f3 como importante enfrentar estos aspectos.<\/span><\/p>\n<p style=\"text-align: justify;\">&nbsp;<\/p>\n<p class=\"x_MsoNormal\" style=\"text-align: justify;\"><span style=\"font-size: 14pt; font-family: arial, helvetica, sans-serif;\">Tambi\u00e9n tom\u00f3 la palabra el Rector de la Universidad An\u00e1huac M\u00e9xico, Cipriano S\u00e1nchez Garc\u00eda.<\/span><\/p>\n<p class=\"x_MsoNormal\" style=\"text-align: justify;\"><span lang=\"ES\" style=\"font-size: 14pt; font-family: arial, helvetica, sans-serif;\"><\/span><\/p>\n<p class=\"x_MsoNormal\" style=\"text-align: justify;\"><span style=\"font-size: 14pt; font-family: arial, helvetica, sans-serif;\"><span lang=\"ES\">En esta sesi\u00f3n, el&nbsp;<\/span>Director General de Universia M\u00e9xico, Arturo Cherbowski Lask, dio el informe de actividades, el cual dijo, es resultado de la colaboraci\u00f3n y trabajo en conjunto con las universidades, y en su exposici\u00f3n detall\u00f3 c\u00f3mo ha pesar de la pandemia se ha fomentado la colaboraci\u00f3n en redes entre las universidades, c\u00f3mo han ayudado a ponerle valor a la academia, c\u00f3mo se han potenciado los servicios de empleo y empleabilidad de las universidades, c\u00f3mo se les acompa\u00f1a en su proceso de transformaci\u00f3n digital y tambi\u00e9n habl\u00f3 de los resultados financieros.<\/span><\/p>\n<p style=\"text-align: justify;\">&nbsp;<\/p>\n<p class=\"x_MsoNormal\" style=\"text-align: justify;\"><span style=\"font-size: 14pt; font-family: arial, helvetica, sans-serif;\">Por su parte el titular de la ANUIES, Jaime Valls Esponda, felicit\u00f3 a Universia M\u00e9xico porque han apoyado mucho a las universidades e instituciones de educaci\u00f3n superior sobre todo en esta pandemia con el curso de habilidades socioemocionales que fue muy oportuno, el apoyo con conferencias internacionales y con sus diversos programas que benefician a la educaci\u00f3n superior del pa\u00eds.<\/span><\/p>\n<p style=\"text-align: justify;\">&nbsp;<\/p>\n<p style=\"text-align: justify;\"><span style=\"font-size: 14pt; font-family: arial, helvetica, sans-serif;\">REDACCI\u00d3N\/VISI\u00d3N CIUDADANA.<\/span><\/p>\n<p>&nbsp;<\/p>\n<p>&nbsp;<\/p>\n<p>&nbsp;<\/p>\n","protected":false},"excerpt":{"rendered":"<p>El regreso&nbsp;a clases presenciales debe ser de manera muy responsable y segura, expuso el Rector de la Universidad Aut\u00f3noma de Sinaloa (UAS), doctor Juan Eulogio Guerra Liera, al participar en la Sesi\u00f3n del Consejo de Administraci\u00f3n Universia M\u00e9xico, donde los rectores abordaron el tema de la pandemia y las consecuencias en la educaci\u00f3n superior. La [&hellip;]<\/p>\n","protected":false},"author":1,"featured_media":314,"comment_status":"closed","ping_status":"closed","sticky":false,"template":"","format":"standard","meta":{"footnotes":""},"categories":[24],"tags":[],"ppma_author":[31],"class_list":["post-16712","post","type-post","status-publish","format-standard","has-post-thumbnail","hentry","category-relevantes"],"aioseo_notices":[],"authors":[{"term_id":31,"user_id":1,"is_guest":0,"slug":"ivan3vino","display_name":"Iv\u00e1n Trevi\u00f1o","avatar_url":{"url":"https:\/\/visionciudadana.com.mx\/oficial\/wp-content\/uploads\/2025\/09\/columna-ivan-Trevino.png","url2x":"https:\/\/visionciudadana.com.mx\/oficial\/wp-content\/uploads\/2025\/09\/columna-ivan-Trevino.png"},"0":null,"1":"","2":"","3":"","4":"","5":"","6":"","7":"","8":""}],"_links":{"self":[{"href":"https:\/\/visionciudadana.com.mx\/oficial\/wp-json\/wp\/v2\/posts\/16712","targetHints":{"allow":["GET"]}}],"collection":[{"href":"https:\/\/visionciudadana.com.mx\/oficial\/wp-json\/wp\/v2\/posts"}],"about":[{"href":"https:\/\/visionciudadana.com.mx\/oficial\/wp-json\/wp\/v2\/types\/post"}],"author":[{"embeddable":true,"href":"https:\/\/visionciudadana.com.mx\/oficial\/wp-json\/wp\/v2\/users\/1"}],"replies":[{"embeddable":true,"href":"https:\/\/visionciudadana.com.mx\/oficial\/wp-json\/wp\/v2\/comments?post=16712"}],"version-history":[{"count":1,"href":"https:\/\/visionciudadana.com.mx\/oficial\/wp-json\/wp\/v2\/posts\/16712\/revisions"}],"predecessor-version":[{"id":31158,"href":"https:\/\/visionciudadana.com.mx\/oficial\/wp-json\/wp\/v2\/posts\/16712\/revisions\/31158"}],"wp:featuredmedia":[{"embeddable":true,"href":"https:\/\/visionciudadana.com.mx\/oficial\/wp-json\/wp\/v2\/posts\/314"}],"wp:attachment":[{"href":"https:\/\/visionciudadana.com.mx\/oficial\/wp-json\/wp\/v2\/media?parent=16712"}],"wp:term":[{"taxonomy":"category","embeddable":true,"href":"https:\/\/visionciudadana.com.mx\/oficial\/wp-json\/wp\/v2\/categories?post=16712"},{"taxonomy":"post_tag","embeddable":true,"href":"https:\/\/visionciudadana.com.mx\/oficial\/wp-json\/wp\/v2\/tags?post=16712"},{"taxonomy":"author","embeddable":true,"href":"https:\/\/visionciudadana.com.mx\/oficial\/wp-json\/wp\/v2\/ppma_author?post=16712"}],"curies":[{"name":"wp","href":"https:\/\/api.w.org\/{rel}","templated":true}]}}