{"id":16707,"date":"2021-04-14T01:23:26","date_gmt":"2021-04-14T01:23:26","guid":{"rendered":"https:\/\/visionciudadana.com.mx\/chio\/2021\/04\/14\/en-mi-gobierno-protegere-la-vida-y-dignidad-de-las-mujeres-sergio-torres\/"},"modified":"2025-06-25T00:16:29","modified_gmt":"2025-06-25T00:16:29","slug":"en-mi-gobierno-protegere-la-vida-y-dignidad-de-las-mujeres-sergio-torres","status":"publish","type":"post","link":"https:\/\/visionciudadana.com.mx\/oficial\/2021\/04\/14\/en-mi-gobierno-protegere-la-vida-y-dignidad-de-las-mujeres-sergio-torres\/","title":{"rendered":"En mi gobierno proteger\u00e9 la vida y dignidad de las mujeres: Sergio Torres"},"content":{"rendered":"<p style=\"text-align: justify;\"><img fetchpriority=\"high\" decoding=\"async\" src=\"images\/abril21\/checho7.jpg\" alt=\"checho7\" width=\"780\" height=\"420\" style=\"display: block; margin: 20px auto;\" \/><\/p>\n<div style=\"text-align: justify;\"><span style=\"font-size: 14pt; font-family: arial, helvetica, sans-serif;\"><\/span><\/div>\n<div style=\"text-align: justify;\"><span style=\"font-size: 14pt; font-family: arial, helvetica, sans-serif;\">Sergio Torres se\u00f1ala como tema urgente, destinar programas, presupuestos y pol\u00edticas p\u00fablicas eficaces para garantizar la seguridad y dignidad de las mujeres sinaloenses.<\/span><\/div>\n<div style=\"text-align: justify;\">&nbsp;<\/div>\n<div style=\"text-align: justify;\"><span style=\"font-size: 14pt; font-family: arial, helvetica, sans-serif;\"><\/span><\/div>\n<div style=\"text-align: justify;\"><span style=\"font-size: 14pt; font-family: arial, helvetica, sans-serif;\">Agreg\u00f3 que las mujeres, m\u00e1s de 50 por ciento de la poblaci\u00f3n estatal, viven con miedo a ser asaltadas, acosadas, violentadas y asesinadas en calles, centros de trabajo y en sus propios hogares, sin que la autoridad haga nada al respecto.<\/span><\/div>\n<div style=\"text-align: justify;\">&nbsp;<\/div>\n<div style=\"text-align: justify;\"><span style=\"font-size: 14pt; font-family: arial, helvetica, sans-serif;\"><\/span><\/div>\n<div style=\"text-align: justify;\"><span style=\"font-size: 14pt; font-family: arial, helvetica, sans-serif;\">El candidato de Movimiento Ciudadano al gobierno de Sinaloa, dijo que es un tema delicado y urgente, pues de acuerdo con datos del Consejo Estatal de Seguridad P\u00fablica, en Sinaloa la violencia familiar ha crecido en un 300 por ciento en corto tiempo, y Culiac\u00e1n permanece como el quinto lugar nacional por el n\u00famero de femenicidios cometidos.<\/span><\/div>\n<div style=\"text-align: justify;\">&nbsp;<\/div>\n<div style=\"text-align: justify;\"><span style=\"font-size: 14pt; font-family: arial, helvetica, sans-serif;\"><\/span><\/div>\n<div style=\"text-align: justify;\"><span style=\"font-size: 14pt; font-family: arial, helvetica, sans-serif;\">Dijo que su gobierno dar\u00e1 prioridad a la familia, y se\u00f1al\u00f3 que una de las primeras medidas a tomar ser\u00e1 contar con camiones de uso exclusivo para mujeres, conducidos por mujeres, para evitar y eliminar el acoso, agresiones, e intentos de asesinato, a los que est\u00e1n expuestas ni\u00f1as, estudiantes, madres de familia, jefas de familia y abuelas.<\/span><\/div>\n<div style=\"text-align: justify;\">&nbsp;<\/div>\n<div style=\"text-align: justify;\"><span style=\"font-size: 14pt; font-family: arial, helvetica, sans-serif;\"><\/span><\/div>\n<div style=\"text-align: justify;\"><span style=\"font-size: 14pt; font-family: arial, helvetica, sans-serif;\">Es reiterada la demanda de las mujeres, tanto en nuestros recorridos como a trav\u00e9s de las redes. Las mujeres exigen, con justicia, seguridad para ellas y sus familias, \u00aby nosotros les responderemos como gobierno\u00bb,&nbsp; afirm\u00f3 Sergio Torres.<\/span><\/div>\n<div style=\"text-align: justify;\">&nbsp;<\/div>\n<div style=\"text-align: justify;\">&nbsp;<\/div>\n<div style=\"text-align: justify;\">&nbsp;<\/div>\n<div style=\"text-align: justify;\"><span style=\"font-size: 14pt; font-family: arial, helvetica, sans-serif;\">REDACCI\u00d3N\/VISI\u00d3N CIUDADANA.<\/span><\/div>\n","protected":false},"excerpt":{"rendered":"<p>Sergio Torres se\u00f1ala como tema urgente, destinar programas, presupuestos y pol\u00edticas p\u00fablicas eficaces para garantizar la seguridad y dignidad de las mujeres sinaloenses. &nbsp; Agreg\u00f3 que las mujeres, m\u00e1s de 50 por ciento de la poblaci\u00f3n estatal, viven con miedo a ser asaltadas, acosadas, violentadas y asesinadas en calles, centros de trabajo y en sus [&hellip;]<\/p>\n","protected":false},"author":1,"featured_media":307,"comment_status":"closed","ping_status":"closed","sticky":false,"template":"","format":"standard","meta":{"footnotes":""},"categories":[24],"tags":[],"ppma_author":[31],"class_list":["post-16707","post","type-post","status-publish","format-standard","has-post-thumbnail","hentry","category-relevantes"],"aioseo_notices":[],"authors":[{"term_id":31,"user_id":1,"is_guest":0,"slug":"ivan3vino","display_name":"Iv\u00e1n Trevi\u00f1o","avatar_url":{"url":"https:\/\/visionciudadana.com.mx\/oficial\/wp-content\/uploads\/2025\/09\/columna-ivan-Trevino.png","url2x":"https:\/\/visionciudadana.com.mx\/oficial\/wp-content\/uploads\/2025\/09\/columna-ivan-Trevino.png"},"0":null,"1":"","2":"","3":"","4":"","5":"","6":"","7":"","8":""}],"_links":{"self":[{"href":"https:\/\/visionciudadana.com.mx\/oficial\/wp-json\/wp\/v2\/posts\/16707","targetHints":{"allow":["GET"]}}],"collection":[{"href":"https:\/\/visionciudadana.com.mx\/oficial\/wp-json\/wp\/v2\/posts"}],"about":[{"href":"https:\/\/visionciudadana.com.mx\/oficial\/wp-json\/wp\/v2\/types\/post"}],"author":[{"embeddable":true,"href":"https:\/\/visionciudadana.com.mx\/oficial\/wp-json\/wp\/v2\/users\/1"}],"replies":[{"embeddable":true,"href":"https:\/\/visionciudadana.com.mx\/oficial\/wp-json\/wp\/v2\/comments?post=16707"}],"version-history":[{"count":1,"href":"https:\/\/visionciudadana.com.mx\/oficial\/wp-json\/wp\/v2\/posts\/16707\/revisions"}],"predecessor-version":[{"id":31160,"href":"https:\/\/visionciudadana.com.mx\/oficial\/wp-json\/wp\/v2\/posts\/16707\/revisions\/31160"}],"wp:featuredmedia":[{"embeddable":true,"href":"https:\/\/visionciudadana.com.mx\/oficial\/wp-json\/wp\/v2\/media\/307"}],"wp:attachment":[{"href":"https:\/\/visionciudadana.com.mx\/oficial\/wp-json\/wp\/v2\/media?parent=16707"}],"wp:term":[{"taxonomy":"category","embeddable":true,"href":"https:\/\/visionciudadana.com.mx\/oficial\/wp-json\/wp\/v2\/categories?post=16707"},{"taxonomy":"post_tag","embeddable":true,"href":"https:\/\/visionciudadana.com.mx\/oficial\/wp-json\/wp\/v2\/tags?post=16707"},{"taxonomy":"author","embeddable":true,"href":"https:\/\/visionciudadana.com.mx\/oficial\/wp-json\/wp\/v2\/ppma_author?post=16707"}],"curies":[{"name":"wp","href":"https:\/\/api.w.org\/{rel}","templated":true}]}}