{"id":16706,"date":"2021-04-14T01:17:15","date_gmt":"2021-04-14T01:17:15","guid":{"rendered":"https:\/\/visionciudadana.com.mx\/chio\/2021\/04\/14\/sumaran-empresarios-propuestas-a-campana-de-mario-zamora\/"},"modified":"2025-06-25T00:16:29","modified_gmt":"2025-06-25T00:16:29","slug":"sumaran-empresarios-propuestas-a-campana-de-mario-zamora","status":"publish","type":"post","link":"https:\/\/visionciudadana.com.mx\/oficial\/2021\/04\/14\/sumaran-empresarios-propuestas-a-campana-de-mario-zamora\/","title":{"rendered":"Sumar\u00e1n empresarios propuestas a campa\u00f1a de Mario Zamora"},"content":{"rendered":"<p><img decoding=\"async\" src=\"images\/abril21\/zamora2.jpg\" alt=\"zamora2\" style=\"display: block; margin-left: auto; margin-right: auto;\" \/><\/p>\n<p class=\"x_gmail-MsoNoSpacing\" style=\"text-align: justify;\"><span style=\"font-size: 14pt; font-family: arial, helvetica, sans-serif;\">Sumados a la campa\u00f1a de Mario Zamora Gast\u00e9lum, en el proyecto de Estado para la gubernatura de Sinaloa, empresarios de todos los sectores, agremiados a la intercamaral, presentar\u00e1n por escrito sus propuestas para resolver los principales problemas de cada actividad, mismos que ser\u00e1n analizados por el candidato de la alianza Va por Sinaloa.<\/span><\/p>\n<p style=\"text-align: justify;\">&nbsp;<\/p>\n<p class=\"x_gmail-MsoNoSpacing\" style=\"text-align: justify;\"><span style=\"font-size: 14pt; font-family: arial, helvetica, sans-serif;\">En el d\u00eda 10 de campa\u00f1a del abanderado por los partidos PRI, PRD y PAN, posterior a hacerse p\u00fablico el apoyo de los empresarios al pr\u00f3ximo gobernador del estado, Zamora Gast\u00e9lum sostuvo con ellos una reuni\u00f3n de trabajo, con el fin de formalizar su participaci\u00f3n activa en la construcci\u00f3n de las acciones y estrategias que llevar\u00e1n las mejores propuestas para resolver los problemas prioritarios en todas las actividades econ\u00f3micas.<\/span><\/p>\n<p style=\"text-align: justify;\">&nbsp;<\/p>\n<p class=\"x_gmail-MsoNoSpacing\" style=\"text-align: justify;\"><span style=\"font-size: 14pt; font-family: arial, helvetica, sans-serif;\">\u201cYo muy contento, siempre incluyentes, escuchando a la gente que sabe y que se la rifa todos los d\u00edas trabajando, poniendo su esfuerzo, de eso se trata un gobierno abierto, incluyente, aqu\u00ed hay total transparencia y compromiso con la gente que quiere salir adelante por su esfuerzo, por sus ganas y por su talento, ya est\u00e1n todos integrados, puestos y los vamos a subir al cami\u00f3n pronto\u201d, expres\u00f3 Mario Zamora.<\/span><\/p>\n<p style=\"text-align: justify;\">&nbsp;<\/p>\n<p class=\"x_gmail-MsoNoSpacing\" style=\"text-align: justify;\"><span style=\"font-size: 14pt; font-family: arial, helvetica, sans-serif;\">Diego Castro Blanco, presidente de la Intercamaral Culiac\u00e1n, expres\u00f3 que ven en Mario las condiciones de confianza para que los inversionistas se animen a apostarle al estado de Sinaloa, porque tiene el perfil, la experiencia, la transparencia y honestidad que genera certeza para todos los sectores.<\/span><\/p>\n<p style=\"text-align: justify;\">&nbsp;<\/p>\n<p class=\"x_gmail-MsoNoSpacing\" style=\"text-align: justify;\"><span style=\"font-size: 14pt; font-family: arial, helvetica, sans-serif;\">\u201cEn Mario creo que viene un rescate en el estado, viene realmente una verdadera renovaci\u00f3n de buscar mecanismos de financiamiento, de promoci\u00f3n, de di\u00e1logo, de construir juntos para avanzar en esta disyuntiva de tener un Sinaloa mejor\u201d, celebr\u00f3 el tambi\u00e9n presidente de Canaco Culiac\u00e1n.<\/span><\/p>\n<p style=\"text-align: justify;\">&nbsp;<\/p>\n<p class=\"x_gmail-MsoNoSpacing\" style=\"text-align: justify;\"><span style=\"font-size: 14pt; font-family: arial, helvetica, sans-serif;\">El empresario gasolinero, Carlos Maximiliano Arias Hirata, se dijo convencido de que el momento que vive Sinaloa requiere fortalecer los sectores productivos, para tener certidumbre de lo que va a suceder en el futuro, para lo que se requiere un gobernador, diputados y senadores que representen el proyecto que impulse a Sinaloa.<\/span><\/p>\n<p style=\"text-align: justify;\">&nbsp;<\/p>\n<p class=\"x_gmail-MsoNoSpacing\" style=\"text-align: justify;\"><span style=\"font-size: 14pt; font-family: arial, helvetica, sans-serif;\">\u201cLa idea por ejemplo de la financiera, de apoyar a los empresarios pues es algo que se necesita, que est\u00e1n cerrando, que est\u00e1n perdi\u00e9ndose esos empleos, y al final de cuentas eso nos pega\u2026 por ejemplo a nosotros como gasolineros, un auto que no circula es un auto que no consume gasolina\u2026 la realidad es que debe haber siempre equilibrios\u201d, destac\u00f3.<\/span><\/p>\n<p style=\"text-align: justify;\">&nbsp;<\/p>\n<p class=\"x_gmail-MsoNoSpacing\" style=\"text-align: justify;\"><span style=\"font-size: 14pt; font-family: arial, helvetica, sans-serif;\">El pr\u00f3ximo gobernador de Sinaloa acord\u00f3 con el sector empresarial mantener una relaci\u00f3n de trabajo estrecha, con el mutuo fin de hacer que a Sinaloa y a los sinaloenses les vaya bien los pr\u00f3ximos 6 a\u00f1os.<\/span><\/p>\n<p style=\"text-align: justify;\">&nbsp;<\/p>\n<p style=\"text-align: justify;\">&nbsp;<\/p>\n<p style=\"text-align: justify;\"><span style=\"font-size: 14pt; font-family: arial, helvetica, sans-serif;\">REDACCI\u00d3N\/VISI\u00d3N CIUDADANA.<\/span><\/p>\n","protected":false},"excerpt":{"rendered":"<p>Sumados a la campa\u00f1a de Mario Zamora Gast\u00e9lum, en el proyecto de Estado para la gubernatura de Sinaloa, empresarios de todos los sectores, agremiados a la intercamaral, presentar\u00e1n por escrito sus propuestas para resolver los principales problemas de cada actividad, mismos que ser\u00e1n analizados por el candidato de la alianza Va por Sinaloa. &nbsp; En [&hellip;]<\/p>\n","protected":false},"author":1,"featured_media":305,"comment_status":"closed","ping_status":"closed","sticky":false,"template":"","format":"standard","meta":{"footnotes":""},"categories":[24],"tags":[],"ppma_author":[31],"class_list":["post-16706","post","type-post","status-publish","format-standard","has-post-thumbnail","hentry","category-relevantes"],"aioseo_notices":[],"authors":[{"term_id":31,"user_id":1,"is_guest":0,"slug":"ivan3vino","display_name":"Iv\u00e1n Trevi\u00f1o","avatar_url":{"url":"https:\/\/visionciudadana.com.mx\/oficial\/wp-content\/uploads\/2025\/09\/columna-ivan-Trevino.png","url2x":"https:\/\/visionciudadana.com.mx\/oficial\/wp-content\/uploads\/2025\/09\/columna-ivan-Trevino.png"},"0":null,"1":"","2":"","3":"","4":"","5":"","6":"","7":"","8":""}],"_links":{"self":[{"href":"https:\/\/visionciudadana.com.mx\/oficial\/wp-json\/wp\/v2\/posts\/16706","targetHints":{"allow":["GET"]}}],"collection":[{"href":"https:\/\/visionciudadana.com.mx\/oficial\/wp-json\/wp\/v2\/posts"}],"about":[{"href":"https:\/\/visionciudadana.com.mx\/oficial\/wp-json\/wp\/v2\/types\/post"}],"author":[{"embeddable":true,"href":"https:\/\/visionciudadana.com.mx\/oficial\/wp-json\/wp\/v2\/users\/1"}],"replies":[{"embeddable":true,"href":"https:\/\/visionciudadana.com.mx\/oficial\/wp-json\/wp\/v2\/comments?post=16706"}],"version-history":[{"count":1,"href":"https:\/\/visionciudadana.com.mx\/oficial\/wp-json\/wp\/v2\/posts\/16706\/revisions"}],"predecessor-version":[{"id":31161,"href":"https:\/\/visionciudadana.com.mx\/oficial\/wp-json\/wp\/v2\/posts\/16706\/revisions\/31161"}],"wp:featuredmedia":[{"embeddable":true,"href":"https:\/\/visionciudadana.com.mx\/oficial\/wp-json\/wp\/v2\/media\/305"}],"wp:attachment":[{"href":"https:\/\/visionciudadana.com.mx\/oficial\/wp-json\/wp\/v2\/media?parent=16706"}],"wp:term":[{"taxonomy":"category","embeddable":true,"href":"https:\/\/visionciudadana.com.mx\/oficial\/wp-json\/wp\/v2\/categories?post=16706"},{"taxonomy":"post_tag","embeddable":true,"href":"https:\/\/visionciudadana.com.mx\/oficial\/wp-json\/wp\/v2\/tags?post=16706"},{"taxonomy":"author","embeddable":true,"href":"https:\/\/visionciudadana.com.mx\/oficial\/wp-json\/wp\/v2\/ppma_author?post=16706"}],"curies":[{"name":"wp","href":"https:\/\/api.w.org\/{rel}","templated":true}]}}