{"id":16705,"date":"2021-04-14T01:11:01","date_gmt":"2021-04-14T01:11:01","guid":{"rendered":"https:\/\/visionciudadana.com.mx\/chio\/2021\/04\/14\/ofensivo-y-sin-etica-el-gasto-de-campana-de-alianza-prian-y-morena-pas-sergio-torres\/"},"modified":"2025-06-25T00:16:30","modified_gmt":"2025-06-25T00:16:30","slug":"ofensivo-y-sin-etica-el-gasto-de-campana-de-alianza-prian-y-morena-pas-sergio-torres","status":"publish","type":"post","link":"https:\/\/visionciudadana.com.mx\/oficial\/2021\/04\/14\/ofensivo-y-sin-etica-el-gasto-de-campana-de-alianza-prian-y-morena-pas-sergio-torres\/","title":{"rendered":"Ofensivo y sin \u00e9tica el gasto de campa\u00f1a de alianza Prian y Morena-Pas: Sergio Torres"},"content":{"rendered":"<p><img fetchpriority=\"high\" decoding=\"async\" src=\"images\/abril21\/checho3.jpg\" alt=\"checho3\" width=\"780\" height=\"420\" style=\"display: block; margin: 20px auto;\" \/><\/p>\n<div>&nbsp;<\/div>\n<div style=\"text-align: justify;\"><span style=\"font-size: 14pt; font-family: arial, helvetica, sans-serif;\">Sergio Torres hace un llamado al Instituto Electoral del Estado de Sinaloa (IEES), para que vigile los topes de campa\u00f1a de las alianzas Pas-Morena y Prian, ante el \u00abgrotesco\u00bb despilfarro que hacen, especialmente en materia de espectaculares y encuestas.<\/span><\/div>\n<div style=\"text-align: justify;\">&nbsp;<\/div>\n<div style=\"text-align: justify;\"><span style=\"font-size: 14pt; font-family: arial, helvetica, sans-serif;\"><\/span><\/div>\n<div style=\"text-align: justify;\"><span style=\"font-size: 14pt; font-family: arial, helvetica, sans-serif;\">El candidato de Movimiento Ciudadano al Gobierno del Estado de Sinalia, se\u00f1al\u00f3 ante medios de comunicaci\u00f3n, que en la \u00e9poca de carencias y necesidades que afrontamos como estado y naci\u00f3n, con tanto desempleo, miles de negocios en la quiebra, \u00abes un acto falto de solidaridad y sentido com\u00fan, sin \u00e9tica alguna\u00bb.<\/span><\/div>\n<div style=\"text-align: justify;\">&nbsp;<\/div>\n<div style=\"text-align: justify;\"><span style=\"font-size: 14pt; font-family: arial, helvetica, sans-serif;\"><\/span><\/div>\n<div style=\"text-align: justify;\"><span style=\"font-size: 14pt; font-family: arial, helvetica, sans-serif;\">Expres\u00f3 que en sus giras de campa\u00f1a recibe m\u00faltiples se\u00f1alamientos de la gente, que ya no quieren simulaci\u00f3n y enga\u00f1o, que se acaben los gobiernos y gobernantes fr\u00edvolos e ineficaces, que hacen fiesta para cortar listones de inauguraci\u00f3n, pero no resuelven los problemas.<\/span><\/div>\n<div style=\"text-align: justify;\">&nbsp;<\/div>\n<div style=\"text-align: justify;\"><span style=\"font-size: 14pt; font-family: arial, helvetica, sans-serif;\"><\/span><\/div>\n<div style=\"text-align: justify;\"><span style=\"font-size: 14pt; font-family: arial, helvetica, sans-serif;\">Sergio Torres expres\u00f3 que el gobierno estatal moviliza, en cada supervisi\u00f3n, 20 camionetas, 80 empleados y el helic\u00f3ptero, para ir de paseo a costa del dinero del pueblo. \u00abQuirino y L\u00f3pez Obrador viven en su mundo de caramelo\u00bb, en tanto colonias y sindicaturas est\u00e1n en el abandono.<\/span><\/div>\n<div style=\"text-align: justify;\">&nbsp;<\/div>\n<div style=\"text-align: justify;\"><span style=\"font-size: 14pt; font-family: arial, helvetica, sans-serif;\"><\/span><\/div>\n<div style=\"text-align: justify;\"><span style=\"font-size: 14pt; font-family: arial, helvetica, sans-serif;\">Y un punto m\u00e1s: ponen en marcha las obras y no psgan a proveedores, nada m\u00e1s los traen vuelta y vuelta por meses y hasta a\u00f1os, sin pagarles.<\/span><\/div>\n<div style=\"text-align: justify;\">&nbsp;<\/div>\n<div style=\"text-align: justify;\"><span style=\"font-size: 14pt; font-family: arial, helvetica, sans-serif;\"><\/span><\/div>\n<div style=\"text-align: justify;\"><span style=\"font-size: 14pt; font-family: arial, helvetica, sans-serif;\">Hospitales vac\u00edos, falta de medicamentos y equipo, municipios sin servicios p\u00fablicos, y, en plena pandemia, sin internet, cuando el \u00e1rea educativa trasmite las clases a trav\u00e9s de esta herramienta, lo que permite asegurar que son miles los ni\u00f1os, ni\u00f1as y j\u00f3venes que no tienen acceso a la educaci\u00f3n en Sinaloa.<\/span><\/div>\n<div style=\"text-align: justify;\">&nbsp;<\/div>\n<div style=\"text-align: justify;\">&nbsp;<\/div>\n<div style=\"text-align: justify;\">&nbsp;<\/div>\n<div style=\"text-align: justify;\"><span style=\"font-size: 14pt; font-family: arial, helvetica, sans-serif;\">REDACCI\u00d3N\/VISI\u00d3N CIUDADANA.<\/span><\/div>\n","protected":false},"excerpt":{"rendered":"<p>&nbsp; Sergio Torres hace un llamado al Instituto Electoral del Estado de Sinaloa (IEES), para que vigile los topes de campa\u00f1a de las alianzas Pas-Morena y Prian, ante el \u00abgrotesco\u00bb despilfarro que hacen, especialmente en materia de espectaculares y encuestas. &nbsp; El candidato de Movimiento Ciudadano al Gobierno del Estado de Sinalia, se\u00f1al\u00f3 ante medios [&hellip;]<\/p>\n","protected":false},"author":1,"featured_media":303,"comment_status":"closed","ping_status":"closed","sticky":false,"template":"","format":"standard","meta":{"footnotes":""},"categories":[24],"tags":[],"ppma_author":[31],"class_list":["post-16705","post","type-post","status-publish","format-standard","has-post-thumbnail","hentry","category-relevantes"],"aioseo_notices":[],"authors":[{"term_id":31,"user_id":1,"is_guest":0,"slug":"ivan3vino","display_name":"Iv\u00e1n Trevi\u00f1o","avatar_url":{"url":"https:\/\/visionciudadana.com.mx\/oficial\/wp-content\/uploads\/2025\/09\/columna-ivan-Trevino.png","url2x":"https:\/\/visionciudadana.com.mx\/oficial\/wp-content\/uploads\/2025\/09\/columna-ivan-Trevino.png"},"0":null,"1":"","2":"","3":"","4":"","5":"","6":"","7":"","8":""}],"_links":{"self":[{"href":"https:\/\/visionciudadana.com.mx\/oficial\/wp-json\/wp\/v2\/posts\/16705","targetHints":{"allow":["GET"]}}],"collection":[{"href":"https:\/\/visionciudadana.com.mx\/oficial\/wp-json\/wp\/v2\/posts"}],"about":[{"href":"https:\/\/visionciudadana.com.mx\/oficial\/wp-json\/wp\/v2\/types\/post"}],"author":[{"embeddable":true,"href":"https:\/\/visionciudadana.com.mx\/oficial\/wp-json\/wp\/v2\/users\/1"}],"replies":[{"embeddable":true,"href":"https:\/\/visionciudadana.com.mx\/oficial\/wp-json\/wp\/v2\/comments?post=16705"}],"version-history":[{"count":1,"href":"https:\/\/visionciudadana.com.mx\/oficial\/wp-json\/wp\/v2\/posts\/16705\/revisions"}],"predecessor-version":[{"id":31162,"href":"https:\/\/visionciudadana.com.mx\/oficial\/wp-json\/wp\/v2\/posts\/16705\/revisions\/31162"}],"wp:featuredmedia":[{"embeddable":true,"href":"https:\/\/visionciudadana.com.mx\/oficial\/wp-json\/wp\/v2\/media\/303"}],"wp:attachment":[{"href":"https:\/\/visionciudadana.com.mx\/oficial\/wp-json\/wp\/v2\/media?parent=16705"}],"wp:term":[{"taxonomy":"category","embeddable":true,"href":"https:\/\/visionciudadana.com.mx\/oficial\/wp-json\/wp\/v2\/categories?post=16705"},{"taxonomy":"post_tag","embeddable":true,"href":"https:\/\/visionciudadana.com.mx\/oficial\/wp-json\/wp\/v2\/tags?post=16705"},{"taxonomy":"author","embeddable":true,"href":"https:\/\/visionciudadana.com.mx\/oficial\/wp-json\/wp\/v2\/ppma_author?post=16705"}],"curies":[{"name":"wp","href":"https:\/\/api.w.org\/{rel}","templated":true}]}}