{"id":16704,"date":"2021-04-14T00:57:28","date_gmt":"2021-04-14T00:57:28","guid":{"rendered":"https:\/\/visionciudadana.com.mx\/chio\/2021\/04\/14\/mi-gobierno-sera-de-puertas-abiertas-y-amplia-participacion-ciudadana-faustino-hernandez\/"},"modified":"2025-06-25T00:16:30","modified_gmt":"2025-06-25T00:16:30","slug":"mi-gobierno-sera-de-puertas-abiertas-y-amplia-participacion-ciudadana-faustino-hernandez","status":"publish","type":"post","link":"https:\/\/visionciudadana.com.mx\/oficial\/2021\/04\/14\/mi-gobierno-sera-de-puertas-abiertas-y-amplia-participacion-ciudadana-faustino-hernandez\/","title":{"rendered":"Mi gobierno ser\u00e1 de puertas abiertas y amplia participaci\u00f3n ciudadana: Faustino Hern\u00e1ndez"},"content":{"rendered":"<p><img fetchpriority=\"high\" decoding=\"async\" src=\"images\/abril21\/fausty6.jpg\" alt=\"fausty6\" width=\"780\" height=\"420\" style=\"display: block; margin: 20px auto;\" \/><\/p>\n<p class=\"x_MsoNormal\" align=\"right\">&nbsp;<\/p>\n<p class=\"x_MsoNormal\" style=\"text-align: justify;\"><span style=\"font-size: 14pt; font-family: arial, helvetica, sans-serif;\">El candidato del PRI, PAN y PRD a la Alcald\u00eda, Faustino Hern\u00e1ndez \u00c1lvarez, se comprometi\u00f3 a mantener un di\u00e1logo permanente y de puertas abiertas con todos los sectores a fin de encontrar juntos las soluciones a los problemas y demandas que tiene Culiac\u00e1n.<\/span><\/p>\n<p style=\"text-align: justify;\">&nbsp;<\/p>\n<p class=\"x_MsoNormal\" style=\"text-align: justify;\"><span style=\"font-size: 14pt; font-family: arial, helvetica, sans-serif;\">En reuni\u00f3n con la Asociaci\u00f3n de Colegios de Profesionistas,&nbsp;&nbsp; que dirige a nivel estatal la Dra. Itza Mar\u00eda de la Cruz Beltr\u00e1n,&nbsp; manifest\u00f3 su inter\u00e9s de&nbsp; mantener un di\u00e1logo permanente con todas y todos para construir juntos acuerdos que beneficien a la gente de Culiac\u00e1n.<\/span><\/p>\n<p style=\"text-align: justify;\">&nbsp;<\/p>\n<p class=\"x_MsoNormal\" style=\"text-align: justify;\"><span style=\"font-size: 14pt; font-family: arial, helvetica, sans-serif;\">\u00abVamos a construir un programa de gobierno con la participaci\u00f3n de las y los ciudadanos y vamos a gobernar de la mano de toda la sociedad. Mi gobierno ser\u00e1 de puertas abiertas. Vamos a escuchar a todos los sectores y organizaciones, particularmente a los colegios de profesionistas, que tienen un capital intelectual y acad\u00e9mico muy importante\u00bb, manifest\u00f3 Faustino Hern\u00e1ndez.<\/span><\/p>\n<p style=\"text-align: justify;\">&nbsp;<\/p>\n<p class=\"x_MsoNormal\" style=\"text-align: justify;\"><span style=\"font-size: 14pt; font-family: arial, helvetica, sans-serif;\">Destac\u00f3 que \u201cNecesitamos tener un municipio moderno, con mucha actividad econ\u00f3mica y con mayores oportunidades para todos. Con la participaci\u00f3n de ustedes lograremos el objetivo de que las cosas cambien, y que cambien para bien\u00bb, dijo<\/span><\/p>\n<p style=\"text-align: justify;\">&nbsp;<\/p>\n<p class=\"x_MsoNormal\" style=\"text-align: justify;\"><span style=\"font-size: 14pt; font-family: arial, helvetica, sans-serif;\">Faustino Hern\u00e1ndez \u00c1lvarez destac\u00f3 de manera principal su inter\u00e9s de garantizar la eficacia y transparencia durante la administraci\u00f3n municipal que le tocar\u00e1 encabezar, con lo cual se busca eliminar la burocracia, simplificar los tr\u00e1mites y mejorar la atenci\u00f3n a los ciudadanos.<\/span><\/p>\n<p style=\"text-align: justify;\">&nbsp;<\/p>\n<p class=\"x_MsoNormal\" style=\"text-align: justify;\"><span style=\"font-size: 14pt; font-family: arial, helvetica, sans-serif;\">Parte importante de esta estrategia, dijo, ser\u00e1 el mejoramiento en los indicadores de seguridad y la modernizaci\u00f3n de Culiac\u00e1n mediante grandes obras, como son la continuaci\u00f3n del anillo perif\u00e9rico, el proyecto de libramiento ferroviario,&nbsp; retiro de los patios de maniobra del ferrocarril y la modernizaci\u00f3n del transporte p\u00fablico.<\/span><\/p>\n<p style=\"text-align: justify;\">&nbsp;<\/p>\n<p class=\"x_MsoNormal\" style=\"text-align: justify;\"><span style=\"font-size: 14pt; font-family: arial, helvetica, sans-serif;\">El candidato del PRI, PAN y PRD&nbsp; a la Alcald\u00eda de Culiac\u00e1n tuvo ayer otra intensa agenda de trabajo&nbsp; que incluy\u00f3 otra reuni\u00f3n con la Asociaci\u00f3n de Mujeres Empresarias. En todos estos eventos, Faustino Hern\u00e1ndez reiter\u00f3 que su gobierno ser\u00e1 de puertas abiertas y amplia participaci\u00f3n ciudadana.<\/span><\/p>\n<p style=\"text-align: justify;\">&nbsp;<\/p>\n<p class=\"x_MsoNormal\" style=\"text-align: justify;\"><span style=\"font-size: 14pt; font-family: arial, helvetica, sans-serif;\">De igual manera, realiz\u00f3 un recorrido casa por casa&nbsp; y reuni\u00f3n con vecinos de la colonia L\u00e1zaro C\u00e1rdenas.<\/span><\/p>\n<p style=\"text-align: justify;\">&nbsp;<\/p>\n<p style=\"text-align: justify;\">&nbsp;<\/p>\n<p style=\"text-align: justify;\"><span style=\"font-size: 14pt; font-family: arial, helvetica, sans-serif;\">REDACCI\u00d3N\/VISI\u00d3N CIUDADANA.<\/span><\/p>\n","protected":false},"excerpt":{"rendered":"<p>&nbsp; El candidato del PRI, PAN y PRD a la Alcald\u00eda, Faustino Hern\u00e1ndez \u00c1lvarez, se comprometi\u00f3 a mantener un di\u00e1logo permanente y de puertas abiertas con todos los sectores a fin de encontrar juntos las soluciones a los problemas y demandas que tiene Culiac\u00e1n. &nbsp; En reuni\u00f3n con la Asociaci\u00f3n de Colegios de Profesionistas,&nbsp;&nbsp; que [&hellip;]<\/p>\n","protected":false},"author":1,"featured_media":301,"comment_status":"closed","ping_status":"closed","sticky":false,"template":"","format":"standard","meta":{"footnotes":""},"categories":[24],"tags":[],"ppma_author":[31],"class_list":["post-16704","post","type-post","status-publish","format-standard","has-post-thumbnail","hentry","category-relevantes"],"aioseo_notices":[],"authors":[{"term_id":31,"user_id":1,"is_guest":0,"slug":"ivan3vino","display_name":"Iv\u00e1n Trevi\u00f1o","avatar_url":{"url":"https:\/\/visionciudadana.com.mx\/oficial\/wp-content\/uploads\/2025\/09\/columna-ivan-Trevino.png","url2x":"https:\/\/visionciudadana.com.mx\/oficial\/wp-content\/uploads\/2025\/09\/columna-ivan-Trevino.png"},"0":null,"1":"","2":"","3":"","4":"","5":"","6":"","7":"","8":""}],"_links":{"self":[{"href":"https:\/\/visionciudadana.com.mx\/oficial\/wp-json\/wp\/v2\/posts\/16704","targetHints":{"allow":["GET"]}}],"collection":[{"href":"https:\/\/visionciudadana.com.mx\/oficial\/wp-json\/wp\/v2\/posts"}],"about":[{"href":"https:\/\/visionciudadana.com.mx\/oficial\/wp-json\/wp\/v2\/types\/post"}],"author":[{"embeddable":true,"href":"https:\/\/visionciudadana.com.mx\/oficial\/wp-json\/wp\/v2\/users\/1"}],"replies":[{"embeddable":true,"href":"https:\/\/visionciudadana.com.mx\/oficial\/wp-json\/wp\/v2\/comments?post=16704"}],"version-history":[{"count":1,"href":"https:\/\/visionciudadana.com.mx\/oficial\/wp-json\/wp\/v2\/posts\/16704\/revisions"}],"predecessor-version":[{"id":31163,"href":"https:\/\/visionciudadana.com.mx\/oficial\/wp-json\/wp\/v2\/posts\/16704\/revisions\/31163"}],"wp:featuredmedia":[{"embeddable":true,"href":"https:\/\/visionciudadana.com.mx\/oficial\/wp-json\/wp\/v2\/media\/301"}],"wp:attachment":[{"href":"https:\/\/visionciudadana.com.mx\/oficial\/wp-json\/wp\/v2\/media?parent=16704"}],"wp:term":[{"taxonomy":"category","embeddable":true,"href":"https:\/\/visionciudadana.com.mx\/oficial\/wp-json\/wp\/v2\/categories?post=16704"},{"taxonomy":"post_tag","embeddable":true,"href":"https:\/\/visionciudadana.com.mx\/oficial\/wp-json\/wp\/v2\/tags?post=16704"},{"taxonomy":"author","embeddable":true,"href":"https:\/\/visionciudadana.com.mx\/oficial\/wp-json\/wp\/v2\/ppma_author?post=16704"}],"curies":[{"name":"wp","href":"https:\/\/api.w.org\/{rel}","templated":true}]}}