{"id":16703,"date":"2021-04-14T00:50:36","date_gmt":"2021-04-14T00:50:36","guid":{"rendered":"https:\/\/visionciudadana.com.mx\/chio\/2021\/04\/14\/participan-brigadistas-de-la-uas-en-vacunacion-en-asilos-y-penitenciaria\/"},"modified":"2025-06-25T00:16:30","modified_gmt":"2025-06-25T00:16:30","slug":"participan-brigadistas-de-la-uas-en-vacunacion-en-asilos-y-penitenciaria","status":"publish","type":"post","link":"https:\/\/visionciudadana.com.mx\/oficial\/2021\/04\/14\/participan-brigadistas-de-la-uas-en-vacunacion-en-asilos-y-penitenciaria\/","title":{"rendered":"Participan brigadistas de la UAS en vacunaci\u00f3n en asilos y penitenciaria"},"content":{"rendered":"<p style=\"text-align: justify;\">&nbsp;<\/p>\n<p class=\"x_MsoNormal\" style=\"text-align: justify;\"><span lang=\"ES\" style=\"font-size: 14pt; font-family: arial, helvetica, sans-serif;\">&nbsp;<img fetchpriority=\"high\" decoding=\"async\" src=\"images\/abril21\/brigadistas_carcel.PNG\" alt=\"brigadistas carcel\" width=\"594\" height=\"416\" style=\"display: block; margin-left: auto; margin-right: auto;\" \/><\/span><\/p>\n<p class=\"x_MsoNormal\" style=\"text-align: justify;\"><span style=\"font-size: 14pt; font-family: arial, helvetica, sans-serif;\"><span lang=\"ES\">El Rector Juan Eulogio Guerra Liera dio a conocer que el Comando de Vacunaci\u00f3n le solicit\u00f3 a la UAS 40 brigadistas,&nbsp;<\/span>20 del \u00e1rea de Enfermer\u00eda y 20 de Medicina General, para aplicar la primera dosis de la vacuna AstraZeneca a personas en condici\u00f3n de postraci\u00f3n en sus domicilios, residentes en asilos y en el penal de Culiac\u00e1n.<\/span><\/p>\n<p class=\"x_MsoNormal\" style=\"text-align: justify;\"><span lang=\"ES\" style=\"font-size: 14pt; font-family: arial, helvetica, sans-serif;\"><\/span><\/p>\n<p class=\"x_MsoNormal\" style=\"text-align: justify;\"><span lang=\"ES\" style=\"font-size: 14pt; font-family: arial, helvetica, sans-serif;\">Agreg\u00f3 que la instituci\u00f3n tiene la obligaci\u00f3n moral y \u00e9tica de atender el llamado y hacerlo con convicci\u00f3n como ha venido trabajando desde inicios de la pandemia.<\/span><\/p>\n<p style=\"text-align: justify;\">&nbsp;<\/p>\n<p class=\"x_MsoNormal\" style=\"text-align: justify;\"><span style=\"font-size: 14pt; font-family: arial, helvetica, sans-serif;\">Por \u00faltimo, se\u00f1al\u00f3 que posiblemente cuando se termine esta fase de vacunaci\u00f3n a los mayores de 60 a\u00f1os se inicie con la vacunaci\u00f3n a los maestros y personal administrativo de las universidades, ya que se solicit\u00f3 de la federaci\u00f3n complementar y actualizar informaci\u00f3n del Padr\u00f3n de Vacunaci\u00f3n del Personal Universitario, donde en un inicio se mandaron poco m\u00e1s de 10 mil registros y en esta ocasi\u00f3n el n\u00famero ascendi\u00f3 a 12 mil universitarios dados de alta.<\/span><\/p>\n<p style=\"text-align: justify;\">&nbsp;<\/p>\n<p style=\"text-align: justify;\">&nbsp;<\/p>\n<p style=\"text-align: justify;\"><span style=\"font-size: 14pt; font-family: arial, helvetica, sans-serif;\">REDACCI\u00d3N\/VISI\u00d3N CIUDADANA.<\/span><\/p>\n","protected":false},"excerpt":{"rendered":"<p>&nbsp; &nbsp; El Rector Juan Eulogio Guerra Liera dio a conocer que el Comando de Vacunaci\u00f3n le solicit\u00f3 a la UAS 40 brigadistas,&nbsp;20 del \u00e1rea de Enfermer\u00eda y 20 de Medicina General, para aplicar la primera dosis de la vacuna AstraZeneca a personas en condici\u00f3n de postraci\u00f3n en sus domicilios, residentes en asilos y en [&hellip;]<\/p>\n","protected":false},"author":1,"featured_media":299,"comment_status":"closed","ping_status":"closed","sticky":false,"template":"","format":"standard","meta":{"footnotes":""},"categories":[24],"tags":[],"ppma_author":[31],"class_list":["post-16703","post","type-post","status-publish","format-standard","has-post-thumbnail","hentry","category-relevantes"],"aioseo_notices":[],"authors":[{"term_id":31,"user_id":1,"is_guest":0,"slug":"ivan3vino","display_name":"Iv\u00e1n Trevi\u00f1o","avatar_url":{"url":"https:\/\/visionciudadana.com.mx\/oficial\/wp-content\/uploads\/2025\/09\/columna-ivan-Trevino.png","url2x":"https:\/\/visionciudadana.com.mx\/oficial\/wp-content\/uploads\/2025\/09\/columna-ivan-Trevino.png"},"0":null,"1":"","2":"","3":"","4":"","5":"","6":"","7":"","8":""}],"_links":{"self":[{"href":"https:\/\/visionciudadana.com.mx\/oficial\/wp-json\/wp\/v2\/posts\/16703","targetHints":{"allow":["GET"]}}],"collection":[{"href":"https:\/\/visionciudadana.com.mx\/oficial\/wp-json\/wp\/v2\/posts"}],"about":[{"href":"https:\/\/visionciudadana.com.mx\/oficial\/wp-json\/wp\/v2\/types\/post"}],"author":[{"embeddable":true,"href":"https:\/\/visionciudadana.com.mx\/oficial\/wp-json\/wp\/v2\/users\/1"}],"replies":[{"embeddable":true,"href":"https:\/\/visionciudadana.com.mx\/oficial\/wp-json\/wp\/v2\/comments?post=16703"}],"version-history":[{"count":1,"href":"https:\/\/visionciudadana.com.mx\/oficial\/wp-json\/wp\/v2\/posts\/16703\/revisions"}],"predecessor-version":[{"id":31164,"href":"https:\/\/visionciudadana.com.mx\/oficial\/wp-json\/wp\/v2\/posts\/16703\/revisions\/31164"}],"wp:featuredmedia":[{"embeddable":true,"href":"https:\/\/visionciudadana.com.mx\/oficial\/wp-json\/wp\/v2\/media\/299"}],"wp:attachment":[{"href":"https:\/\/visionciudadana.com.mx\/oficial\/wp-json\/wp\/v2\/media?parent=16703"}],"wp:term":[{"taxonomy":"category","embeddable":true,"href":"https:\/\/visionciudadana.com.mx\/oficial\/wp-json\/wp\/v2\/categories?post=16703"},{"taxonomy":"post_tag","embeddable":true,"href":"https:\/\/visionciudadana.com.mx\/oficial\/wp-json\/wp\/v2\/tags?post=16703"},{"taxonomy":"author","embeddable":true,"href":"https:\/\/visionciudadana.com.mx\/oficial\/wp-json\/wp\/v2\/ppma_author?post=16703"}],"curies":[{"name":"wp","href":"https:\/\/api.w.org\/{rel}","templated":true}]}}