{"id":16702,"date":"2021-04-14T00:45:37","date_gmt":"2021-04-14T00:45:37","guid":{"rendered":"https:\/\/visionciudadana.com.mx\/chio\/2021\/04\/14\/manana-alejandro-moreno-presidente-nacinal-del-pri-en-sinaloa-jesus-valdes\/"},"modified":"2025-06-25T00:16:30","modified_gmt":"2025-06-25T00:16:30","slug":"manana-alejandro-moreno-presidente-nacinal-del-pri-en-sinaloa-jesus-valdes","status":"publish","type":"post","link":"https:\/\/visionciudadana.com.mx\/oficial\/2021\/04\/14\/manana-alejandro-moreno-presidente-nacinal-del-pri-en-sinaloa-jesus-valdes\/","title":{"rendered":"Ma\u00f1ana Alejandro Moreno, presidente nacinal del PRI en Sinaloa: Jes\u00fas Vald\u00e9s"},"content":{"rendered":"<p style=\"text-align: justify;\"><img fetchpriority=\"high\" decoding=\"async\" src=\"images\/abril21\/ale1.jpg\" alt=\"ale1\" width=\"780\" height=\"420\" style=\"display: block; margin-left: auto; margin-right: auto;\" \/><\/p>\n<div style=\"text-align: justify;\"><span style=\"font-size: 14pt; font-family: arial, helvetica, sans-serif;\"><\/span><\/div>\n<div style=\"text-align: justify;\"><span style=\"font-size: 14pt; font-family: arial, helvetica, sans-serif;\">El presidente del PRI Sinaloa, Jes\u00fas Vald\u00e9s Palazuelos anunci\u00f3 que este mi\u00e9rcoles, el dirigente nacional del PRI, Alejandro Moreno, realizar\u00e1 gira por el estado y visitar\u00e1 los municipios de Ahome, Guasave, Navolato y Culiac\u00e1n.<\/span><\/div>\n<div style=\"text-align: justify;\">&nbsp;<\/div>\n<div style=\"text-align: justify;\"><span style=\"font-size: 14pt; font-family: arial, helvetica, sans-serif;\"><\/span><\/div>\n<div style=\"text-align: justify;\"><span style=\"font-size: 14pt; font-family: arial, helvetica, sans-serif;\">Acompa\u00f1ado del candidato a la gubernatura por la coalici\u00f3n \u201cVa por Sinaloa\u201d, Mario Zamora Gast\u00e9lum, el presidente nacional del PRI, sostendr\u00e1 encuentros con estructuras territoriales de Los Mochis; encuentros con mujeres en Guasave, \u201ctambi\u00e9n con la estructura de Navolato para cerrar aqu\u00ed en Culiac\u00e1n con un evento en el palenque de la Feria Ganadera ma\u00f1ana a las 4:00 de la tarde\u201d, adelant\u00f3 Jes\u00fas Vald\u00e9s.<\/span><\/div>\n<div style=\"text-align: justify;\">&nbsp;<\/div>\n<div style=\"text-align: justify;\"><span style=\"font-size: 14pt; font-family: arial, helvetica, sans-serif;\"><\/span><\/div>\n<div style=\"text-align: justify;\"><span style=\"font-size: 14pt; font-family: arial, helvetica, sans-serif;\">Indic\u00f3 que la gira de Alito Moreno, viene a fortalecer el proceso electoral que se vive en Sinaloa y en el que, indiscutiblemente, \u201cvamos a ganar\u201d, destac\u00f3 Jes\u00fas Vald\u00e9s.&nbsp;&nbsp;<\/span><\/div>\n<div style=\"text-align: justify;\">&nbsp;<\/div>\n<div style=\"text-align: justify;\">&nbsp;<\/div>\n<div style=\"text-align: justify;\"><span style=\"font-size: 14pt; font-family: arial, helvetica, sans-serif;\"><\/span><\/div>\n<div style=\"text-align: justify;\"><span style=\"font-size: 14pt; font-family: arial, helvetica, sans-serif;\">La convocatoria es para la militancia y simpatizantes de los partidos que estamos en la coliaci\u00f3n de \u201cVa por Sinaloa\u201d, el PRI, PRD y el PAN, puntualiz\u00f3 Jes\u00fas Vald\u00e9s.<\/span><\/div>\n<div style=\"text-align: justify;\">&nbsp;<\/div>\n<div style=\"text-align: justify;\">&nbsp;<\/div>\n<div style=\"text-align: justify;\">&nbsp;<\/div>\n<div style=\"text-align: justify;\"><span style=\"font-size: 14pt; font-family: arial, helvetica, sans-serif;\">REDACCI\u00d3N\/VISI\u00d3N CIUDADANA.<\/span><\/div>\n","protected":false},"excerpt":{"rendered":"<p>El presidente del PRI Sinaloa, Jes\u00fas Vald\u00e9s Palazuelos anunci\u00f3 que este mi\u00e9rcoles, el dirigente nacional del PRI, Alejandro Moreno, realizar\u00e1 gira por el estado y visitar\u00e1 los municipios de Ahome, Guasave, Navolato y Culiac\u00e1n. &nbsp; Acompa\u00f1ado del candidato a la gubernatura por la coalici\u00f3n \u201cVa por Sinaloa\u201d, Mario Zamora Gast\u00e9lum, el presidente nacional del PRI, [&hellip;]<\/p>\n","protected":false},"author":1,"featured_media":297,"comment_status":"closed","ping_status":"closed","sticky":false,"template":"","format":"standard","meta":{"footnotes":""},"categories":[24],"tags":[],"ppma_author":[31],"class_list":["post-16702","post","type-post","status-publish","format-standard","has-post-thumbnail","hentry","category-relevantes"],"aioseo_notices":[],"authors":[{"term_id":31,"user_id":1,"is_guest":0,"slug":"ivan3vino","display_name":"Iv\u00e1n Trevi\u00f1o","avatar_url":{"url":"https:\/\/visionciudadana.com.mx\/oficial\/wp-content\/uploads\/2025\/09\/columna-ivan-Trevino.png","url2x":"https:\/\/visionciudadana.com.mx\/oficial\/wp-content\/uploads\/2025\/09\/columna-ivan-Trevino.png"},"0":null,"1":"","2":"","3":"","4":"","5":"","6":"","7":"","8":""}],"_links":{"self":[{"href":"https:\/\/visionciudadana.com.mx\/oficial\/wp-json\/wp\/v2\/posts\/16702","targetHints":{"allow":["GET"]}}],"collection":[{"href":"https:\/\/visionciudadana.com.mx\/oficial\/wp-json\/wp\/v2\/posts"}],"about":[{"href":"https:\/\/visionciudadana.com.mx\/oficial\/wp-json\/wp\/v2\/types\/post"}],"author":[{"embeddable":true,"href":"https:\/\/visionciudadana.com.mx\/oficial\/wp-json\/wp\/v2\/users\/1"}],"replies":[{"embeddable":true,"href":"https:\/\/visionciudadana.com.mx\/oficial\/wp-json\/wp\/v2\/comments?post=16702"}],"version-history":[{"count":1,"href":"https:\/\/visionciudadana.com.mx\/oficial\/wp-json\/wp\/v2\/posts\/16702\/revisions"}],"predecessor-version":[{"id":31165,"href":"https:\/\/visionciudadana.com.mx\/oficial\/wp-json\/wp\/v2\/posts\/16702\/revisions\/31165"}],"wp:featuredmedia":[{"embeddable":true,"href":"https:\/\/visionciudadana.com.mx\/oficial\/wp-json\/wp\/v2\/media\/297"}],"wp:attachment":[{"href":"https:\/\/visionciudadana.com.mx\/oficial\/wp-json\/wp\/v2\/media?parent=16702"}],"wp:term":[{"taxonomy":"category","embeddable":true,"href":"https:\/\/visionciudadana.com.mx\/oficial\/wp-json\/wp\/v2\/categories?post=16702"},{"taxonomy":"post_tag","embeddable":true,"href":"https:\/\/visionciudadana.com.mx\/oficial\/wp-json\/wp\/v2\/tags?post=16702"},{"taxonomy":"author","embeddable":true,"href":"https:\/\/visionciudadana.com.mx\/oficial\/wp-json\/wp\/v2\/ppma_author?post=16702"}],"curies":[{"name":"wp","href":"https:\/\/api.w.org\/{rel}","templated":true}]}}