{"id":16701,"date":"2021-04-14T00:40:40","date_gmt":"2021-04-14T00:40:40","guid":{"rendered":"https:\/\/visionciudadana.com.mx\/chio\/2021\/04\/14\/militantes-de-moena-y-pas-luchan-unidos-por-la-justicia-social-rocha-moya\/"},"modified":"2025-06-25T00:16:30","modified_gmt":"2025-06-25T00:16:30","slug":"militantes-de-moena-y-pas-luchan-unidos-por-la-justicia-social-rocha-moya","status":"publish","type":"post","link":"https:\/\/visionciudadana.com.mx\/oficial\/2021\/04\/14\/militantes-de-moena-y-pas-luchan-unidos-por-la-justicia-social-rocha-moya\/","title":{"rendered":"Militantes de Moena y PAS luchan unidos por la justicia social: Rocha Moya"},"content":{"rendered":"<p style=\"text-align: justify;\"><span style=\"font-size: 14pt; font-family: arial, helvetica, sans-serif;\"><img fetchpriority=\"high\" decoding=\"async\" src=\"images\/abril21\/pas_morena2.jpg\" alt=\"pas morena2\" width=\"780\" height=\"420\" style=\"display: block; margin: 20px auto;\" \/><br \/><\/span><\/p>\n<div style=\"text-align: justify;\"><span style=\"font-size: 14pt; font-family: arial, helvetica, sans-serif;\">El candidato de la alianza Morena-PAS a la gubernatura, Rub\u00e9n Rocha Moya afirm\u00f3 que a los militantes de ambos partidos los identifica y une firmemente la lucha porque la justicia social sea una realidad en Sinaloa.<\/span><\/div>\n<div style=\"text-align: justify;\"><span style=\"font-size: 14pt; font-family: arial, helvetica, sans-serif;\"><\/span><\/div>\n<div style=\"text-align: justify;\"><span style=\"font-size: 14pt; font-family: arial, helvetica, sans-serif;\"><\/span><\/div>\n<div style=\"text-align: justify;\"><span style=\"font-size: 14pt; font-family: arial, helvetica, sans-serif;\">\u00abNos une el hecho de nuestra cercan\u00eda con la gente m\u00e1s despose\u00edda, la gente olvidada, marginada, discriminada, por tantos y tantos a\u00f1os, y tambi\u00e9n nos une la idea de la justicia, de la transparencia, de la unidad, de la honestidad en el manejo de la cosa p\u00fablica\u201d, puntualiz\u00f3 en una reuni\u00f3n v\u00eda Zoom con los integrantes de la estructura del Partido Sinaloense.<\/span><\/div>\n<div style=\"text-align: justify;\"><span style=\"font-size: 14pt; font-family: arial, helvetica, sans-serif;\"><\/span><\/div>\n<div style=\"text-align: justify;\"><span style=\"font-size: 14pt; font-family: arial, helvetica, sans-serif;\"><\/span><\/div>\n<div style=\"text-align: justify;\"><span style=\"font-size: 14pt; font-family: arial, helvetica, sans-serif;\">Acompa\u00f1ado por H\u00e9ctor Melesio Cu\u00e9n Ojeda, presidente estatal del PAS, expres\u00f3 su reconocimiento a todos los pasistas del estado que han hecho el esfuerzo necesario en pol\u00edtica para embonar muy bien con las brigadas de Morena, porque la unidad debe darse en la pr\u00e1ctica, en la actividad cotidiana de la campa\u00f1a.<\/span><\/div>\n<div style=\"text-align: justify;\"><span style=\"font-size: 14pt; font-family: arial, helvetica, sans-serif;\"><\/span><\/div>\n<div style=\"text-align: justify;\"><span style=\"font-size: 14pt; font-family: arial, helvetica, sans-serif;\"><\/span><\/div>\n<div style=\"text-align: justify;\"><span style=\"font-size: 14pt; font-family: arial, helvetica, sans-serif;\">El abanderado de Morena-PAS agradeci\u00f3 a H\u00e9ctor Melesio Cu\u00e9n Ojeda porque no lo ha dejado de la mano desde el arranque de la campa\u00f1a, as\u00ed como a los militantes de la estructura, que llenan de algarab\u00eda los eventos proselitistas.<\/span><\/div>\n<div style=\"text-align: justify;\"><span style=\"font-size: 14pt; font-family: arial, helvetica, sans-serif;\"><\/span><\/div>\n<div style=\"text-align: justify;\"><span style=\"font-size: 14pt; font-family: arial, helvetica, sans-serif;\"><\/span><\/div>\n<div style=\"text-align: justify;\"><span style=\"font-size: 14pt; font-family: arial, helvetica, sans-serif;\">En el mismo sentido, enfatiz\u00f3 su agradecimiento al secretario general del PAS, V\u00edctor Antonio Corrales Burgue\u00f1o y la diputada local con licencia Ang\u00e9lica D\u00edaz de Cu\u00e9n, quienes participaron en la reuni\u00f3n que congreg\u00f3 virtualmente desde la sede estatal del partido a mil 120 militantes.<\/span><\/div>\n<div style=\"text-align: justify;\"><span style=\"font-size: 14pt; font-family: arial, helvetica, sans-serif;\"><\/span><\/div>\n<div style=\"text-align: justify;\"><span style=\"font-size: 14pt; font-family: arial, helvetica, sans-serif;\"><\/span><\/div>\n<div style=\"text-align: justify;\"><span style=\"font-size: 14pt; font-family: arial, helvetica, sans-serif;\">A su vez, el l\u00edder del Partido Sinaloense manifest\u00f3:<\/span><\/div>\n<div style=\"text-align: justify;\"><span style=\"font-size: 14pt; font-family: arial, helvetica, sans-serif;\"><\/span><\/div>\n<div style=\"text-align: justify;\"><span style=\"font-size: 14pt; font-family: arial, helvetica, sans-serif;\"><\/span><\/div>\n<div style=\"text-align: justify;\"><span style=\"font-size: 14pt; font-family: arial, helvetica, sans-serif;\">\u201cHoy estamos aqu\u00ed con la firme convicci\u00f3n de que hay que luchar muy fuerte los pr\u00f3ximos 50 d\u00edas, nosotros no vamos a bajar la guardia, yo lo digo en mi discurso de manera reiterada, que el objetivo principal nuestro es que el Dr. Rub\u00e9n Rocha Moya sea nuestro pr\u00f3ximo gobernador del estado de Sinaloa\u201d.<\/span><\/div>\n<div style=\"text-align: justify;\"><span style=\"font-size: 14pt; font-family: arial, helvetica, sans-serif;\"><\/span><\/div>\n<div style=\"text-align: justify;\"><span style=\"font-size: 14pt; font-family: arial, helvetica, sans-serif;\"><\/span><\/div>\n<div style=\"text-align: justify;\"><span style=\"font-size: 14pt; font-family: arial, helvetica, sans-serif;\">Cu\u00e9n Ojeda detall\u00f3 que la estructura del PAS est\u00e1 integrada por alrededor de 146 mil militantes, de los cuales, 19 personas corresponden al Comit\u00e9 Ejecutivo Estatal, 10 delegados zonales,&nbsp; 321 miembros de los 18 comit\u00e9s directivos municipales, 24 coordinadores distritales, 292 delegados de subcomit\u00e9s y 628 presidentes de subcomit\u00e9s.<\/span><\/div>\n<div style=\"text-align: justify;\">&nbsp;<\/div>\n<div style=\"text-align: justify;\">&nbsp;<\/div>\n<div style=\"text-align: justify;\">&nbsp;<\/div>\n<div style=\"text-align: justify;\"><span style=\"font-size: 14pt; font-family: arial, helvetica, sans-serif;\">REDACCI\u00d3N\/VISI\u00d3N CIUDADANA.<\/span><\/div>\n","protected":false},"excerpt":{"rendered":"<p>El candidato de la alianza Morena-PAS a la gubernatura, Rub\u00e9n Rocha Moya afirm\u00f3 que a los militantes de ambos partidos los identifica y une firmemente la lucha porque la justicia social sea una realidad en Sinaloa. \u00abNos une el hecho de nuestra cercan\u00eda con la gente m\u00e1s despose\u00edda, la gente olvidada, marginada, discriminada, por tantos [&hellip;]<\/p>\n","protected":false},"author":1,"featured_media":295,"comment_status":"closed","ping_status":"closed","sticky":false,"template":"","format":"standard","meta":{"footnotes":""},"categories":[24],"tags":[],"ppma_author":[31],"class_list":["post-16701","post","type-post","status-publish","format-standard","has-post-thumbnail","hentry","category-relevantes"],"aioseo_notices":[],"authors":[{"term_id":31,"user_id":1,"is_guest":0,"slug":"ivan3vino","display_name":"Iv\u00e1n Trevi\u00f1o","avatar_url":{"url":"https:\/\/visionciudadana.com.mx\/oficial\/wp-content\/uploads\/2025\/09\/columna-ivan-Trevino.png","url2x":"https:\/\/visionciudadana.com.mx\/oficial\/wp-content\/uploads\/2025\/09\/columna-ivan-Trevino.png"},"0":null,"1":"","2":"","3":"","4":"","5":"","6":"","7":"","8":""}],"_links":{"self":[{"href":"https:\/\/visionciudadana.com.mx\/oficial\/wp-json\/wp\/v2\/posts\/16701","targetHints":{"allow":["GET"]}}],"collection":[{"href":"https:\/\/visionciudadana.com.mx\/oficial\/wp-json\/wp\/v2\/posts"}],"about":[{"href":"https:\/\/visionciudadana.com.mx\/oficial\/wp-json\/wp\/v2\/types\/post"}],"author":[{"embeddable":true,"href":"https:\/\/visionciudadana.com.mx\/oficial\/wp-json\/wp\/v2\/users\/1"}],"replies":[{"embeddable":true,"href":"https:\/\/visionciudadana.com.mx\/oficial\/wp-json\/wp\/v2\/comments?post=16701"}],"version-history":[{"count":1,"href":"https:\/\/visionciudadana.com.mx\/oficial\/wp-json\/wp\/v2\/posts\/16701\/revisions"}],"predecessor-version":[{"id":31166,"href":"https:\/\/visionciudadana.com.mx\/oficial\/wp-json\/wp\/v2\/posts\/16701\/revisions\/31166"}],"wp:featuredmedia":[{"embeddable":true,"href":"https:\/\/visionciudadana.com.mx\/oficial\/wp-json\/wp\/v2\/media\/295"}],"wp:attachment":[{"href":"https:\/\/visionciudadana.com.mx\/oficial\/wp-json\/wp\/v2\/media?parent=16701"}],"wp:term":[{"taxonomy":"category","embeddable":true,"href":"https:\/\/visionciudadana.com.mx\/oficial\/wp-json\/wp\/v2\/categories?post=16701"},{"taxonomy":"post_tag","embeddable":true,"href":"https:\/\/visionciudadana.com.mx\/oficial\/wp-json\/wp\/v2\/tags?post=16701"},{"taxonomy":"author","embeddable":true,"href":"https:\/\/visionciudadana.com.mx\/oficial\/wp-json\/wp\/v2\/ppma_author?post=16701"}],"curies":[{"name":"wp","href":"https:\/\/api.w.org\/{rel}","templated":true}]}}