{"id":16700,"date":"2021-04-14T00:32:17","date_gmt":"2021-04-14T00:32:17","guid":{"rendered":"https:\/\/visionciudadana.com.mx\/chio\/2021\/04\/14\/la-uas-esta-satisfecha-con-labor-que-han-desempenado-brigadistas-universitarios\/"},"modified":"2025-06-25T00:16:31","modified_gmt":"2025-06-25T00:16:31","slug":"la-uas-esta-satisfecha-con-labor-que-han-desempenado-brigadistas-universitarios","status":"publish","type":"post","link":"https:\/\/visionciudadana.com.mx\/oficial\/2021\/04\/14\/la-uas-esta-satisfecha-con-labor-que-han-desempenado-brigadistas-universitarios\/","title":{"rendered":"La UAS est\u00e1 satisfecha con labor que han desempe\u00f1ado brigadistas universitarios"},"content":{"rendered":"<p>&nbsp;<\/p>\n<p><img fetchpriority=\"high\" decoding=\"async\" src=\"images\/abril21\/brigadistas-uas2.jpg\" alt=\"brigadistas uas2\" width=\"780\" height=\"420\" style=\"display: block; margin-left: auto; margin-right: auto;\" \/><\/p>\n<p class=\"x_MsoNormal\" style=\"text-align: justify;\"><span lang=\"ES\"><span style=\"font-size: 14pt; font-family: arial, helvetica, sans-serif;\">La Universidad Aut\u00f3noma de Sinaloa (UAS) se encuentra satisfecha con la labor que han desempe\u00f1ado los brigadistas universitarios, quienes a la fecha suman 3 mil 787 estudiantes que est\u00e1n apoyando en el Plan Nacional de Vacunaci\u00f3n contra COVID-19 en todo el estado, algunos ya en la aplicaci\u00f3n de la segunda dosis a adultos mayores de 60 a\u00f1os.<\/span><\/span><\/p>\n<p class=\"x_MsoNormal\" style=\"text-align: justify;\"><span lang=\"ES\" style=\"font-size: 14pt; font-family: arial, helvetica, sans-serif;\"><\/span><\/p>\n<p class=\"x_MsoNormal\" style=\"text-align: justify;\"><span lang=\"ES\" style=\"font-size: 14pt; font-family: arial, helvetica, sans-serif;\">Lo anterior lo inform\u00f3 el Rector, doctor Juan Eulogio Guerra Liera, al realizar una visita al centro de vacunaci\u00f3n ubicado en la Escuela de Ciencias Econ\u00f3micas y Administrativas (ECEA) en Guasave, municipio donde este d\u00eda se cierra la jornada de vacunaci\u00f3n a 21 mil 125 adultos mayores en 11 localidades, quienes llegaron desde temprano a este punto donde tambi\u00e9n se aplic\u00f3 la vacuna a los adultos arriba de sus autos.<\/span><\/p>\n<p class=\"x_MsoNormal\" style=\"text-align: justify;\"><span lang=\"ES\" style=\"font-size: 14pt; font-family: arial, helvetica, sans-serif;\"><\/span><\/p>\n<p class=\"x_MsoNormal\" style=\"text-align: justify;\"><span style=\"font-size: 14pt; font-family: arial, helvetica, sans-serif;\"><span lang=\"ES\">Guerra Liera detall\u00f3 que&nbsp;<\/span>a finales del mes de marzo y a inicios de abril, se aplicaron 18 mil 210 dosis de la vacuna Sinovac en este municipio, con el apoyo de 90 brigadistas universitarios, quienes prestaron sus servicios en 8 localidades y hoy se est\u00e1 cerrando una jornada donde participan otros 180 voluntarios.<\/span><\/p>\n<p class=\"x_MsoNormal\" style=\"text-align: justify;\"><span lang=\"ES\" style=\"font-size: 14pt; font-family: arial, helvetica, sans-serif;\"><\/span><\/p>\n<p class=\"x_MsoNormal\" style=\"text-align: justify;\"><span lang=\"ES\" style=\"font-size: 14pt; font-family: arial, helvetica, sans-serif;\">\u201cLa Universidad como un bien p\u00fablico siempre ha abrazado las mejores causas sociales y qu\u00e9 mejor causa social que la de garantizar con lo que est\u00e1 a nuestro alcance como es infraestructura f\u00edsica y humana y ese gran coraz\u00f3n que tiene la Universidad para llevar a cabo este servicio que mucho se est\u00e1 exigiendo y est\u00e1 requiriendo la sociedad\u201d, dijo Guerra Liera.<\/span><\/p>\n<p class=\"x_MsoNormal\" style=\"text-align: justify;\"><span lang=\"ES\" style=\"font-size: 14pt; font-family: arial, helvetica, sans-serif;\"><\/span><\/p>\n<p class=\"x_MsoNormal\" style=\"text-align: justify;\"><span lang=\"ES\" style=\"font-size: 14pt; font-family: arial, helvetica, sans-serif;\">Acompa\u00f1ado del Vicerrector de la Unidad Regional Centro Norte (URCN), maestro Aar\u00f3n P\u00e9rez S\u00e1nchez, del Secretario General, doctor Gerardo Alapizco Castro y del Secretario de Administraci\u00f3n y Finanzas, maestro Manuel de Jes\u00fas Lara Salazar, el Rector ponder\u00f3 la gran asistencia de adultos mayores que de manera ordenada y paciente esperaron a las afueras de la Escuela para ingresar y ser vacunados y de igual forma reconoci\u00f3 el trabajo y esfuerzo de los brigadistas universitarios.<\/span><\/p>\n<p class=\"x_MsoNormal\" style=\"text-align: justify;\"><span lang=\"ES\" style=\"font-size: 14pt; font-family: arial, helvetica, sans-serif;\"><\/span><\/p>\n<p class=\"x_MsoNormal\" style=\"text-align: justify;\"><span lang=\"ES\" style=\"font-size: 14pt; font-family: arial, helvetica, sans-serif;\">\u201cHay mucha m\u00edstica de servicio, creo que nuestros j\u00f3venes estudiantes del \u00e1rea de la salud (\u2026) lo han asumido con mucho compromiso, con responsabilidad, podemos decir que una inyecci\u00f3n no tiene mucha ciencia, pero ah\u00ed va el mensaje de mantener la salud, de recuperarse y llegar a la nueva normalidad (\u2026) hoy vemos que de manera natural ha mejorado la organizaci\u00f3n, la Universidad con mucha entrega est\u00e1 participando y esperamos seguir haci\u00e9ndolo y estamos presentes en los 18 municipios no solo con nuestros brigadistas, sino tambi\u00e9n con espacios universitarios para que sean centros de vacunaci\u00f3n\u201d, expres\u00f3.<\/span><\/p>\n<p class=\"x_MsoNormal\" style=\"text-align: justify;\"><span lang=\"ES\" style=\"font-size: 14pt; font-family: arial, helvetica, sans-serif;\"><\/span><\/p>\n<p class=\"x_MsoNormal\" style=\"text-align: justify;\"><span lang=\"ES\" style=\"font-size: 14pt; font-family: arial, helvetica, sans-serif;\">El Rector hizo un llamado a la poblaci\u00f3n a vacunarse, a conjuntar esfuerzos y hacer un frente com\u00fan contra la pandemia con lo que se tenga al alcance, como en el caso de la UAS, donde sus estudiantes \u201chan estado al 100\u201d y sus docentes desde el inicio se integraron al Comit\u00e9 de Salud que se form\u00f3 en la instituci\u00f3n.<\/span><\/p>\n<p class=\"x_MsoNormal\" style=\"text-align: justify;\"><span lang=\"ES\" style=\"font-size: 14pt; font-family: arial, helvetica, sans-serif;\"><\/span><\/p>\n<p class=\"x_MsoNormal\" style=\"text-align: justify;\"><span lang=\"ES\" style=\"font-size: 14pt; font-family: arial, helvetica, sans-serif;\">Posteriormente el Rector encabez\u00f3 una conferencia de prensa con medios locales, donde enfatiz\u00f3 que independientemente del proceso electoral actual, el principal tema que se est\u00e1 abordando es el de salvaguardar la salud de la poblaci\u00f3n y por ello la UAS como bien p\u00fablico se ha puesto a disposici\u00f3n de la sociedad.<\/span><\/p>\n<p class=\"x_MsoNormal\" style=\"text-align: justify;\"><span lang=\"ES\" style=\"font-size: 14pt; font-family: arial, helvetica, sans-serif;\"><\/span><\/p>\n<p class=\"x_MsoNormal\" style=\"text-align: justify;\"><span lang=\"ES\" style=\"font-size: 14pt; font-family: arial, helvetica, sans-serif;\">Reiter\u00f3 su opini\u00f3n de que es necesario dar un impulso a la econom\u00eda y regresar a las clases presenciales, pero sin poner en riesgo la vida de las personas, as\u00ed mismo detall\u00f3 el n\u00famero de brigadistas universitarios que han estado apoyando la vacunaci\u00f3n en cada municipio con el n\u00famero de dosis aplicadas y dio a conocer los avances del proceso de preinscripciones.<\/span><\/p>\n<p style=\"text-align: justify;\">&nbsp;<\/p>\n<p style=\"text-align: justify;\">&nbsp;<\/p>\n<p style=\"text-align: justify;\"><span style=\"font-size: 14pt; font-family: arial, helvetica, sans-serif;\">REDACCI\u00d3N\/VISI\u00d3N CIUDADANA.<\/span><\/p>\n","protected":false},"excerpt":{"rendered":"<p>&nbsp; La Universidad Aut\u00f3noma de Sinaloa (UAS) se encuentra satisfecha con la labor que han desempe\u00f1ado los brigadistas universitarios, quienes a la fecha suman 3 mil 787 estudiantes que est\u00e1n apoyando en el Plan Nacional de Vacunaci\u00f3n contra COVID-19 en todo el estado, algunos ya en la aplicaci\u00f3n de la segunda dosis a adultos mayores [&hellip;]<\/p>\n","protected":false},"author":1,"featured_media":293,"comment_status":"closed","ping_status":"closed","sticky":false,"template":"","format":"standard","meta":{"footnotes":""},"categories":[24],"tags":[],"ppma_author":[31],"class_list":["post-16700","post","type-post","status-publish","format-standard","has-post-thumbnail","hentry","category-relevantes"],"aioseo_notices":[],"authors":[{"term_id":31,"user_id":1,"is_guest":0,"slug":"ivan3vino","display_name":"Iv\u00e1n Trevi\u00f1o","avatar_url":{"url":"https:\/\/visionciudadana.com.mx\/oficial\/wp-content\/uploads\/2025\/09\/columna-ivan-Trevino.png","url2x":"https:\/\/visionciudadana.com.mx\/oficial\/wp-content\/uploads\/2025\/09\/columna-ivan-Trevino.png"},"0":null,"1":"","2":"","3":"","4":"","5":"","6":"","7":"","8":""}],"_links":{"self":[{"href":"https:\/\/visionciudadana.com.mx\/oficial\/wp-json\/wp\/v2\/posts\/16700","targetHints":{"allow":["GET"]}}],"collection":[{"href":"https:\/\/visionciudadana.com.mx\/oficial\/wp-json\/wp\/v2\/posts"}],"about":[{"href":"https:\/\/visionciudadana.com.mx\/oficial\/wp-json\/wp\/v2\/types\/post"}],"author":[{"embeddable":true,"href":"https:\/\/visionciudadana.com.mx\/oficial\/wp-json\/wp\/v2\/users\/1"}],"replies":[{"embeddable":true,"href":"https:\/\/visionciudadana.com.mx\/oficial\/wp-json\/wp\/v2\/comments?post=16700"}],"version-history":[{"count":1,"href":"https:\/\/visionciudadana.com.mx\/oficial\/wp-json\/wp\/v2\/posts\/16700\/revisions"}],"predecessor-version":[{"id":31167,"href":"https:\/\/visionciudadana.com.mx\/oficial\/wp-json\/wp\/v2\/posts\/16700\/revisions\/31167"}],"wp:featuredmedia":[{"embeddable":true,"href":"https:\/\/visionciudadana.com.mx\/oficial\/wp-json\/wp\/v2\/media\/293"}],"wp:attachment":[{"href":"https:\/\/visionciudadana.com.mx\/oficial\/wp-json\/wp\/v2\/media?parent=16700"}],"wp:term":[{"taxonomy":"category","embeddable":true,"href":"https:\/\/visionciudadana.com.mx\/oficial\/wp-json\/wp\/v2\/categories?post=16700"},{"taxonomy":"post_tag","embeddable":true,"href":"https:\/\/visionciudadana.com.mx\/oficial\/wp-json\/wp\/v2\/tags?post=16700"},{"taxonomy":"author","embeddable":true,"href":"https:\/\/visionciudadana.com.mx\/oficial\/wp-json\/wp\/v2\/ppma_author?post=16700"}],"curies":[{"name":"wp","href":"https:\/\/api.w.org\/{rel}","templated":true}]}}