{"id":16699,"date":"2021-04-14T00:23:54","date_gmt":"2021-04-14T00:23:54","guid":{"rendered":"https:\/\/visionciudadana.com.mx\/chio\/2021\/04\/14\/sinaloa-no-ha-presentado-hechos-graves-a-consecuencia-de-la-vacuna-contra-covid\/"},"modified":"2025-06-25T00:16:31","modified_gmt":"2025-06-25T00:16:31","slug":"sinaloa-no-ha-presentado-hechos-graves-a-consecuencia-de-la-vacuna-contra-covid","status":"publish","type":"post","link":"https:\/\/visionciudadana.com.mx\/oficial\/2021\/04\/14\/sinaloa-no-ha-presentado-hechos-graves-a-consecuencia-de-la-vacuna-contra-covid\/","title":{"rendered":"Sinaloa no ha presentado hechos graves a consecuencia de la vacuna contra Covid"},"content":{"rendered":"<p>&nbsp;<\/p>\n<p class=\"x_MsoNormal\" align=\"center\"><img fetchpriority=\"high\" decoding=\"async\" src=\"images\/abril21\/sin_gravedad.JPG\" alt=\"sin gravedad\" width=\"780\" height=\"420\" style=\"display: block; margin-left: auto; margin-right: auto;\" \/><\/p>\n<p style=\"text-align: justify;\"><span style=\"font-size: 14pt; font-family: arial, helvetica, sans-serif;\">En el momento actual, en Sinaloa se han aplicado alrededor de 273 mil dosis de vacunas contra el COVID-19 a adultos mayores y m\u00e1s de 54 mil en personal del sector salud, entre primeras y segundas dosis, es as\u00ed que se sigue avanzando en el proceso de recepci\u00f3n y aplicaci\u00f3n de las vacunas en todo el territorio sinaloense.<\/span><\/p>\n<p style=\"text-align: justify;\">&nbsp;<\/p>\n<p class=\"x_MsoNormal\" style=\"text-align: justify;\"><span style=\"font-size: 14pt; font-family: arial, helvetica, sans-serif;\">El Secretario de Salud, Dr. Efr\u00e9n Encinas Torres, expres\u00f3 que no se han presentado hechos colaterales graves hasta el momento entre las personas que han recibido la primera o segunda dosis de su vacuna, por lo cual se contin\u00faa con el proceso implementado por la federaci\u00f3n para cubrir la totalidad de sinaloenses ante la actual pandemia.<\/span><\/p>\n<p style=\"text-align: justify;\">&nbsp;<\/p>\n<p class=\"x_MsoNormal\" style=\"text-align: justify;\"><span style=\"font-size: 14pt; font-family: arial, helvetica, sans-serif;\">\u201cNo hemos tenido y lo resalto, ning\u00fan efecto colateral grave en nuestras personas que hemos vacunado, hasta el momento por fortuna son efectos colaterales adversos te\u00f3ricamente relacionados a la vacunaci\u00f3n leves: dolor de cabeza, dolorcito en el brazo en el sitio en el sitio de la aplicaci\u00f3n, etc., nada delicado, hasta el momento ha sido con todo lo que hemos visto en la log\u00edstica pero de manera creo que progresiva, se han visto las diferentes \u00e1reas de oportunidad, ah\u00ed vamos con el proceso\u201d, explic\u00f3.<\/span><\/p>\n<p style=\"text-align: justify;\">&nbsp;<\/p>\n<p class=\"x_MsoNormal\" style=\"text-align: justify;\"><span style=\"font-size: 14pt; font-family: arial, helvetica, sans-serif;\">Asimismo, el tambi\u00e9n director general de los Servicios de Salud de Sinaloa, se\u00f1al\u00f3 la importancia de hacer caso a las recomendaciones que hace el personal de salud al momento de aplicarles la vacuna, ya que se siguen las recomendaciones del Plan Nacional de Vacunaci\u00f3n y de ello depende que no presente mayores complicaciones o reacciones por la misma.<\/span><\/p>\n<p style=\"text-align: justify;\">&nbsp;<\/p>\n<p class=\"x_MsoNormal\" style=\"text-align: justify;\"><span style=\"font-size: 14pt; font-family: arial, helvetica, sans-serif;\">\u201cLa persona debe ir desayunada, de preferencia bien, a menos que curse con alguna otra situaci\u00f3n que tenga que mantener un ayuno, bien dormido, con un sue\u00f1o agradable, c\u00e1lido y en cuanto a la alimentaci\u00f3n se siguen las recomendaciones generales del Plan Nacional de Vacunaci\u00f3n conocido tradicionalmente, en cuanto a alimentos las recomendaciones que se hacen no es, y lo comento, porque estrictamente sea que le vaya a caer mal con la vacuna, es una medida precautoria porque algunos alimentos son m\u00e1s alerg\u00e9nicos, es decir, generan m\u00e1s alergias que otros, son recomendaciones generales por prudencia que se hacen en t\u00e9rminos de seguridad de la persona\u201d, detall\u00f3.<\/span><\/p>\n<p style=\"text-align: justify;\">&nbsp;<\/p>\n<p style=\"text-align: justify;\"><span style=\"font-size: 14pt; font-family: arial, helvetica, sans-serif;\">Recalc\u00f3 que la intenci\u00f3n sigue siendo contar con las vacunas para tener vacunado a todos los adultos mayores de Sinaloa al menos con una primera dosis, el Comando Estatal de Vacunaci\u00f3n integrado por las Fuerzas Armadas, sector salud, sector universitario y Secretar\u00eda de Bienestar han estado trabajando en coordinaci\u00f3n por el bien de la poblaci\u00f3n en general.<\/span><\/p>\n<p style=\"text-align: justify;\">&nbsp;<\/p>\n<p style=\"text-align: justify;\">&nbsp;<\/p>\n<p style=\"text-align: justify;\"><span style=\"font-size: 14pt; font-family: arial, helvetica, sans-serif;\">REDACCI\u00d3N\/VISI\u00d3N CIUDADANA.<\/span><\/p>\n","protected":false},"excerpt":{"rendered":"<p>&nbsp; En el momento actual, en Sinaloa se han aplicado alrededor de 273 mil dosis de vacunas contra el COVID-19 a adultos mayores y m\u00e1s de 54 mil en personal del sector salud, entre primeras y segundas dosis, es as\u00ed que se sigue avanzando en el proceso de recepci\u00f3n y aplicaci\u00f3n de las vacunas en [&hellip;]<\/p>\n","protected":false},"author":1,"featured_media":291,"comment_status":"closed","ping_status":"closed","sticky":false,"template":"","format":"standard","meta":{"footnotes":""},"categories":[24],"tags":[],"ppma_author":[31],"class_list":["post-16699","post","type-post","status-publish","format-standard","has-post-thumbnail","hentry","category-relevantes"],"aioseo_notices":[],"authors":[{"term_id":31,"user_id":1,"is_guest":0,"slug":"ivan3vino","display_name":"Iv\u00e1n Trevi\u00f1o","avatar_url":{"url":"https:\/\/visionciudadana.com.mx\/oficial\/wp-content\/uploads\/2025\/09\/columna-ivan-Trevino.png","url2x":"https:\/\/visionciudadana.com.mx\/oficial\/wp-content\/uploads\/2025\/09\/columna-ivan-Trevino.png"},"0":null,"1":"","2":"","3":"","4":"","5":"","6":"","7":"","8":""}],"_links":{"self":[{"href":"https:\/\/visionciudadana.com.mx\/oficial\/wp-json\/wp\/v2\/posts\/16699","targetHints":{"allow":["GET"]}}],"collection":[{"href":"https:\/\/visionciudadana.com.mx\/oficial\/wp-json\/wp\/v2\/posts"}],"about":[{"href":"https:\/\/visionciudadana.com.mx\/oficial\/wp-json\/wp\/v2\/types\/post"}],"author":[{"embeddable":true,"href":"https:\/\/visionciudadana.com.mx\/oficial\/wp-json\/wp\/v2\/users\/1"}],"replies":[{"embeddable":true,"href":"https:\/\/visionciudadana.com.mx\/oficial\/wp-json\/wp\/v2\/comments?post=16699"}],"version-history":[{"count":1,"href":"https:\/\/visionciudadana.com.mx\/oficial\/wp-json\/wp\/v2\/posts\/16699\/revisions"}],"predecessor-version":[{"id":31168,"href":"https:\/\/visionciudadana.com.mx\/oficial\/wp-json\/wp\/v2\/posts\/16699\/revisions\/31168"}],"wp:featuredmedia":[{"embeddable":true,"href":"https:\/\/visionciudadana.com.mx\/oficial\/wp-json\/wp\/v2\/media\/291"}],"wp:attachment":[{"href":"https:\/\/visionciudadana.com.mx\/oficial\/wp-json\/wp\/v2\/media?parent=16699"}],"wp:term":[{"taxonomy":"category","embeddable":true,"href":"https:\/\/visionciudadana.com.mx\/oficial\/wp-json\/wp\/v2\/categories?post=16699"},{"taxonomy":"post_tag","embeddable":true,"href":"https:\/\/visionciudadana.com.mx\/oficial\/wp-json\/wp\/v2\/tags?post=16699"},{"taxonomy":"author","embeddable":true,"href":"https:\/\/visionciudadana.com.mx\/oficial\/wp-json\/wp\/v2\/ppma_author?post=16699"}],"curies":[{"name":"wp","href":"https:\/\/api.w.org\/{rel}","templated":true}]}}