{"id":16693,"date":"2021-04-13T02:19:50","date_gmt":"2021-04-13T02:19:50","guid":{"rendered":"https:\/\/visionciudadana.com.mx\/chio\/2021\/04\/13\/me-quedo-en-mi-escuela-una-opcion-mas-contra-el-abandono-escolar\/"},"modified":"2025-06-25T00:16:31","modified_gmt":"2025-06-25T00:16:31","slug":"me-quedo-en-mi-escuela-una-opcion-mas-contra-el-abandono-escolar","status":"publish","type":"post","link":"https:\/\/visionciudadana.com.mx\/oficial\/2021\/04\/13\/me-quedo-en-mi-escuela-una-opcion-mas-contra-el-abandono-escolar\/","title":{"rendered":"\u201cMe quedo en mi escuela\u201d, una opci\u00f3n m\u00e1s contra el abandono escolar"},"content":{"rendered":"<p><img fetchpriority=\"high\" decoding=\"async\" src=\"images\/abril21\/sepiic.jpg\" alt=\"sepiic\" width=\"780\" height=\"420\" style=\"display: block; margin-left: auto; margin-right: auto;\" \/><\/p>\n<div>&nbsp;<\/div>\n<div style=\"text-align: justify;\"><span style=\"font-size: 14pt; font-family: arial, helvetica, sans-serif;\">En Sinaloa 1 de cada 10 ni\u00f1os, ni\u00f1as, j\u00f3venes y adolescentes est\u00e1 en riesgo de abandono escolar, situaci\u00f3n que requiere la creaci\u00f3n de opciones que los ayuden a continuar en la escuela, expres\u00f3 el secretario de Educaci\u00f3n, Juan Alfonso Mej\u00eda L\u00f3pez.&nbsp;<\/span><\/div>\n<div style=\"text-align: justify;\">&nbsp;<\/div>\n<div style=\"text-align: justify;\"><span style=\"font-size: 14pt; font-family: arial, helvetica, sans-serif;\"><\/span><\/div>\n<div style=\"text-align: justify;\"><span style=\"font-size: 14pt; font-family: arial, helvetica, sans-serif;\">Hoy, durante la reuni\u00f3n de Consejo T\u00e9cnico Escolar (CTE), el titular de la Secretar\u00eda de Educaci\u00f3n P\u00fablica y Cultura (SEPyC) present\u00f3 la estrategia \u201cMe quedo en mi escuela\u201d, dise\u00f1ada para combatir el abandono escolar y rescatar a una generaci\u00f3n entera.&nbsp;<\/span><\/div>\n<div style=\"text-align: justify;\">&nbsp;<\/div>\n<div style=\"text-align: justify;\"><span style=\"font-size: 14pt; font-family: arial, helvetica, sans-serif;\"><\/span><\/div>\n<div style=\"text-align: justify;\"><span style=\"font-size: 14pt; font-family: arial, helvetica, sans-serif;\">Asimismo, convoc\u00f3 a directivos y docentes a discutir sobre la posibilidad de habilitar su escuela como un Centro Comunitario de Aprendizaje (CCA) en el que sus alumnos y alumnas que quieran y lo necesiten puedan asistir a la escuela a recibir asesor\u00edas, o bien, continuar con las clases a distancia. Esto \u00faltimo para quienes consideren que les han funcionado las clases a distancia o que se vean imposibilitados para acudir.&nbsp;<\/span><\/div>\n<div style=\"text-align: justify;\">&nbsp;<\/div>\n<div style=\"text-align: justify;\"><span style=\"font-size: 14pt; font-family: arial, helvetica, sans-serif;\"><\/span><\/div>\n<div style=\"text-align: justify;\"><span style=\"font-size: 14pt; font-family: arial, helvetica, sans-serif;\">\u201cLa pandemia ha tenido un particular impacto en las cifras de abandono. Si no tomamos decisiones in\u00e9ditas, nunca antes exploradas en momentos como este, corremos el riesgo de que se escale el problema a una dimensi\u00f3n tambi\u00e9n nunca antes vista, que pueda dibujar otra cara de la pandemia\u201d, dijo.<\/span><\/div>\n<div style=\"text-align: justify;\"><span style=\"font-size: 14pt; font-family: arial, helvetica, sans-serif;\"><\/span><\/div>\n<div style=\"text-align: justify;\">&nbsp;<\/div>\n<div style=\"text-align: justify;\"><span style=\"font-size: 14pt; font-family: arial, helvetica, sans-serif;\">Puntualiz\u00f3 que la puesta en marcha de los CCA ser\u00e1 solo de manera voluntaria y con sem\u00e1foro amarillo, y que para su operaci\u00f3n ya fueron publicados los lineamientos operativos en el Diario de Sinaloa, mismos que dan certeza jur\u00eddica a esta opci\u00f3n. De igual forma, queda establecido que a partir de la decisi\u00f3n que se tome este lunes 12 de abril los Centros empezar\u00edan a funcionar solo a partir del 26 de este mismo mes, es decir, dos semanas despu\u00e9s del fin del periodo vacacional correspondiente a Semana Santa.<\/span><\/div>\n<div style=\"text-align: justify;\"><span style=\"font-size: 14pt; font-family: arial, helvetica, sans-serif;\"><\/span><\/div>\n<div style=\"text-align: justify;\"><span style=\"font-size: 14pt; font-family: arial, helvetica, sans-serif;\">Siete cosas a saber sobre los Centros Comunitarios de Aprendizaje<\/span><\/div>\n<div style=\"text-align: justify;\"><span style=\"font-size: 14pt; font-family: arial, helvetica, sans-serif;\">1. Est\u00e1n avalados por el Consejo Estatal de Salud<\/span><\/div>\n<div style=\"text-align: justify;\"><span style=\"font-size: 14pt; font-family: arial, helvetica, sans-serif;\">2. No representan un regreso a clases presenciales&nbsp;<\/span><\/div>\n<div style=\"text-align: justify;\"><span style=\"font-size: 14pt; font-family: arial, helvetica, sans-serif;\">3. Se realizar\u00e1n de manera voluntaria por parte de la comunidad educativa<\/span><\/div>\n<div style=\"text-align: justify;\"><span style=\"font-size: 14pt; font-family: arial, helvetica, sans-serif;\">4. Es una opci\u00f3n m\u00e1s para combatir el abandono escolar<\/span><\/div>\n<div style=\"text-align: justify;\"><span style=\"font-size: 14pt; font-family: arial, helvetica, sans-serif;\">5. Solo contar\u00e1n con nueve alumnas y alumnos por maestra o maestro<\/span><\/div>\n<div style=\"text-align: justify;\"><span style=\"font-size: 14pt; font-family: arial, helvetica, sans-serif;\">6. Abrir\u00e1n solo con sem\u00e1foro nacional amarillo o verde<\/span><\/div>\n<div style=\"text-align: justify;\"><span style=\"font-size: 14pt; font-family: arial, helvetica, sans-serif;\">7. El grupo asistir\u00e1 de manera intercalada, es decir, una semana s\u00ed y una no<\/span><\/div>\n<div style=\"text-align: justify;\">&nbsp;<\/div>\n<div style=\"text-align: justify;\"><span style=\"font-size: 14pt; font-family: arial, helvetica, sans-serif;\"><\/span><\/div>\n<div style=\"text-align: justify;\"><span style=\"font-size: 14pt; font-family: arial, helvetica, sans-serif;\">El titular de SEPyC a\u00f1adi\u00f3 que por cada ni\u00f1o que se logre mantener en la escuela se rescata a una generaci\u00f3n entera.&nbsp;<\/span><\/div>\n<div style=\"text-align: justify;\"><span style=\"font-size: 14pt; font-family: arial, helvetica, sans-serif;\"><\/span><\/div>\n<div style=\"text-align: justify;\"><span style=\"font-size: 14pt; font-family: arial, helvetica, sans-serif;\">Respecto al regreso a las clases a distancia, este martes 13 de abril, 848 mil 771 alumnos y alumnas de todos los niveles educativos y 53 mil 386 docentes reanudar\u00e1n actividades, tanto de escuelas p\u00fablicas como privadas.&nbsp;<\/span><\/div>\n<div style=\"text-align: justify;\">&nbsp;<\/div>\n<div style=\"text-align: justify;\"><span style=\"font-size: 14pt; font-family: arial, helvetica, sans-serif;\">Del total de los alumnos, 578 mil 776 corresponden a Educaci\u00f3n B\u00e1sica, 137 mil 077 a Media Superior y 132 mil 218 a Superior.<\/span><\/div>\n<div style=\"text-align: justify;\">&nbsp;<\/div>\n<div style=\"text-align: justify;\">&nbsp;<\/div>\n<div style=\"text-align: justify;\"><span style=\"font-size: 14pt; font-family: arial, helvetica, sans-serif;\">REDACCION\/VISI\u00d3N CIUDADANA.<\/span><\/div>\n","protected":false},"excerpt":{"rendered":"<p>&nbsp; En Sinaloa 1 de cada 10 ni\u00f1os, ni\u00f1as, j\u00f3venes y adolescentes est\u00e1 en riesgo de abandono escolar, situaci\u00f3n que requiere la creaci\u00f3n de opciones que los ayuden a continuar en la escuela, expres\u00f3 el secretario de Educaci\u00f3n, Juan Alfonso Mej\u00eda L\u00f3pez.&nbsp; &nbsp; Hoy, durante la reuni\u00f3n de Consejo T\u00e9cnico Escolar (CTE), el titular de [&hellip;]<\/p>\n","protected":false},"author":1,"featured_media":283,"comment_status":"closed","ping_status":"closed","sticky":false,"template":"","format":"standard","meta":{"footnotes":""},"categories":[24],"tags":[],"ppma_author":[31],"class_list":["post-16693","post","type-post","status-publish","format-standard","has-post-thumbnail","hentry","category-relevantes"],"aioseo_notices":[],"authors":[{"term_id":31,"user_id":1,"is_guest":0,"slug":"ivan3vino","display_name":"Iv\u00e1n Trevi\u00f1o","avatar_url":{"url":"https:\/\/visionciudadana.com.mx\/oficial\/wp-content\/uploads\/2025\/09\/columna-ivan-Trevino.png","url2x":"https:\/\/visionciudadana.com.mx\/oficial\/wp-content\/uploads\/2025\/09\/columna-ivan-Trevino.png"},"0":null,"1":"","2":"","3":"","4":"","5":"","6":"","7":"","8":""}],"_links":{"self":[{"href":"https:\/\/visionciudadana.com.mx\/oficial\/wp-json\/wp\/v2\/posts\/16693","targetHints":{"allow":["GET"]}}],"collection":[{"href":"https:\/\/visionciudadana.com.mx\/oficial\/wp-json\/wp\/v2\/posts"}],"about":[{"href":"https:\/\/visionciudadana.com.mx\/oficial\/wp-json\/wp\/v2\/types\/post"}],"author":[{"embeddable":true,"href":"https:\/\/visionciudadana.com.mx\/oficial\/wp-json\/wp\/v2\/users\/1"}],"replies":[{"embeddable":true,"href":"https:\/\/visionciudadana.com.mx\/oficial\/wp-json\/wp\/v2\/comments?post=16693"}],"version-history":[{"count":1,"href":"https:\/\/visionciudadana.com.mx\/oficial\/wp-json\/wp\/v2\/posts\/16693\/revisions"}],"predecessor-version":[{"id":31170,"href":"https:\/\/visionciudadana.com.mx\/oficial\/wp-json\/wp\/v2\/posts\/16693\/revisions\/31170"}],"wp:featuredmedia":[{"embeddable":true,"href":"https:\/\/visionciudadana.com.mx\/oficial\/wp-json\/wp\/v2\/posts\/283"}],"wp:attachment":[{"href":"https:\/\/visionciudadana.com.mx\/oficial\/wp-json\/wp\/v2\/media?parent=16693"}],"wp:term":[{"taxonomy":"category","embeddable":true,"href":"https:\/\/visionciudadana.com.mx\/oficial\/wp-json\/wp\/v2\/categories?post=16693"},{"taxonomy":"post_tag","embeddable":true,"href":"https:\/\/visionciudadana.com.mx\/oficial\/wp-json\/wp\/v2\/tags?post=16693"},{"taxonomy":"author","embeddable":true,"href":"https:\/\/visionciudadana.com.mx\/oficial\/wp-json\/wp\/v2\/ppma_author?post=16693"}],"curies":[{"name":"wp","href":"https:\/\/api.w.org\/{rel}","templated":true}]}}