{"id":16691,"date":"2021-04-13T01:54:15","date_gmt":"2021-04-13T01:54:15","guid":{"rendered":"https:\/\/visionciudadana.com.mx\/chio\/2021\/04\/13\/la-jornada-de-2-dias-en-mazatlan-del-pas-morena-llego-a-villa-union\/"},"modified":"2025-06-25T00:16:31","modified_gmt":"2025-06-25T00:16:31","slug":"la-jornada-de-2-dias-en-mazatlan-del-pas-morena-llego-a-villa-union","status":"publish","type":"post","link":"https:\/\/visionciudadana.com.mx\/oficial\/2021\/04\/13\/la-jornada-de-2-dias-en-mazatlan-del-pas-morena-llego-a-villa-union\/","title":{"rendered":"La jornada de 2 d\u00edas en Mazatl\u00e1n del PAS-MORENA lleg\u00f3 a Villa Uni\u00f3n"},"content":{"rendered":"<p><img fetchpriority=\"high\" decoding=\"async\" src=\"images\/abril21\/villa_uni\u00f3n.jpg\" alt=\"villa uni\u00f3n\" width=\"780\" height=\"420\" style=\"display: block; margin-left: auto; margin-right: auto;\" \/><\/p>\n<div>&nbsp;<\/div>\n<div style=\"text-align: justify;\"><span style=\"font-size: 14pt; font-family: arial, helvetica, sans-serif;\">La campa\u00f1a pol\u00edtica del candidato a la gubernatura de Sinaloa PAS-Morena, Rub\u00e9n Rocha Moya, se traslad\u00f3 a la sindicatura m\u00e1s grande del municipio de Mazatl\u00e1n, Villa Uni\u00f3n, que cuenta con m\u00e1s de 15 mil habitantes y territorio del candidato PAS-Morena al distrito 23, Juan Carlos Patr\u00f3n, estuvieron presentes&nbsp; Luis Guillermo \u201cEl Qu\u00edmico\u201d Ben\u00edtez, candidato del PAS a la presidencia municipal de Mazatl\u00e1n, el presidente del Partido Sinaloense, H\u00e9ctor Melesio Cu\u00e9n Ojeda y un invitado especial que arropa a los candidatos PAS-Morena, el ex beisbolista Juan Jos\u00e9 Pacho.<\/span><\/div>\n<div style=\"text-align: justify;\">&nbsp;<\/div>\n<div style=\"text-align: justify;\"><span style=\"font-size: 14pt; font-family: arial, helvetica, sans-serif;\"><\/span><\/div>\n<div style=\"text-align: justify;\"><span style=\"font-size: 14pt; font-family: arial, helvetica, sans-serif;\">En su intervenci\u00f3n, el presidente del Partido Sinaloense, H\u00e9ctor Melesio Cu\u00e9n Ojeda, coment\u00f3 que los ciudadanos no deben de dejar pasar esta gran oportunidad que tenemos de elegir a una persona muy preparada para que sea gobernador de Sinaloa, creador de la Ley de Educaci\u00f3n, que obliga a las instituciones de educaci\u00f3n p\u00fablica a brindar educaci\u00f3n superior gratuita a todos los estudiantes.<\/span><\/div>\n<div style=\"text-align: justify;\">&nbsp;<\/div>\n<div style=\"text-align: justify;\"><span style=\"font-size: 14pt; font-family: arial, helvetica, sans-serif;\"><\/span><\/div>\n<div style=\"text-align: justify;\"><span style=\"font-size: 14pt; font-family: arial, helvetica, sans-serif;\">Legislar para bajar los recursos que hoy se destinan al \u00e1rea de promoci\u00f3n de la imagen del actual gobernador y por el contrario destinarlos a obras sociales, se pronunci\u00f3 el candidato PAS-Morena al distrito 23, Juan Carlos Patr\u00f3n.<\/span><\/div>\n<div style=\"text-align: justify;\">&nbsp;<\/div>\n<div style=\"text-align: justify;\"><span style=\"font-size: 14pt; font-family: arial, helvetica, sans-serif;\"><\/span><\/div>\n<div style=\"text-align: justify;\"><span style=\"font-size: 14pt; font-family: arial, helvetica, sans-serif;\">Por su parte, Luis Guillermo \u201cEl Qu\u00edmico\u201d Ben\u00edtez, candidato del PAS a la presidencia municipal de Mazatl\u00e1n, present\u00f3 a la S\u00edndica Procuradora y a su planilla de regidores que lo acompa\u00f1ar\u00e1n en el trienio 2021-2024 y se comprometi\u00f3 a construir 60 kil\u00f3metros de pavimentaci\u00f3n de calles.<\/span><\/div>\n<div style=\"text-align: justify;\">&nbsp;<\/div>\n<div style=\"text-align: justify;\"><span style=\"font-size: 14pt; font-family: arial, helvetica, sans-serif;\"><\/span><\/div>\n<div style=\"text-align: justify;\"><span style=\"font-size: 14pt; font-family: arial, helvetica, sans-serif;\">El candidato a la gubernatura de Sinaloa PAS-Morena, Rub\u00e9n Rocha Moya, propuso que de llegar a ser gobernador va a ampliar las becas de manutenci\u00f3n que reciben los estudiantes, pero tambi\u00e9n de implementar un programa de motores marinos, de apoyo al di\u00e9sel marino y dem\u00e1s programas sociales gratuitos a los sectores productivos del estado.<\/span><\/div>\n<div style=\"text-align: justify;\">&nbsp;<\/div>\n<div style=\"text-align: justify;\"><span style=\"font-size: 14pt; font-family: arial, helvetica, sans-serif;\"><\/span><\/div>\n<div style=\"text-align: justify;\"><span style=\"font-size: 14pt; font-family: arial, helvetica, sans-serif;\">\u201cVamos a buscar potenciar la riqueza natural del sur del estado y a los productores agr\u00edcolas creando los sistemas de riego de la presa Picachos, donde m\u00e1s de 220 mil hect\u00e1reas ser\u00e1n beneficiadas, combatiendo la corrupci\u00f3n y sin endeudarnos\u201d, afirm\u00f3 el candidato a la gubernatura de Sinaloa PAS-Morena, Rub\u00e9n Rocha Moya.<\/span><\/div>\n<div style=\"text-align: justify;\">&nbsp;<\/div>\n<div style=\"text-align: justify;\">&nbsp;<\/div>\n<div style=\"text-align: justify;\"><span style=\"font-size: 14pt; font-family: arial, helvetica, sans-serif;\">REDACCI\u00d3N\/VISI\u00d3N CIUDADANA.<\/span><\/div>\n","protected":false},"excerpt":{"rendered":"<p>&nbsp; La campa\u00f1a pol\u00edtica del candidato a la gubernatura de Sinaloa PAS-Morena, Rub\u00e9n Rocha Moya, se traslad\u00f3 a la sindicatura m\u00e1s grande del municipio de Mazatl\u00e1n, Villa Uni\u00f3n, que cuenta con m\u00e1s de 15 mil habitantes y territorio del candidato PAS-Morena al distrito 23, Juan Carlos Patr\u00f3n, estuvieron presentes&nbsp; Luis Guillermo \u201cEl Qu\u00edmico\u201d Ben\u00edtez, candidato [&hellip;]<\/p>\n","protected":false},"author":1,"featured_media":279,"comment_status":"closed","ping_status":"closed","sticky":false,"template":"","format":"standard","meta":{"footnotes":""},"categories":[13],"tags":[],"ppma_author":[31],"class_list":["post-16691","post","type-post","status-publish","format-standard","has-post-thumbnail","hentry","category-locales"],"aioseo_notices":[],"authors":[{"term_id":31,"user_id":1,"is_guest":0,"slug":"ivan3vino","display_name":"Iv\u00e1n Trevi\u00f1o","avatar_url":{"url":"https:\/\/visionciudadana.com.mx\/oficial\/wp-content\/uploads\/2025\/09\/columna-ivan-Trevino.png","url2x":"https:\/\/visionciudadana.com.mx\/oficial\/wp-content\/uploads\/2025\/09\/columna-ivan-Trevino.png"},"0":null,"1":"","2":"","3":"","4":"","5":"","6":"","7":"","8":""}],"_links":{"self":[{"href":"https:\/\/visionciudadana.com.mx\/oficial\/wp-json\/wp\/v2\/posts\/16691","targetHints":{"allow":["GET"]}}],"collection":[{"href":"https:\/\/visionciudadana.com.mx\/oficial\/wp-json\/wp\/v2\/posts"}],"about":[{"href":"https:\/\/visionciudadana.com.mx\/oficial\/wp-json\/wp\/v2\/types\/post"}],"author":[{"embeddable":true,"href":"https:\/\/visionciudadana.com.mx\/oficial\/wp-json\/wp\/v2\/users\/1"}],"replies":[{"embeddable":true,"href":"https:\/\/visionciudadana.com.mx\/oficial\/wp-json\/wp\/v2\/comments?post=16691"}],"version-history":[{"count":1,"href":"https:\/\/visionciudadana.com.mx\/oficial\/wp-json\/wp\/v2\/posts\/16691\/revisions"}],"predecessor-version":[{"id":31172,"href":"https:\/\/visionciudadana.com.mx\/oficial\/wp-json\/wp\/v2\/posts\/16691\/revisions\/31172"}],"wp:featuredmedia":[{"embeddable":true,"href":"https:\/\/visionciudadana.com.mx\/oficial\/wp-json\/wp\/v2\/posts\/279"}],"wp:attachment":[{"href":"https:\/\/visionciudadana.com.mx\/oficial\/wp-json\/wp\/v2\/media?parent=16691"}],"wp:term":[{"taxonomy":"category","embeddable":true,"href":"https:\/\/visionciudadana.com.mx\/oficial\/wp-json\/wp\/v2\/categories?post=16691"},{"taxonomy":"post_tag","embeddable":true,"href":"https:\/\/visionciudadana.com.mx\/oficial\/wp-json\/wp\/v2\/tags?post=16691"},{"taxonomy":"author","embeddable":true,"href":"https:\/\/visionciudadana.com.mx\/oficial\/wp-json\/wp\/v2\/ppma_author?post=16691"}],"curies":[{"name":"wp","href":"https:\/\/api.w.org\/{rel}","templated":true}]}}