{"id":16685,"date":"2021-04-13T00:39:12","date_gmt":"2021-04-13T00:39:12","guid":{"rendered":"https:\/\/visionciudadana.com.mx\/chio\/2021\/04\/13\/se-atendera-a-todas-y-cada-una-de-las-personas-adultas-mayores\/"},"modified":"2025-06-25T00:16:32","modified_gmt":"2025-06-25T00:16:32","slug":"se-atendera-a-todas-y-cada-una-de-las-personas-adultas-mayores","status":"publish","type":"post","link":"https:\/\/visionciudadana.com.mx\/oficial\/2021\/04\/13\/se-atendera-a-todas-y-cada-una-de-las-personas-adultas-mayores\/","title":{"rendered":"Se atender\u00e1 a todas y cada una de las personas adultas mayores"},"content":{"rendered":"<p>&nbsp;<\/p>\n<p><img fetchpriority=\"high\" decoding=\"async\" src=\"images\/abril21\/vacunaci\u00f3n_m\u00f3dulos.PNG\" alt=\"vacunaci\u00f3n m\u00f3dulos\" width=\"502\" height=\"507\" style=\"display: block; margin: 20px auto;\" \/><\/p>\n<p style=\"text-align: justify;\"><span style=\"font-size: 14pt; font-family: arial, helvetica, sans-serif;\">Desde el d\u00eda de ma\u00f1ana martes 13 y hasta el d\u00eda jueves 15 del presente mes se estar\u00e1 atendiendo a todas las personas adultas mayoresde 60 a\u00f1os residentes de la zona rural de Mazatl\u00e1n, que no han recibido su primear d\u00f3sis de la vacuna contra el Covid-19 que se les estar\u00e1 aplicando su primer dosis en los siguientes m\u00f3dulos que se dan a conocer a continuaci\u00f3n en el siguiente recuadro.<\/span><\/p>\n<p style=\"text-align: justify;\">&nbsp;<\/p>\n<p style=\"text-align: justify;\"><span style=\"font-size: 14pt; font-family: arial, helvetica, sans-serif;\">REDACCI\u00d3N\/VISI\u00d3N CIUDADANA.<\/span><\/p>\n","protected":false},"excerpt":{"rendered":"<p>&nbsp; Desde el d\u00eda de ma\u00f1ana martes 13 y hasta el d\u00eda jueves 15 del presente mes se estar\u00e1 atendiendo a todas las personas adultas mayoresde 60 a\u00f1os residentes de la zona rural de Mazatl\u00e1n, que no han recibido su primear d\u00f3sis de la vacuna contra el Covid-19 que se les estar\u00e1 aplicando su primer [&hellip;]<\/p>\n","protected":false},"author":1,"featured_media":267,"comment_status":"closed","ping_status":"closed","sticky":false,"template":"","format":"standard","meta":{"footnotes":""},"categories":[13],"tags":[],"ppma_author":[31],"class_list":["post-16685","post","type-post","status-publish","format-standard","has-post-thumbnail","hentry","category-locales"],"aioseo_notices":[],"authors":[{"term_id":31,"user_id":1,"is_guest":0,"slug":"ivan3vino","display_name":"Iv\u00e1n Trevi\u00f1o","avatar_url":{"url":"https:\/\/visionciudadana.com.mx\/oficial\/wp-content\/uploads\/2025\/09\/columna-ivan-Trevino.png","url2x":"https:\/\/visionciudadana.com.mx\/oficial\/wp-content\/uploads\/2025\/09\/columna-ivan-Trevino.png"},"0":null,"1":"","2":"","3":"","4":"","5":"","6":"","7":"","8":""}],"_links":{"self":[{"href":"https:\/\/visionciudadana.com.mx\/oficial\/wp-json\/wp\/v2\/posts\/16685","targetHints":{"allow":["GET"]}}],"collection":[{"href":"https:\/\/visionciudadana.com.mx\/oficial\/wp-json\/wp\/v2\/posts"}],"about":[{"href":"https:\/\/visionciudadana.com.mx\/oficial\/wp-json\/wp\/v2\/types\/post"}],"author":[{"embeddable":true,"href":"https:\/\/visionciudadana.com.mx\/oficial\/wp-json\/wp\/v2\/users\/1"}],"replies":[{"embeddable":true,"href":"https:\/\/visionciudadana.com.mx\/oficial\/wp-json\/wp\/v2\/comments?post=16685"}],"version-history":[{"count":1,"href":"https:\/\/visionciudadana.com.mx\/oficial\/wp-json\/wp\/v2\/posts\/16685\/revisions"}],"predecessor-version":[{"id":31178,"href":"https:\/\/visionciudadana.com.mx\/oficial\/wp-json\/wp\/v2\/posts\/16685\/revisions\/31178"}],"wp:featuredmedia":[{"embeddable":true,"href":"https:\/\/visionciudadana.com.mx\/oficial\/wp-json\/wp\/v2\/posts\/267"}],"wp:attachment":[{"href":"https:\/\/visionciudadana.com.mx\/oficial\/wp-json\/wp\/v2\/media?parent=16685"}],"wp:term":[{"taxonomy":"category","embeddable":true,"href":"https:\/\/visionciudadana.com.mx\/oficial\/wp-json\/wp\/v2\/categories?post=16685"},{"taxonomy":"post_tag","embeddable":true,"href":"https:\/\/visionciudadana.com.mx\/oficial\/wp-json\/wp\/v2\/tags?post=16685"},{"taxonomy":"author","embeddable":true,"href":"https:\/\/visionciudadana.com.mx\/oficial\/wp-json\/wp\/v2\/ppma_author?post=16685"}],"curies":[{"name":"wp","href":"https:\/\/api.w.org\/{rel}","templated":true}]}}