{"id":16684,"date":"2021-04-12T23:45:54","date_gmt":"2021-04-12T23:45:54","guid":{"rendered":"https:\/\/visionciudadana.com.mx\/chio\/2021\/04\/12\/anuncia-faustino-hernandez-programa-de-pavimentacion-mas-grande-en-toda-la-historia-en-culiacan\/"},"modified":"2025-06-25T00:16:32","modified_gmt":"2025-06-25T00:16:32","slug":"anuncia-faustino-hernandez-programa-de-pavimentacion-mas-grande-en-toda-la-historia-en-culiacan","status":"publish","type":"post","link":"https:\/\/visionciudadana.com.mx\/oficial\/2021\/04\/12\/anuncia-faustino-hernandez-programa-de-pavimentacion-mas-grande-en-toda-la-historia-en-culiacan\/","title":{"rendered":"Anuncia Faustino Hern\u00e1ndez programa de pavimentaci\u00f3n m\u00e1s grande en toda la historia en Culiac\u00e1n"},"content":{"rendered":"<p><img fetchpriority=\"high\" decoding=\"async\" src=\"images\/abril21\/fausty4.jpg\" alt=\"fausty4\" width=\"780\" height=\"420\" style=\"display: block; margin: 20px auto;\" \/><\/p>\n<p class=\"x_MsoNormal\" align=\"right\">&nbsp;<\/p>\n<p class=\"x_MsoNormal\" style=\"text-align: justify;\"><span style=\"font-size: 14pt; font-family: arial, helvetica, sans-serif;\">El candidato del PRI, PAN y PRD a la Alcald\u00eda de Culiac\u00e1n, Faustino Hern\u00e1ndez \u00c1lvarez, anunci\u00f3 intenso programa de planeaci\u00f3n y reordenamiento urbano que realizar\u00e1 durante su administraci\u00f3n con el cual&nbsp; busca poner fin al desarrollo ca\u00f3tico, desigual e inequitativo que se ha acentuado durante los \u00faltimos a\u00f1os en Culiac\u00e1n.<\/span><\/p>\n<p style=\"text-align: justify;\">&nbsp;<\/p>\n<p class=\"x_MsoNormal\" style=\"text-align: justify;\"><span style=\"font-size: 14pt; font-family: arial, helvetica, sans-serif;\">Faustino Hern\u00e1ndez, coment\u00f3 en rueda de prensa que Culiac\u00e1n ha crecido de manera desmesurada sin tener un eje rector en materia urbana que permita hacerlo de manera ordenada y con planeaci\u00f3n lo que ha tra\u00eddo como consecuencia la presencia de&nbsp; m\u00faltiples asentamientos irregulares, y un enorme d\u00e9ficit en materia pavimentaci\u00f3n y servicios p\u00fablicos.<\/span><\/p>\n<p style=\"text-align: justify;\">&nbsp;<\/p>\n<p class=\"x_MsoNormal\" style=\"text-align: justify;\"><span style=\"font-size: 14pt; font-family: arial, helvetica, sans-serif;\">Ante este panorama, Faustino Hern\u00e1ndez se\u00f1al\u00f3 que su programa integral en materia urbana comprende entre otras acciones, tener un verdadero plan de pavimentaci\u00f3n, el m\u00e1s grande en toda la historia de Culiac\u00e1n, con el cual se llegar\u00e1&nbsp; a colonias populares, sindicaturas y comunidades rurales.<\/span><\/p>\n<p style=\"text-align: justify;\">&nbsp;<\/p>\n<p class=\"x_MsoNormal\" style=\"text-align: justify;\"><span style=\"font-size: 14pt; font-family: arial, helvetica, sans-serif;\">De igual manera, contempla la construcci\u00f3n de grandes obras que requiere el desarrollo metropolitano, como son la continuaci\u00f3n del anillo perif\u00e9rico y el retiro de los patios de maniobra del ferrocarril, con el fin de abrir nueva zonas al desarrollo urbano.<\/span><\/p>\n<p style=\"text-align: justify;\">&nbsp;<\/p>\n<p class=\"x_MsoNormal\" style=\"text-align: justify;\"><span style=\"font-size: 14pt; font-family: arial, helvetica, sans-serif;\">De manera, especial, destac\u00f3 su inter\u00e9s por mejorar el Centro Hist\u00f3rico de Culiac\u00e1n para aprovechar de mejor manera el potencial comercial, tur\u00edstico y cultural de esta zona.<\/span><\/p>\n<p style=\"text-align: justify;\">&nbsp;<\/p>\n<p class=\"x_MsoNormal\" style=\"text-align: justify;\"><span style=\"font-size: 14pt; font-family: arial, helvetica, sans-serif;\">El candidato del PRI, PAN y PRD a la Alcald\u00eda de Culiac\u00e1n se\u00f1al\u00f3 que su propuesta tambi\u00e9n contempla&nbsp; en coordinaci\u00f3n con las autoridades estatales y federales un amplio programa de regularizaci\u00f3n de predios en colonias populares, para brindar certeza al patrimonio de las familias, sobre todo a las de menores ingresos<\/span><\/p>\n<p style=\"text-align: justify;\">&nbsp;<\/p>\n<p class=\"x_MsoNormal\" style=\"text-align: justify;\"><span style=\"font-size: 14pt; font-family: arial, helvetica, sans-serif;\">Parte importante, tambi\u00e9n de este esfuerzo para reordenar el crecimiento de Culiac\u00e1n ser\u00e1 el&nbsp;&nbsp; programa de entubamiento de drenes y construcci\u00f3n de nuevos colectores, para mejorar el drenaje pluvial, priorizando&nbsp; las colonias y comunidades m\u00e1s afectadas por inundaciones en \u00e9poca de lluvias.<\/span><\/p>\n<p style=\"text-align: justify;\">&nbsp;<\/p>\n<p class=\"x_MsoNormal\" style=\"text-align: justify;\"><span style=\"font-size: 14pt; font-family: arial, helvetica, sans-serif;\">Finalmente, Faustino Hern\u00e1ndez \u00c1lvarez adelant\u00f3 que el IMPLAN&nbsp; (Instituto Municipal de Planeaci\u00f3n)&nbsp;&nbsp; tendr\u00e1 una real autonom\u00eda&nbsp; y se le otorgar\u00e1n mayores atribuciones a fin de que sea el encargado de vigilar el cumplimiento cabal de este programa de reordenamiento.<\/span><\/p>\n<p style=\"text-align: justify;\">&nbsp;<\/p>\n<p class=\"x_MsoNormal\" style=\"text-align: justify;\"><span style=\"font-size: 14pt; font-family: arial, helvetica, sans-serif;\">\u201cEl desarrollo urbano tiene una relaci\u00f3n directa con la competitividad de la econom\u00eda regional, el bienestar y la&nbsp; calidad vida de la poblaci\u00f3n, la equidad, la justicia y la igualdad de oportunidades. Por eso, el desarrollo urbano ocupar\u00e1 la m\u00e1s alta prioridad en mi gobierno\u201d se\u00f1al\u00f3.<\/span><\/p>\n<p style=\"text-align: justify;\">&nbsp;<\/p>\n<p class=\"x_MsoNormal\" style=\"text-align: justify;\"><span style=\"font-size: 14pt; font-family: arial, helvetica, sans-serif;\">El candidato del PRI, PAN y PRD&nbsp; se\u00f1al\u00f3 que durante esta primer semana de campa\u00f1a percibi\u00f3 una gran aceptaci\u00f3n de su propuesta para rescatar a Culiac\u00e1n.<\/span><\/p>\n<p style=\"text-align: justify;\">&nbsp;<\/p>\n<p class=\"x_MsoNormal\" style=\"text-align: justify;\"><span style=\"font-size: 14pt; font-family: arial, helvetica, sans-serif;\">\u00abNo echamos las campanas al vuelo, pero la gente de Culiac\u00e1n nos est\u00e1 diciendo que quiere un gobierno diferente. Y hay que seguir trabajando muy fuerte, para rescatar Culiac\u00e1n\u00bb, dijo.<\/span><\/p>\n<p style=\"text-align: justify;\">&nbsp;<\/p>\n<p class=\"x_MsoNormal\" style=\"text-align: justify;\"><span style=\"font-size: 14pt; font-family: arial, helvetica, sans-serif;\">El candidato del PRI, PAN y PRD a la Alcald\u00eda de Culiac\u00e1n arranc\u00f3 hoy su segunda semana de campa\u00f1a realizando su tradicional conferencia de prensa,&nbsp; para posteriormente, durante el transcurso de hoy, sostener varias entrevistas m\u00e1s con medios de comunicaci\u00f3n.<\/span><\/p>\n<p style=\"text-align: justify;\">&nbsp;<\/p>\n<p class=\"x_MsoNormal\" style=\"text-align: justify;\"><span style=\"font-size: 14pt; font-family: arial, helvetica, sans-serif;\">Previo a ello durante la ma\u00f1ana, realiz\u00f3 un saludo a automovilistas en el crucero de Ni\u00f1os H\u00e9roes y Xicot\u00e9ncatl.<\/span><\/p>\n<p style=\"text-align: justify;\">&nbsp;<\/p>\n<p class=\"x_MsoNormal\" style=\"text-align: justify;\"><span style=\"font-size: 14pt; font-family: arial, helvetica, sans-serif;\">Por la tarde, Faustino Hern\u00e1ndez \u00c1lvarez tendr\u00e1 un recorrido casa por casa en la colonia Santa Fe, y encuentro con vecinos en la colonia Santa Elena e Infonavit Humaya.<\/span><\/p>\n<p style=\"text-align: justify;\">&nbsp;<\/p>\n<p style=\"text-align: justify;\">&nbsp;<\/p>\n<p style=\"text-align: justify;\"><span style=\"font-size: 14pt; font-family: arial, helvetica, sans-serif;\">REDACCI\u00d3N\/VISI\u00d3N CIUDADANA.<\/span><\/p>\n","protected":false},"excerpt":{"rendered":"<p>&nbsp; El candidato del PRI, PAN y PRD a la Alcald\u00eda de Culiac\u00e1n, Faustino Hern\u00e1ndez \u00c1lvarez, anunci\u00f3 intenso programa de planeaci\u00f3n y reordenamiento urbano que realizar\u00e1 durante su administraci\u00f3n con el cual&nbsp; busca poner fin al desarrollo ca\u00f3tico, desigual e inequitativo que se ha acentuado durante los \u00faltimos a\u00f1os en Culiac\u00e1n. &nbsp; Faustino Hern\u00e1ndez, coment\u00f3 [&hellip;]<\/p>\n","protected":false},"author":1,"featured_media":265,"comment_status":"closed","ping_status":"closed","sticky":false,"template":"","format":"standard","meta":{"footnotes":""},"categories":[24],"tags":[],"ppma_author":[31],"class_list":["post-16684","post","type-post","status-publish","format-standard","has-post-thumbnail","hentry","category-relevantes"],"aioseo_notices":[],"authors":[{"term_id":31,"user_id":1,"is_guest":0,"slug":"ivan3vino","display_name":"Iv\u00e1n Trevi\u00f1o","avatar_url":{"url":"https:\/\/visionciudadana.com.mx\/oficial\/wp-content\/uploads\/2025\/09\/columna-ivan-Trevino.png","url2x":"https:\/\/visionciudadana.com.mx\/oficial\/wp-content\/uploads\/2025\/09\/columna-ivan-Trevino.png"},"0":null,"1":"","2":"","3":"","4":"","5":"","6":"","7":"","8":""}],"_links":{"self":[{"href":"https:\/\/visionciudadana.com.mx\/oficial\/wp-json\/wp\/v2\/posts\/16684","targetHints":{"allow":["GET"]}}],"collection":[{"href":"https:\/\/visionciudadana.com.mx\/oficial\/wp-json\/wp\/v2\/posts"}],"about":[{"href":"https:\/\/visionciudadana.com.mx\/oficial\/wp-json\/wp\/v2\/types\/post"}],"author":[{"embeddable":true,"href":"https:\/\/visionciudadana.com.mx\/oficial\/wp-json\/wp\/v2\/users\/1"}],"replies":[{"embeddable":true,"href":"https:\/\/visionciudadana.com.mx\/oficial\/wp-json\/wp\/v2\/comments?post=16684"}],"version-history":[{"count":1,"href":"https:\/\/visionciudadana.com.mx\/oficial\/wp-json\/wp\/v2\/posts\/16684\/revisions"}],"predecessor-version":[{"id":31179,"href":"https:\/\/visionciudadana.com.mx\/oficial\/wp-json\/wp\/v2\/posts\/16684\/revisions\/31179"}],"wp:featuredmedia":[{"embeddable":true,"href":"https:\/\/visionciudadana.com.mx\/oficial\/wp-json\/wp\/v2\/posts\/265"}],"wp:attachment":[{"href":"https:\/\/visionciudadana.com.mx\/oficial\/wp-json\/wp\/v2\/media?parent=16684"}],"wp:term":[{"taxonomy":"category","embeddable":true,"href":"https:\/\/visionciudadana.com.mx\/oficial\/wp-json\/wp\/v2\/categories?post=16684"},{"taxonomy":"post_tag","embeddable":true,"href":"https:\/\/visionciudadana.com.mx\/oficial\/wp-json\/wp\/v2\/tags?post=16684"},{"taxonomy":"author","embeddable":true,"href":"https:\/\/visionciudadana.com.mx\/oficial\/wp-json\/wp\/v2\/ppma_author?post=16684"}],"curies":[{"name":"wp","href":"https:\/\/api.w.org\/{rel}","templated":true}]}}