{"id":16683,"date":"2021-04-12T20:18:23","date_gmt":"2021-04-12T20:18:23","guid":{"rendered":"https:\/\/visionciudadana.com.mx\/chio\/2021\/04\/12\/urgen-programas-para-reabrir-negocios-y-recuperar-los-empleos-siria-quinonez\/"},"modified":"2025-06-25T00:16:32","modified_gmt":"2025-06-25T00:16:32","slug":"urgen-programas-para-reabrir-negocios-y-recuperar-los-empleos-siria-quinonez","status":"publish","type":"post","link":"https:\/\/visionciudadana.com.mx\/oficial\/2021\/04\/12\/urgen-programas-para-reabrir-negocios-y-recuperar-los-empleos-siria-quinonez\/","title":{"rendered":"Urgen programas para reabrir negocios y recuperar los empleos: Siria Qui\u00f1onez"},"content":{"rendered":"<p style=\"text-align: justify;\"><span style=\"font-size: 14pt; font-family: arial, helvetica, sans-serif;\"><img fetchpriority=\"high\" decoding=\"async\" src=\"images\/abril21\/siria.jpg\" alt=\"siria\" width=\"780\" height=\"420\" style=\"display: block; margin-left: auto; margin-right: auto;\" \/><br \/><\/span><\/p>\n<div style=\"text-align: justify;\"><span style=\"font-size: 14pt; font-family: arial, helvetica, sans-serif;\">Siria Qui\u00f1onez asegur\u00f3 que desde la Presidencia Municipal de Culiac\u00e1n ser\u00e1 el puente con las instancias gubernamentales para atender a los negocios que han cerrado sus puertas y que han dejado a miles en el desempleo.<\/span><\/div>\n<div>&nbsp;<\/div>\n<div style=\"text-align: justify;\"><span style=\"font-size: 14pt; font-family: arial, helvetica, sans-serif;\"><\/span><\/div>\n<div style=\"text-align: justify;\"><span style=\"font-size: 14pt; font-family: arial, helvetica, sans-serif;\">La candidata de Fuerza por M\u00e9xico ofreci\u00f3 su experiencia desde la perspectiva ciudadana y empresarial, para buscar los incentivos que logren reabrir los negocios y recuperar los empleos perdidos.<\/span><\/div>\n<div>&nbsp;<\/div>\n<div style=\"text-align: justify;\"><span style=\"font-size: 14pt; font-family: arial, helvetica, sans-serif;\"><\/span><\/div>\n<div style=\"text-align: justify;\"><span style=\"font-size: 14pt; font-family: arial, helvetica, sans-serif;\">La licenciada en administraci\u00f3n y con maestr\u00eda en desarrollo de negocios, plante\u00f3 alternativas para levantar el \u00e1nimo social provocado por la pandemia e impulsar programas para la estabilidad emocional y la salud mental.<\/span><\/div>\n<div>&nbsp;<\/div>\n<div style=\"text-align: justify;\"><span style=\"font-size: 14pt; font-family: arial, helvetica, sans-serif;\"><\/span><\/div>\n<div style=\"text-align: justify;\"><span style=\"font-size: 14pt; font-family: arial, helvetica, sans-serif;\">Siria Qui\u00f1onez refiri\u00f3 que la pandemia aflor\u00f3 los altos contrastes que se viven en Culiac\u00e1n, los que demandan atenci\u00f3n con programas de infraestructura, vivienda, equipamiento urbano, centros de desarrollo y parques recreativos.<\/span><\/div>\n<div style=\"text-align: justify;\">&nbsp;<\/div>\n<div style=\"text-align: justify;\"><span style=\"font-size: 14pt; font-family: arial, helvetica, sans-serif;\"><\/span><\/div>\n<div style=\"text-align: justify;\"><span style=\"font-size: 14pt; font-family: arial, helvetica, sans-serif;\">Con 13 a\u00f1os de trayectoria empresarial, que consolid\u00f3 con la franquicia \u201cSIRIA\u201d al dar la noticia que es aspirante a ser la primera presidenta Municipal de Culiac\u00e1n, recibi\u00f3 el respaldo de los agremiados, porque ser\u00e1 el puente del sector empresarial con el gobierno para generar inversiones y el empleo.<\/span><\/div>\n<div style=\"text-align: justify;\">&nbsp;<\/div>\n<div style=\"text-align: justify;\"><span style=\"font-size: 14pt; font-family: arial, helvetica, sans-serif;\"><\/span><\/div>\n<div style=\"text-align: justify;\"><span style=\"font-size: 14pt; font-family: arial, helvetica, sans-serif;\">El a\u00f1o dif\u00edcil de la pandemia fue el parteaguas para que Siria Qui\u00f1onez se decidiera aceptar la invitaci\u00f3n de Fuerza por M\u00e9xico, partido que promueve la inclusi\u00f3n y la participaci\u00f3n de las mujeres y porque Culiac\u00e1n necesita tener la primera presidenta municipal, remarc\u00f3.<\/span><\/div>\n<div style=\"text-align: justify;\">&nbsp;<\/div>\n<div style=\"text-align: justify;\"><span style=\"font-size: 14pt; font-family: arial, helvetica, sans-serif;\"><\/span><\/div>\n<div style=\"text-align: justify;\"><span style=\"font-size: 14pt; font-family: arial, helvetica, sans-serif;\">Reiter\u00f3, Culiac\u00e1n necesita de mayor participaci\u00f3n de las mujeres en los programas de desarrollo econ\u00f3mico, de est\u00edmulo a emprendedores, para hacer de Culiac\u00e1n una ciudad pr\u00f3spera.<\/span><\/div>\n<div style=\"text-align: justify;\"><span style=\"font-size: 14pt; font-family: arial, helvetica, sans-serif;\"><\/span><\/div>\n<div style=\"text-align: justify;\">&nbsp;<\/div>\n<div style=\"text-align: justify;\"><span style=\"font-size: 14pt; font-family: arial, helvetica, sans-serif;\">Siria Qui\u00f1onez ofreci\u00f3 ser el puente gubernamental para facilitar los servicios a trav\u00e9s de un plan de desarrollo urbano que ponga orden del crecimiento y tener una ciudad m\u00e1s organizada.<\/span><\/div>\n<div style=\"text-align: justify;\"><span style=\"font-size: 14pt; font-family: arial, helvetica, sans-serif;\"><\/span><\/div>\n<div style=\"text-align: justify;\">&nbsp;<\/div>\n<div style=\"text-align: justify;\"><span style=\"font-size: 14pt; font-family: arial, helvetica, sans-serif;\">La candidata de Fuerza por M\u00e9xico plante\u00f3 un programa de transporte urbano para que atienda a los de la tercera edad, a los ni\u00f1os y un transporte exclusivo para las mujeres, para que se trasladen con seguridad a sus estudios o sus trabajos.<\/span><\/div>\n<div style=\"text-align: justify;\">&nbsp;<\/div>\n<div style=\"text-align: justify;\"><span style=\"font-size: 14pt; font-family: arial, helvetica, sans-serif;\"><\/span><\/div>\n<div style=\"text-align: justify;\"><span style=\"font-size: 14pt; font-family: arial, helvetica, sans-serif;\">Con esta perspectiva empresarial y ciudadana, Siria Qui\u00f1onez comprometi\u00f3 llevar a los mejores perfiles a la administraci\u00f3n p\u00fablica para que sirvan a Culiac\u00e1n.<\/span><\/div>\n<div style=\"text-align: justify;\">&nbsp;<\/div>\n<div style=\"text-align: justify;\">&nbsp;<\/div>\n<div style=\"text-align: justify;\"><span style=\"font-size: 14pt; font-family: arial, helvetica, sans-serif;\">REDACCI\u00d3N\/VISI\u00d3N CIUDADANA.<\/span><\/div>\n","protected":false},"excerpt":{"rendered":"<p>Siria Qui\u00f1onez asegur\u00f3 que desde la Presidencia Municipal de Culiac\u00e1n ser\u00e1 el puente con las instancias gubernamentales para atender a los negocios que han cerrado sus puertas y que han dejado a miles en el desempleo. &nbsp; La candidata de Fuerza por M\u00e9xico ofreci\u00f3 su experiencia desde la perspectiva ciudadana y empresarial, para buscar los [&hellip;]<\/p>\n","protected":false},"author":1,"featured_media":263,"comment_status":"closed","ping_status":"closed","sticky":false,"template":"","format":"standard","meta":{"footnotes":""},"categories":[13],"tags":[],"ppma_author":[31],"class_list":["post-16683","post","type-post","status-publish","format-standard","has-post-thumbnail","hentry","category-locales"],"aioseo_notices":[],"authors":[{"term_id":31,"user_id":1,"is_guest":0,"slug":"ivan3vino","display_name":"Iv\u00e1n Trevi\u00f1o","avatar_url":{"url":"https:\/\/visionciudadana.com.mx\/oficial\/wp-content\/uploads\/2025\/09\/columna-ivan-Trevino.png","url2x":"https:\/\/visionciudadana.com.mx\/oficial\/wp-content\/uploads\/2025\/09\/columna-ivan-Trevino.png"},"0":null,"1":"","2":"","3":"","4":"","5":"","6":"","7":"","8":""}],"_links":{"self":[{"href":"https:\/\/visionciudadana.com.mx\/oficial\/wp-json\/wp\/v2\/posts\/16683","targetHints":{"allow":["GET"]}}],"collection":[{"href":"https:\/\/visionciudadana.com.mx\/oficial\/wp-json\/wp\/v2\/posts"}],"about":[{"href":"https:\/\/visionciudadana.com.mx\/oficial\/wp-json\/wp\/v2\/types\/post"}],"author":[{"embeddable":true,"href":"https:\/\/visionciudadana.com.mx\/oficial\/wp-json\/wp\/v2\/users\/1"}],"replies":[{"embeddable":true,"href":"https:\/\/visionciudadana.com.mx\/oficial\/wp-json\/wp\/v2\/comments?post=16683"}],"version-history":[{"count":1,"href":"https:\/\/visionciudadana.com.mx\/oficial\/wp-json\/wp\/v2\/posts\/16683\/revisions"}],"predecessor-version":[{"id":31180,"href":"https:\/\/visionciudadana.com.mx\/oficial\/wp-json\/wp\/v2\/posts\/16683\/revisions\/31180"}],"wp:featuredmedia":[{"embeddable":true,"href":"https:\/\/visionciudadana.com.mx\/oficial\/wp-json\/wp\/v2\/posts\/263"}],"wp:attachment":[{"href":"https:\/\/visionciudadana.com.mx\/oficial\/wp-json\/wp\/v2\/media?parent=16683"}],"wp:term":[{"taxonomy":"category","embeddable":true,"href":"https:\/\/visionciudadana.com.mx\/oficial\/wp-json\/wp\/v2\/categories?post=16683"},{"taxonomy":"post_tag","embeddable":true,"href":"https:\/\/visionciudadana.com.mx\/oficial\/wp-json\/wp\/v2\/tags?post=16683"},{"taxonomy":"author","embeddable":true,"href":"https:\/\/visionciudadana.com.mx\/oficial\/wp-json\/wp\/v2\/ppma_author?post=16683"}],"curies":[{"name":"wp","href":"https:\/\/api.w.org\/{rel}","templated":true}]}}