{"id":16682,"date":"2021-04-12T20:11:14","date_gmt":"2021-04-12T20:11:14","guid":{"rendered":"https:\/\/visionciudadana.com.mx\/chio\/2021\/04\/12\/rocha-moya-aseguro-que-durante-su-administracion-los-inversionistas-estaran-protegidos\/"},"modified":"2025-06-25T00:16:32","modified_gmt":"2025-06-25T00:16:32","slug":"rocha-moya-aseguro-que-durante-su-administracion-los-inversionistas-estaran-protegidos","status":"publish","type":"post","link":"https:\/\/visionciudadana.com.mx\/oficial\/2021\/04\/12\/rocha-moya-aseguro-que-durante-su-administracion-los-inversionistas-estaran-protegidos\/","title":{"rendered":"Rocha Moya asegur\u00f3 que durante su administraci\u00f3n los inversionistas estar\u00e1n protegidos"},"content":{"rendered":"<p>&nbsp;<\/p>\n<p><img fetchpriority=\"high\" decoding=\"async\" src=\"images\/abril21\/rocha_gober.jpg\" alt=\"rocha gober\" width=\"1280\" height=\"852\" style=\"display: block; margin: 20px auto;\" \/><\/p>\n<p style=\"text-align: justify;\"><span style=\"font-size: 14pt; font-family: arial, helvetica, sans-serif;\">Durante un encuentro con el sector productivo de Mazatl\u00e1n, el candidato de la alianza Morena-PAS a la gubernatura, Rub\u00e9n Rocha Moya, afirm\u00f3 que su gobierno estar\u00e1 fincado en el Estado de Derecho, donde los empresarios tendr\u00e1n la confianza de que su inversi\u00f3n estar\u00e1 protegida a fin de que generen m\u00e1s empleos para bien de&nbsp;los que menos tienen.<\/span><\/p>\n<p style=\"text-align: justify;\">&nbsp;<\/p>\n<p style=\"text-align: justify;\"><span style=\"font-size: 14pt; font-family: arial, helvetica, sans-serif;\">En el evento, al que asistieron representantes de&nbsp;organismos empresariales, Rocha Moya asegur\u00f3 que los empresarios que decidan invertir en nuestra entidad no necesitar\u00e1n \u201clos moches\u201d, ya que la transformaci\u00f3n que se dar\u00e1 a partir del 06 de junio en la administraci\u00f3n estatal se distinguir\u00e1 por un perfil de honestidad.<\/span><\/p>\n<p style=\"text-align: justify;\">&nbsp;<\/p>\n<p style=\"text-align: justify;\"><span style=\"font-size: 14pt; font-family: arial, helvetica, sans-serif;\">\u201cComo lo venimos diciendo en cada evento, la gente tiene la impresi\u00f3n, tiene la percepci\u00f3n de qu\u00e9 la corrupci\u00f3n es el tema que m\u00e1s afecta a Sinaloa, tenemos que combatirlo con eso; vamos a tener posibilidades de ayudarles con el ahorro, ese es primer el primer compromiso que tenemos que construir, un Gobierno que lo distinga el perfil de la honestidad\u201d.<\/span><\/p>\n<p style=\"text-align: justify;\">&nbsp;<\/p>\n<p style=\"text-align: justify;\"><span style=\"font-size: 14pt; font-family: arial, helvetica, sans-serif;\">Ante las solicitudes que hicieron los representantes de la Canirac, Coparmex, Canacintra, Codesin, Canadevi, CMIC, C\u00e1mara Nacional del Autotransporte de Carga, as\u00ed como las asociaciones de Hoteles Tres Islas, Mexicana de Profesionales Inmobiliarios, Desarrolladores Inmobiliario, Ejecutivos de Ventas y Mercadotecnia, Clubes Vacacionales en Sinaloa y de Agricultores del R\u00edo Presidio, el candidato de los partidos MORENA-PAS dijo que no solo iban a atender sus peticiones, sino que tambi\u00e9n \u201clos vamos a cuidar, nos interesa que se desarrolle Sinaloa, sus ciudades, que haya recursos para poder atender las necesidades vitales de mucha gente\u201d.<\/span><\/p>\n<p style=\"text-align: justify;\">&nbsp;<\/p>\n<p style=\"text-align: justify;\"><span style=\"font-size: 14pt; font-family: arial, helvetica, sans-serif;\">Dijo que adem\u00e1s de la honestidad se requiere aplicar el criterio de racionalidad en el uso del recurso, para estimular a los inversionistas y darles la confianza de que su gobierno ser\u00e1 transparente y&nbsp;combatir\u00e1 la corrupci\u00f3n.<\/span><\/p>\n<p style=\"text-align: justify;\">&nbsp;<\/p>\n<p style=\"text-align: justify;\"><span style=\"font-size: 14pt; font-family: arial, helvetica, sans-serif;\">En el encuentro con el sector productivo del puerto estuvieron presentes el presidente de PAS, H\u00e9ctor Melesio Cuen Ojeda; candidato a la alcald\u00eda, Luis Guillermo Benitez Torres; la candidata a la diputaci\u00f3n local por el Distrito 22, Flor Emilia Guerra Mena; y el ex beisbolista, Juan Jos\u00e9 Pacho.<\/span><\/p>\n<p style=\"text-align: justify;\">&nbsp;<\/p>\n<p style=\"text-align: justify;\">&nbsp;<\/p>\n<p style=\"text-align: justify;\"><span style=\"font-size: 14pt; font-family: arial, helvetica, sans-serif;\">REDACCI\u00d3N\/VISI\u00d3N CIUDADANA.<\/span><\/p>\n","protected":false},"excerpt":{"rendered":"<p>&nbsp; Durante un encuentro con el sector productivo de Mazatl\u00e1n, el candidato de la alianza Morena-PAS a la gubernatura, Rub\u00e9n Rocha Moya, afirm\u00f3 que su gobierno estar\u00e1 fincado en el Estado de Derecho, donde los empresarios tendr\u00e1n la confianza de que su inversi\u00f3n estar\u00e1 protegida a fin de que generen m\u00e1s empleos para bien de&nbsp;los [&hellip;]<\/p>\n","protected":false},"author":1,"featured_media":261,"comment_status":"closed","ping_status":"closed","sticky":false,"template":"","format":"standard","meta":{"footnotes":""},"categories":[13],"tags":[],"ppma_author":[31],"class_list":["post-16682","post","type-post","status-publish","format-standard","has-post-thumbnail","hentry","category-locales"],"aioseo_notices":[],"authors":[{"term_id":31,"user_id":1,"is_guest":0,"slug":"ivan3vino","display_name":"Iv\u00e1n Trevi\u00f1o","avatar_url":{"url":"https:\/\/visionciudadana.com.mx\/oficial\/wp-content\/uploads\/2025\/09\/columna-ivan-Trevino.png","url2x":"https:\/\/visionciudadana.com.mx\/oficial\/wp-content\/uploads\/2025\/09\/columna-ivan-Trevino.png"},"0":null,"1":"","2":"","3":"","4":"","5":"","6":"","7":"","8":""}],"_links":{"self":[{"href":"https:\/\/visionciudadana.com.mx\/oficial\/wp-json\/wp\/v2\/posts\/16682","targetHints":{"allow":["GET"]}}],"collection":[{"href":"https:\/\/visionciudadana.com.mx\/oficial\/wp-json\/wp\/v2\/posts"}],"about":[{"href":"https:\/\/visionciudadana.com.mx\/oficial\/wp-json\/wp\/v2\/types\/post"}],"author":[{"embeddable":true,"href":"https:\/\/visionciudadana.com.mx\/oficial\/wp-json\/wp\/v2\/users\/1"}],"replies":[{"embeddable":true,"href":"https:\/\/visionciudadana.com.mx\/oficial\/wp-json\/wp\/v2\/comments?post=16682"}],"version-history":[{"count":1,"href":"https:\/\/visionciudadana.com.mx\/oficial\/wp-json\/wp\/v2\/posts\/16682\/revisions"}],"predecessor-version":[{"id":31181,"href":"https:\/\/visionciudadana.com.mx\/oficial\/wp-json\/wp\/v2\/posts\/16682\/revisions\/31181"}],"wp:featuredmedia":[{"embeddable":true,"href":"https:\/\/visionciudadana.com.mx\/oficial\/wp-json\/wp\/v2\/posts\/261"}],"wp:attachment":[{"href":"https:\/\/visionciudadana.com.mx\/oficial\/wp-json\/wp\/v2\/media?parent=16682"}],"wp:term":[{"taxonomy":"category","embeddable":true,"href":"https:\/\/visionciudadana.com.mx\/oficial\/wp-json\/wp\/v2\/categories?post=16682"},{"taxonomy":"post_tag","embeddable":true,"href":"https:\/\/visionciudadana.com.mx\/oficial\/wp-json\/wp\/v2\/tags?post=16682"},{"taxonomy":"author","embeddable":true,"href":"https:\/\/visionciudadana.com.mx\/oficial\/wp-json\/wp\/v2\/ppma_author?post=16682"}],"curies":[{"name":"wp","href":"https:\/\/api.w.org\/{rel}","templated":true}]}}