{"id":16680,"date":"2021-04-12T19:47:32","date_gmt":"2021-04-12T19:47:32","guid":{"rendered":"https:\/\/visionciudadana.com.mx\/chio\/2021\/04\/12\/npas-morena-dan-continuidad-a-su-campana-electoral-diente\/"},"modified":"2025-06-25T00:16:33","modified_gmt":"2025-06-25T00:16:33","slug":"npas-morena-dan-continuidad-a-su-campana-electoral-diente","status":"publish","type":"post","link":"https:\/\/visionciudadana.com.mx\/oficial\/2021\/04\/12\/npas-morena-dan-continuidad-a-su-campana-electoral-diente\/","title":{"rendered":"PAS-MORENA dan continuidad a su campa\u00f1a electoral"},"content":{"rendered":"<div style=\"text-align: justify;\"><img fetchpriority=\"high\" decoding=\"async\" src=\"images\/abril21\/pas_morena.jpg\" alt=\"pas morena\" width=\"1280\" height=\"852\" style=\"display: block; margin: 20px auto;\" \/><\/div>\n<div style=\"text-align: justify;\">&nbsp;<\/div>\n<div style=\"text-align: justify;\"><span style=\"font-size: 14pt; font-family: arial, helvetica, sans-serif;\">Mar\u00eda del Rosario, \u201cChayito, Osuna y el Qu\u00edmico Ben\u00edtez reciben el apoyo de Rub\u00e9n Rocha Moya en la colonia Francisco Villa del puerto de Mazatl\u00e1n. H\u00e9ctor Melesio Cu\u00e9n Ojeda, presidente del Partido Sinaloense reiter\u00f3 el compromiso de trabajo de unidad con MORENA y afirma que despu\u00e9s de haber visitado ya los 18 municipios de la entidad se ha recibido el calor humano, la algarab\u00eda y el apoyo de la poblaci\u00f3n, raz\u00f3n por lo cual el candidato Rocha Moya sostiene una ventaja de 27 puntos por encima de su m\u00e1s cercano contendiente, y en pol\u00edtica esta ventaja es irreversible.<\/span><\/div>\n<div style=\"text-align: justify;\">&nbsp;<\/div>\n<div style=\"text-align: justify;\"><span style=\"font-size: 14pt; font-family: arial, helvetica, sans-serif;\"><\/span><\/div>\n<div style=\"text-align: justify;\"><span style=\"font-size: 14pt; font-family: arial, helvetica, sans-serif;\">Cu\u00e9n Ojeda extern\u00f3 que Chayito Osuna es una mujer con bastante activismo social y que seguramente ser\u00e1 una extraordinaria diputada, para que en conjunto con el Qu\u00edmico, que ha adquirido mucha experiencia en gobernar el municipio, dar\u00e1n continuidad al avance que ha tenido la perla del pacifico.<\/span><\/div>\n<div style=\"text-align: justify;\">&nbsp;<\/div>\n<div style=\"text-align: justify;\"><span style=\"font-size: 14pt; font-family: arial, helvetica, sans-serif;\"><\/span><\/div>\n<div style=\"text-align: justify;\"><span style=\"font-size: 14pt; font-family: arial, helvetica, sans-serif;\">Rub\u00e9n Rocha Moya en su participaci\u00f3n llev\u00f3 a cabo un ejercicio de escuchar a los asistentes que proven\u00edan de alrededor de 8 colonias en donde sus pobladores informaron de las carencias m\u00e1s significativas de sus colonias, predominando la necesidad de pavimentaci\u00f3n de calles, servicios de iluminaci\u00f3n, agua potable, drenaje, escrituraci\u00f3n de sus propiedades, y l\u00f3gicamente solicitando que se les resuelvan sus problemas.<\/span><\/div>\n<div style=\"text-align: justify;\">&nbsp;<\/div>\n<div style=\"text-align: justify;\"><span style=\"font-size: 14pt; font-family: arial, helvetica, sans-serif;\"><\/span><\/div>\n<div style=\"text-align: justify;\"><span style=\"font-size: 14pt; font-family: arial, helvetica, sans-serif;\">El candidato a la gubernatura se comprometi\u00f3 a que su gobierno apoyar\u00e1 al Qu\u00edmico en su ejercicio de presidente municipal para resolver todos los problemas planteados, tal y como lo dijo en El Venadillo de pavimentar alrededor de 60 kil\u00f3metros de calles. Para ello necesitamos el apoyo de la poblaci\u00f3n, y por eso les pido el voto para Chayito, el Qu\u00edmico, la candidata a diputada del distrito federal 1 y para un servidor que aspira a gobernar Sinaloa. Gobernaremos junto con ustedes dijo Rocha Moya al instaurar un gobierno que no se robe su dinero.<\/span><\/div>\n<div style=\"text-align: justify;\">&nbsp;<\/div>\n<div style=\"text-align: justify;\"><span style=\"font-size: 14pt; font-family: arial, helvetica, sans-serif;\"><\/span><\/div>\n<div style=\"text-align: justify;\"><span style=\"font-size: 14pt; font-family: arial, helvetica, sans-serif;\">El Qu\u00edmico Ben\u00edtez asegur\u00f3 que en esta colonia Pancho Villa se ha avanzado mucho y no se quedar\u00e1 con ninguna calle sin pavimento, con la iluminaci\u00f3n adecuada y con los servicios dignos que la sociedad merece. Tambi\u00e9n afirm\u00f3 que la f\u00f3rmula electoral PAS-MORENA viene de la cultura del esfuerzo, por ello entendemos sus necesidades y la lucha de ustedes por resolver estos y otros problemas.<\/span><\/div>\n<div style=\"text-align: justify;\">&nbsp;<\/div>\n<div style=\"text-align: justify;\"><span style=\"font-size: 14pt; font-family: arial, helvetica, sans-serif;\"><\/span><\/div>\n<div style=\"text-align: justify;\"><span style=\"font-size: 14pt; font-family: arial, helvetica, sans-serif;\">Por su parte Chayito Osuna reiter\u00f3 que en efecto somos candidatos del pueblo, con vocaci\u00f3n de servicio, con la pr\u00e1ctica de trabajar los 365 d\u00edas del a\u00f1o y por ello se va a lograr el cambio en Sinaloa, \u201cEl momento es ahora\u201d.<\/span><\/div>\n<p style=\"text-align: justify;\">&nbsp;<\/p>\n<p style=\"text-align: justify;\">&nbsp;<\/p>\n<p style=\"text-align: justify;\"><span style=\"font-size: 14pt; font-family: arial, helvetica, sans-serif;\">REDACCI\u00d3N\/VISI\u00d3N CIUDADANA.<\/span><\/p>\n","protected":false},"excerpt":{"rendered":"<p>&nbsp; Mar\u00eda del Rosario, \u201cChayito, Osuna y el Qu\u00edmico Ben\u00edtez reciben el apoyo de Rub\u00e9n Rocha Moya en la colonia Francisco Villa del puerto de Mazatl\u00e1n. H\u00e9ctor Melesio Cu\u00e9n Ojeda, presidente del Partido Sinaloense reiter\u00f3 el compromiso de trabajo de unidad con MORENA y afirma que despu\u00e9s de haber visitado ya los 18 municipios de [&hellip;]<\/p>\n","protected":false},"author":1,"featured_media":257,"comment_status":"closed","ping_status":"closed","sticky":false,"template":"","format":"standard","meta":{"footnotes":""},"categories":[24],"tags":[],"ppma_author":[31],"class_list":["post-16680","post","type-post","status-publish","format-standard","has-post-thumbnail","hentry","category-relevantes"],"aioseo_notices":[],"authors":[{"term_id":31,"user_id":1,"is_guest":0,"slug":"ivan3vino","display_name":"Iv\u00e1n Trevi\u00f1o","avatar_url":{"url":"https:\/\/visionciudadana.com.mx\/oficial\/wp-content\/uploads\/2025\/09\/columna-ivan-Trevino.png","url2x":"https:\/\/visionciudadana.com.mx\/oficial\/wp-content\/uploads\/2025\/09\/columna-ivan-Trevino.png"},"0":null,"1":"","2":"","3":"","4":"","5":"","6":"","7":"","8":""}],"_links":{"self":[{"href":"https:\/\/visionciudadana.com.mx\/oficial\/wp-json\/wp\/v2\/posts\/16680","targetHints":{"allow":["GET"]}}],"collection":[{"href":"https:\/\/visionciudadana.com.mx\/oficial\/wp-json\/wp\/v2\/posts"}],"about":[{"href":"https:\/\/visionciudadana.com.mx\/oficial\/wp-json\/wp\/v2\/types\/post"}],"author":[{"embeddable":true,"href":"https:\/\/visionciudadana.com.mx\/oficial\/wp-json\/wp\/v2\/users\/1"}],"replies":[{"embeddable":true,"href":"https:\/\/visionciudadana.com.mx\/oficial\/wp-json\/wp\/v2\/comments?post=16680"}],"version-history":[{"count":1,"href":"https:\/\/visionciudadana.com.mx\/oficial\/wp-json\/wp\/v2\/posts\/16680\/revisions"}],"predecessor-version":[{"id":31183,"href":"https:\/\/visionciudadana.com.mx\/oficial\/wp-json\/wp\/v2\/posts\/16680\/revisions\/31183"}],"wp:featuredmedia":[{"embeddable":true,"href":"https:\/\/visionciudadana.com.mx\/oficial\/wp-json\/wp\/v2\/posts\/257"}],"wp:attachment":[{"href":"https:\/\/visionciudadana.com.mx\/oficial\/wp-json\/wp\/v2\/media?parent=16680"}],"wp:term":[{"taxonomy":"category","embeddable":true,"href":"https:\/\/visionciudadana.com.mx\/oficial\/wp-json\/wp\/v2\/categories?post=16680"},{"taxonomy":"post_tag","embeddable":true,"href":"https:\/\/visionciudadana.com.mx\/oficial\/wp-json\/wp\/v2\/tags?post=16680"},{"taxonomy":"author","embeddable":true,"href":"https:\/\/visionciudadana.com.mx\/oficial\/wp-json\/wp\/v2\/ppma_author?post=16680"}],"curies":[{"name":"wp","href":"https:\/\/api.w.org\/{rel}","templated":true}]}}