{"id":16679,"date":"2021-04-12T19:24:28","date_gmt":"2021-04-12T19:24:28","guid":{"rendered":"https:\/\/visionciudadana.com.mx\/chio\/2021\/04\/12\/estrada-ferreiro-sostiene-reunion-con-el-colegio-medico-de-sinaloa\/"},"modified":"2025-06-25T00:16:33","modified_gmt":"2025-06-25T00:16:33","slug":"estrada-ferreiro-sostiene-reunion-con-el-colegio-medico-de-sinaloa","status":"publish","type":"post","link":"https:\/\/visionciudadana.com.mx\/oficial\/2021\/04\/12\/estrada-ferreiro-sostiene-reunion-con-el-colegio-medico-de-sinaloa\/","title":{"rendered":"Estrada Ferreiro sostiene reuni\u00f3n con el colegio medico de Sinaloa"},"content":{"rendered":"<p><img fetchpriority=\"high\" decoding=\"async\" src=\"images\/abril21\/jef1.jpg\" alt=\"jef1\" width=\"780\" height=\"420\" style=\"display: block; margin: 20px auto;\" \/><\/p>\n<div>&nbsp;<\/div>\n<div style=\"text-align: justify;\"><span style=\"font-size: 14pt; font-family: arial, helvetica, sans-serif;\">Invitado a participar en la reuni\u00f3n del Colegio M\u00e9dico de Sinaloa, el candidato a la alcald\u00eda de Culiac\u00e1n por la alianza Morena \u2013 PAS, Lic. Jes\u00fas Estrada Ferreiro, explic\u00f3 a los presentes la estrategia de salud dispuesta para proteger a la poblaci\u00f3n tras el inicio de la pandemia de coronavirus.&nbsp;<\/span><\/div>\n<div style=\"text-align: justify;\">&nbsp;<\/div>\n<div style=\"text-align: justify;\"><span style=\"font-size: 14pt; font-family: arial, helvetica, sans-serif;\"><\/span><\/div>\n<div style=\"text-align: justify;\"><span style=\"font-size: 14pt; font-family: arial, helvetica, sans-serif;\">Pese a los retos y al costo pol\u00edtico que podr\u00eda significar, Estrada Ferreiro, coment\u00f3 a los profesionales de la salud que, bajo el mandato como presidente del municipio de Culiac\u00e1n, coordin\u00f3 un plan en el que intent\u00f3 invitar a otros presidentes municipales del estado a replicar la estrategia en sus respectivos municipios.&nbsp;<\/span><\/div>\n<div style=\"text-align: justify;\">&nbsp;<\/div>\n<div style=\"text-align: justify;\"><span style=\"font-size: 14pt; font-family: arial, helvetica, sans-serif;\"><\/span><\/div>\n<div style=\"text-align: justify;\"><span style=\"font-size: 14pt; font-family: arial, helvetica, sans-serif;\">\u201cTodo mundo antepuso en su momento el inter\u00e9s econ\u00f3mico por el inter\u00e9s pol\u00edtico, yo les dec\u00eda que no se val\u00eda hacer eso porque el bien superior es proteger la vida y la salud de las personas\u201d.&nbsp;<\/span><\/div>\n<div style=\"text-align: justify;\">&nbsp;<\/div>\n<div style=\"text-align: justify;\"><span style=\"font-size: 14pt; font-family: arial, helvetica, sans-serif;\"><\/span><\/div>\n<div style=\"text-align: justify;\"><span style=\"font-size: 14pt; font-family: arial, helvetica, sans-serif;\">Ante el \u00edndice de contagios que incrementaban d\u00eda con d\u00eda en la capital Sinaloense, el candidato reiter\u00f3 como acertadas las medidas preventivas llevadas a cabo, tales como la compra de cubrebocas KN95 mismos que se repartieron a toda la poblaci\u00f3n con ayuda del voluntariado.<\/span><\/div>\n<div style=\"text-align: justify;\">&nbsp;<\/div>\n<div style=\"text-align: justify;\"><span style=\"font-size: 14pt; font-family: arial, helvetica, sans-serif;\"><\/span><\/div>\n<div style=\"text-align: justify;\"><span style=\"font-size: 14pt; font-family: arial, helvetica, sans-serif;\">\u201cGracias a que nos metimos de lleno a este tema, le invertimos en cubrebocas, obtuve donaciones, donativos de ellos de parte de la familia Coppel, de los Ley, de Jes\u00fas Vizcarra, de Jova\u201d.&nbsp;<\/span><\/div>\n<div style=\"text-align: justify;\">&nbsp;<\/div>\n<div style=\"text-align: justify;\"><span style=\"font-size: 14pt; font-family: arial, helvetica, sans-serif;\"><\/span><\/div>\n<div style=\"text-align: justify;\"><span style=\"font-size: 14pt; font-family: arial, helvetica, sans-serif;\">Por su parte el Colegio M\u00e9dico de Sinaloa que integra m\u00e1s de 20 asociaciones m\u00e9dicas en el estado resalt\u00f3 el trabajo realizado de Estrada Ferreiro en la pandemia y destac\u00f3 que la campa\u00f1a Guardianes de la Salud fue un \u00e9xito en Sinaloa al exhortar a la ciudadan\u00eda en general a no bajar la guardia.&nbsp;<\/span><\/div>\n<div style=\"text-align: justify;\">&nbsp;<\/div>\n<div style=\"text-align: justify;\"><span style=\"font-size: 14pt; font-family: arial, helvetica, sans-serif;\"><\/span><\/div>\n<div style=\"text-align: justify;\"><span style=\"font-size: 14pt; font-family: arial, helvetica, sans-serif;\">En el evento estuvo acompa\u00f1ado por Oswaldo Arturo Laguna Uriarte, Presidente del Colegio M\u00e9dico de Sinaloa Jes\u00fas Ibarra, candidato a Diputado Local Distrito 14Mar\u00eda del Rosario Valdez P\u00e1ez, candidata a sindica procuradora.<\/span><\/div>\n<div style=\"text-align: justify;\">&nbsp;<\/div>\n<div style=\"text-align: justify;\">&nbsp;<\/div>\n<div style=\"text-align: justify;\">&nbsp;<\/div>\n<div style=\"text-align: justify;\"><span style=\"font-size: 14pt; font-family: arial, helvetica, sans-serif;\">REDACCI\u00d3N\/VISI\u00d3N CIUDADANA.<\/span><\/div>\n","protected":false},"excerpt":{"rendered":"<p>&nbsp; Invitado a participar en la reuni\u00f3n del Colegio M\u00e9dico de Sinaloa, el candidato a la alcald\u00eda de Culiac\u00e1n por la alianza Morena \u2013 PAS, Lic. Jes\u00fas Estrada Ferreiro, explic\u00f3 a los presentes la estrategia de salud dispuesta para proteger a la poblaci\u00f3n tras el inicio de la pandemia de coronavirus.&nbsp; &nbsp; Pese a los [&hellip;]<\/p>\n","protected":false},"author":1,"featured_media":255,"comment_status":"closed","ping_status":"closed","sticky":false,"template":"","format":"standard","meta":{"footnotes":""},"categories":[24],"tags":[],"ppma_author":[31],"class_list":["post-16679","post","type-post","status-publish","format-standard","has-post-thumbnail","hentry","category-relevantes"],"aioseo_notices":[],"authors":[{"term_id":31,"user_id":1,"is_guest":0,"slug":"ivan3vino","display_name":"Iv\u00e1n Trevi\u00f1o","avatar_url":{"url":"https:\/\/visionciudadana.com.mx\/oficial\/wp-content\/uploads\/2025\/09\/columna-ivan-Trevino.png","url2x":"https:\/\/visionciudadana.com.mx\/oficial\/wp-content\/uploads\/2025\/09\/columna-ivan-Trevino.png"},"0":null,"1":"","2":"","3":"","4":"","5":"","6":"","7":"","8":""}],"_links":{"self":[{"href":"https:\/\/visionciudadana.com.mx\/oficial\/wp-json\/wp\/v2\/posts\/16679","targetHints":{"allow":["GET"]}}],"collection":[{"href":"https:\/\/visionciudadana.com.mx\/oficial\/wp-json\/wp\/v2\/posts"}],"about":[{"href":"https:\/\/visionciudadana.com.mx\/oficial\/wp-json\/wp\/v2\/types\/post"}],"author":[{"embeddable":true,"href":"https:\/\/visionciudadana.com.mx\/oficial\/wp-json\/wp\/v2\/users\/1"}],"replies":[{"embeddable":true,"href":"https:\/\/visionciudadana.com.mx\/oficial\/wp-json\/wp\/v2\/comments?post=16679"}],"version-history":[{"count":1,"href":"https:\/\/visionciudadana.com.mx\/oficial\/wp-json\/wp\/v2\/posts\/16679\/revisions"}],"predecessor-version":[{"id":31184,"href":"https:\/\/visionciudadana.com.mx\/oficial\/wp-json\/wp\/v2\/posts\/16679\/revisions\/31184"}],"wp:featuredmedia":[{"embeddable":true,"href":"https:\/\/visionciudadana.com.mx\/oficial\/wp-json\/wp\/v2\/posts\/255"}],"wp:attachment":[{"href":"https:\/\/visionciudadana.com.mx\/oficial\/wp-json\/wp\/v2\/media?parent=16679"}],"wp:term":[{"taxonomy":"category","embeddable":true,"href":"https:\/\/visionciudadana.com.mx\/oficial\/wp-json\/wp\/v2\/categories?post=16679"},{"taxonomy":"post_tag","embeddable":true,"href":"https:\/\/visionciudadana.com.mx\/oficial\/wp-json\/wp\/v2\/tags?post=16679"},{"taxonomy":"author","embeddable":true,"href":"https:\/\/visionciudadana.com.mx\/oficial\/wp-json\/wp\/v2\/ppma_author?post=16679"}],"curies":[{"name":"wp","href":"https:\/\/api.w.org\/{rel}","templated":true}]}}