{"id":16678,"date":"2021-04-12T19:13:34","date_gmt":"2021-04-12T19:13:34","guid":{"rendered":"https:\/\/visionciudadana.com.mx\/chio\/2021\/04\/12\/ganaremos-las-alcaldias-de-guasave-y-sinaloa-con-yamira-y-jehovana-sergio-torres\/"},"modified":"2025-06-25T00:16:33","modified_gmt":"2025-06-25T00:16:33","slug":"ganaremos-las-alcaldias-de-guasave-y-sinaloa-con-yamira-y-jehovana-sergio-torres","status":"publish","type":"post","link":"https:\/\/visionciudadana.com.mx\/oficial\/2021\/04\/12\/ganaremos-las-alcaldias-de-guasave-y-sinaloa-con-yamira-y-jehovana-sergio-torres\/","title":{"rendered":"Ganaremos las alcald\u00edas de Guasave y Sinaloa con Yamira y Jehovana: Sergio Torres"},"content":{"rendered":"<p><img fetchpriority=\"high\" decoding=\"async\" src=\"images\/abril21\/chechos-MC.jpg\" alt=\"chechos MC\" width=\"780\" height=\"420\" style=\"display: block; margin: 20px auto;\" \/><\/p>\n<div>&nbsp;<\/div>\n<div style=\"text-align: justify;\"><span style=\"font-size: 14pt; font-family: arial, helvetica, sans-serif;\">Movimiento Ciudadano es el \u00fanico que crece, la gente se suma con entusiasmo y daremos la agradable sorpresa del triunfo en Sinaloa y sus municipios el pr\u00f3ximo 6 de junio, porque la ciudadan\u00eda est\u00e1 decidida a votar por por perfiles de candidatos no por partidos, y ah\u00ed la calidad y fortaleza la tenemos s\u00f3lo nosotros.<\/span><\/div>\n<div style=\"text-align: justify;\">&nbsp;<\/div>\n<div style=\"text-align: justify;\"><span style=\"font-size: 14pt; font-family: arial, helvetica, sans-serif;\"><\/span><\/div>\n<div style=\"text-align: justify;\"><span style=\"font-size: 14pt; font-family: arial, helvetica, sans-serif;\">En MC hay gente nueva, no reciclados y mucho menos perdedores del 2018 que traen otros partidos, asegur\u00f3 Sergio Torres, candidato de Movimiento Ciudadano al gobierno del estado, es gira de trabajo por los municipios de Guasave y Sinaloa, acompa\u00f1ado de las candidatas a presidentas municipales, Rosario Yamira L\u00f3pez Acosta y Jehovana Guadalupe Lugo, respectivamente.<\/span><\/div>\n<div style=\"text-align: justify;\">&nbsp;<\/div>\n<div style=\"text-align: justify;\"><span style=\"font-size: 14pt; font-family: arial, helvetica, sans-serif;\"><\/span><\/div>\n<div style=\"text-align: justify;\"><span style=\"font-size: 14pt; font-family: arial, helvetica, sans-serif;\">En MC, agrega Sergio Torres &nbsp;tenemos gente buena, \u00edntegra, solidaria y de resultados. Vamos a quitar viejos y da\u00f1inos moldes de hacer pol\u00edtica y gobierno; a sacar a la gente anquilosada en cargos, que no deja espacios a las nuevas y mejor capacitadas generaciones; vamos por el poder para servir, no para hacer negocios y tranzas.<\/span><\/div>\n<div style=\"text-align: justify;\"><span style=\"font-size: 14pt; font-family: arial, helvetica, sans-serif;\"><\/span><\/div>\n<div style=\"text-align: justify;\">&nbsp;<\/div>\n<div style=\"text-align: justify;\"><span style=\"font-size: 14pt; font-family: arial, helvetica, sans-serif;\">En el llamado \u00abcoraz\u00f3n agr\u00edcola de M\u00e9xico\u00bb, expres\u00f3 su total apoyo a productores agr\u00edcolas y ganaderos, as\u00ed como al srctorcpesquero, e hizo el compromiso de ser un gobernador que luchar\u00e1 y alzar\u00e1 la voz, para recuperar los presupuestos que el gobierno de Morena, sus senadores y diputados federales arrebataron a Sinaloa y sus sectores productivos.<\/span><\/div>\n<div style=\"text-align: justify;\">&nbsp;<\/div>\n<div style=\"text-align: justify;\"><span style=\"font-size: 14pt; font-family: arial, helvetica, sans-serif;\"><\/span><\/div>\n<div style=\"text-align: justify;\"><span style=\"font-size: 14pt; font-family: arial, helvetica, sans-serif;\">\u00abCuando el gobierno federal act\u00fae bien, en beneficio de sinaloenses: le vamos a aplaudir, pero tambi\u00e9n habremos de reclamar con mucha fuerza cuando afecte los intereses de Sinaloa y sus familias.<\/span><\/div>\n<div style=\"text-align: justify;\"><span style=\"font-size: 14pt; font-family: arial, helvetica, sans-serif;\"><\/span><\/div>\n<div style=\"text-align: justify;\">&nbsp;<\/div>\n<div style=\"text-align: justify;\"><span style=\"font-size: 14pt; font-family: arial, helvetica, sans-serif;\">REDACCI\u00d3N\/VISI\u00d3N CIUDADANA.<\/span><\/div>\n","protected":false},"excerpt":{"rendered":"<p>&nbsp; Movimiento Ciudadano es el \u00fanico que crece, la gente se suma con entusiasmo y daremos la agradable sorpresa del triunfo en Sinaloa y sus municipios el pr\u00f3ximo 6 de junio, porque la ciudadan\u00eda est\u00e1 decidida a votar por por perfiles de candidatos no por partidos, y ah\u00ed la calidad y fortaleza la tenemos s\u00f3lo [&hellip;]<\/p>\n","protected":false},"author":1,"featured_media":253,"comment_status":"closed","ping_status":"closed","sticky":false,"template":"","format":"standard","meta":{"footnotes":""},"categories":[24],"tags":[],"ppma_author":[31],"class_list":["post-16678","post","type-post","status-publish","format-standard","has-post-thumbnail","hentry","category-relevantes"],"aioseo_notices":[],"authors":[{"term_id":31,"user_id":1,"is_guest":0,"slug":"ivan3vino","display_name":"Iv\u00e1n Trevi\u00f1o","avatar_url":{"url":"https:\/\/visionciudadana.com.mx\/oficial\/wp-content\/uploads\/2025\/09\/columna-ivan-Trevino.png","url2x":"https:\/\/visionciudadana.com.mx\/oficial\/wp-content\/uploads\/2025\/09\/columna-ivan-Trevino.png"},"0":null,"1":"","2":"","3":"","4":"","5":"","6":"","7":"","8":""}],"_links":{"self":[{"href":"https:\/\/visionciudadana.com.mx\/oficial\/wp-json\/wp\/v2\/posts\/16678","targetHints":{"allow":["GET"]}}],"collection":[{"href":"https:\/\/visionciudadana.com.mx\/oficial\/wp-json\/wp\/v2\/posts"}],"about":[{"href":"https:\/\/visionciudadana.com.mx\/oficial\/wp-json\/wp\/v2\/types\/post"}],"author":[{"embeddable":true,"href":"https:\/\/visionciudadana.com.mx\/oficial\/wp-json\/wp\/v2\/users\/1"}],"replies":[{"embeddable":true,"href":"https:\/\/visionciudadana.com.mx\/oficial\/wp-json\/wp\/v2\/comments?post=16678"}],"version-history":[{"count":1,"href":"https:\/\/visionciudadana.com.mx\/oficial\/wp-json\/wp\/v2\/posts\/16678\/revisions"}],"predecessor-version":[{"id":31185,"href":"https:\/\/visionciudadana.com.mx\/oficial\/wp-json\/wp\/v2\/posts\/16678\/revisions\/31185"}],"wp:featuredmedia":[{"embeddable":true,"href":"https:\/\/visionciudadana.com.mx\/oficial\/wp-json\/wp\/v2\/posts\/253"}],"wp:attachment":[{"href":"https:\/\/visionciudadana.com.mx\/oficial\/wp-json\/wp\/v2\/media?parent=16678"}],"wp:term":[{"taxonomy":"category","embeddable":true,"href":"https:\/\/visionciudadana.com.mx\/oficial\/wp-json\/wp\/v2\/categories?post=16678"},{"taxonomy":"post_tag","embeddable":true,"href":"https:\/\/visionciudadana.com.mx\/oficial\/wp-json\/wp\/v2\/tags?post=16678"},{"taxonomy":"author","embeddable":true,"href":"https:\/\/visionciudadana.com.mx\/oficial\/wp-json\/wp\/v2\/ppma_author?post=16678"}],"curies":[{"name":"wp","href":"https:\/\/api.w.org\/{rel}","templated":true}]}}