{"id":16677,"date":"2021-04-12T19:06:05","date_gmt":"2021-04-12T19:06:05","guid":{"rendered":"https:\/\/visionciudadana.com.mx\/chio\/2021\/04\/12\/call-center-otorga-asesoria-medica-todos-los-dias-a-la-poblacion-sinaloense\/"},"modified":"2025-06-25T00:16:33","modified_gmt":"2025-06-25T00:16:33","slug":"call-center-otorga-asesoria-medica-todos-los-dias-a-la-poblacion-sinaloense","status":"publish","type":"post","link":"https:\/\/visionciudadana.com.mx\/oficial\/2021\/04\/12\/call-center-otorga-asesoria-medica-todos-los-dias-a-la-poblacion-sinaloense\/","title":{"rendered":"Call Center otorga asesor\u00eda m\u00e9dica todos los d\u00edas a la poblaci\u00f3n Sinaloense"},"content":{"rendered":"<p style=\"text-align: justify;\">&nbsp;<\/p>\n<div style=\"text-align: justify;\">\n<p class=\"x_gmail-xgmail-msonospacing\"><span lang=\"ES-TRAD\" style=\"font-size: 14pt; font-family: arial, helvetica, sans-serif;\">&nbsp;<img fetchpriority=\"high\" decoding=\"async\" src=\"images\/abril21\/DOC_COVID.jpg\" alt=\"DOC COVID\" width=\"780\" height=\"420\" style=\"display: block; margin: 20px auto;\" \/><\/span><\/p>\n<p class=\"x_gmail-xgmail-msonospacing\"><span lang=\"ES-TRAD\" style=\"font-size: 14pt; font-family: arial, helvetica, sans-serif;\">El Call Center es la l\u00ednea de asistencia m\u00e9dica para que las y los sinaloenses sean asesorados sobre qu\u00e9 hacer o c\u00f3mo actuar en caso de presentar s\u00edntomas de Coronavirus o tener alguna reacci\u00f3n a la vacuna, pues en cualquier situaci\u00f3n es de vital importancia que las personas reciban asesor\u00eda m\u00e9dica por especialistas, inform\u00f3 el Dr. Christian Aldo Mu\u00f1oz Madrid, Director de Prevenci\u00f3n y Promoci\u00f3n de la Salud.<\/span><\/p>\n<p class=\"x_gmail-xgmail-msonospacing\"><span lang=\"ES-TRAD\" style=\"font-size: 14pt; font-family: arial, helvetica, sans-serif;\"><\/span><\/p>\n<p class=\"x_gmail-xgmail-msonospacing\"><span lang=\"ES-TRAD\" style=\"font-size: 14pt; font-family: arial, helvetica, sans-serif;\">Especific\u00f3 que, la Secretar\u00eda de Salud de Sinaloa en cuesti\u00f3n de pandemia ha estado trabajando desde marzo del 2020 en materia de atenci\u00f3n, creando el Call Center Sinaloa, y a la fecha se han logrado otorgar un total de 150 mil asesor\u00edas m\u00e9dicas de manera telef\u00f3nica.<\/span><\/p>\n<p class=\"x_gmail-xgmail-msonospacing\"><span lang=\"ES-TRAD\" style=\"font-size: 14pt; font-family: arial, helvetica, sans-serif;\"><\/span><\/p>\n<p class=\"x_gmail-xgmail-msonospacing\"><span lang=\"ES-TRAD\" style=\"font-size: 14pt; font-family: arial, helvetica, sans-serif;\">\u201cHoy el call center sigue vigente en la Secretar\u00eda de Salud y seguimos esforz\u00e1ndonos por mejorar cada vez m\u00e1s la calidad de atenci\u00f3n. El Secretario de Salud, el Dr. Efr\u00e9n Encinas Torres, ha instruido de manera directa a la Direcci\u00f3n de Promoci\u00f3n y Prevenci\u00f3n de la Salud para que sigamos trabajando y sigamos esforz\u00e1ndonos por atender de una mejor manera esta pandemia en el call center si tienes alg\u00fan signo o s\u00edntoma asociado a COVID ll\u00e1manos y podemos apoyarte, en el call center si tienes una reacci\u00f3n que creas sea adversa a la vacuna ll\u00e1manos regularmente son reacciones leves dolor local, tal vez un malestar general leve o alguna situaci\u00f3n adicional y podemos asesorarte, es necesario que lo hagas de manera medi\u00e1tica de manera puntual y sobre todo de manera muy responsable\u201d, indic\u00f3.<\/span><\/p>\n<p class=\"x_gmail-xgmail-msonospacing\"><span lang=\"ES-TRAD\" style=\"font-size: 14pt; font-family: arial, helvetica, sans-serif;\"><\/span><\/p>\n<p class=\"x_gmail-xgmail-msonospacing\"><span lang=\"ES-TRAD\" style=\"font-size: 14pt; font-family: arial, helvetica, sans-serif;\">Las personas que tienen dudas sobre s\u00edntomas por Covid \u2013 19 o cualquier otra enfermedad o situaci\u00f3n m\u00e9dica, pueden llamar al n\u00famero 6677 13 00 63 a trav\u00e9s de esta l\u00ednea telef\u00f3nica las personas pueden recibir asesor\u00eda por especialistas que esclarecer\u00e1n dudas y dar\u00e1n indicaciones oportunas sobre qu\u00e9 hacer y c\u00f3mo actuar.<\/span><\/p>\n<\/div>\n<div style=\"text-align: justify;\"><span style=\"font-size: 14pt; font-family: arial, helvetica, sans-serif;\"><\/span><\/div>\n<div style=\"text-align: justify;\">&nbsp;<\/div>\n<div style=\"text-align: justify;\">&nbsp;<\/div>\n<div style=\"text-align: justify;\"><span style=\"font-size: 14pt; font-family: arial, helvetica, sans-serif;\">REDACCI\u00d3N\/VISI\u00d3N CIUDADANA.<\/span><\/div>\n","protected":false},"excerpt":{"rendered":"<p>&nbsp; &nbsp; El Call Center es la l\u00ednea de asistencia m\u00e9dica para que las y los sinaloenses sean asesorados sobre qu\u00e9 hacer o c\u00f3mo actuar en caso de presentar s\u00edntomas de Coronavirus o tener alguna reacci\u00f3n a la vacuna, pues en cualquier situaci\u00f3n es de vital importancia que las personas reciban asesor\u00eda m\u00e9dica por especialistas, [&hellip;]<\/p>\n","protected":false},"author":1,"featured_media":251,"comment_status":"closed","ping_status":"closed","sticky":false,"template":"","format":"standard","meta":{"footnotes":""},"categories":[24],"tags":[],"ppma_author":[31],"class_list":["post-16677","post","type-post","status-publish","format-standard","has-post-thumbnail","hentry","category-relevantes"],"aioseo_notices":[],"authors":[{"term_id":31,"user_id":1,"is_guest":0,"slug":"ivan3vino","display_name":"Iv\u00e1n Trevi\u00f1o","avatar_url":{"url":"https:\/\/visionciudadana.com.mx\/oficial\/wp-content\/uploads\/2025\/09\/columna-ivan-Trevino.png","url2x":"https:\/\/visionciudadana.com.mx\/oficial\/wp-content\/uploads\/2025\/09\/columna-ivan-Trevino.png"},"0":null,"1":"","2":"","3":"","4":"","5":"","6":"","7":"","8":""}],"_links":{"self":[{"href":"https:\/\/visionciudadana.com.mx\/oficial\/wp-json\/wp\/v2\/posts\/16677","targetHints":{"allow":["GET"]}}],"collection":[{"href":"https:\/\/visionciudadana.com.mx\/oficial\/wp-json\/wp\/v2\/posts"}],"about":[{"href":"https:\/\/visionciudadana.com.mx\/oficial\/wp-json\/wp\/v2\/types\/post"}],"author":[{"embeddable":true,"href":"https:\/\/visionciudadana.com.mx\/oficial\/wp-json\/wp\/v2\/users\/1"}],"replies":[{"embeddable":true,"href":"https:\/\/visionciudadana.com.mx\/oficial\/wp-json\/wp\/v2\/comments?post=16677"}],"version-history":[{"count":1,"href":"https:\/\/visionciudadana.com.mx\/oficial\/wp-json\/wp\/v2\/posts\/16677\/revisions"}],"predecessor-version":[{"id":31186,"href":"https:\/\/visionciudadana.com.mx\/oficial\/wp-json\/wp\/v2\/posts\/16677\/revisions\/31186"}],"wp:featuredmedia":[{"embeddable":true,"href":"https:\/\/visionciudadana.com.mx\/oficial\/wp-json\/wp\/v2\/posts\/251"}],"wp:attachment":[{"href":"https:\/\/visionciudadana.com.mx\/oficial\/wp-json\/wp\/v2\/media?parent=16677"}],"wp:term":[{"taxonomy":"category","embeddable":true,"href":"https:\/\/visionciudadana.com.mx\/oficial\/wp-json\/wp\/v2\/categories?post=16677"},{"taxonomy":"post_tag","embeddable":true,"href":"https:\/\/visionciudadana.com.mx\/oficial\/wp-json\/wp\/v2\/tags?post=16677"},{"taxonomy":"author","embeddable":true,"href":"https:\/\/visionciudadana.com.mx\/oficial\/wp-json\/wp\/v2\/ppma_author?post=16677"}],"curies":[{"name":"wp","href":"https:\/\/api.w.org\/{rel}","templated":true}]}}