{"id":16669,"date":"2021-04-10T00:36:22","date_gmt":"2021-04-10T00:36:22","guid":{"rendered":"https:\/\/visionciudadana.com.mx\/chio\/2021\/04\/10\/reparacion-de-lamparas-led-no-cuesta-ni-costara-a-futuras-administraciones\/"},"modified":"2025-06-25T00:16:34","modified_gmt":"2025-06-25T00:16:34","slug":"reparacion-de-lamparas-led-no-cuesta-ni-costara-a-futuras-administraciones","status":"publish","type":"post","link":"https:\/\/visionciudadana.com.mx\/oficial\/2021\/04\/10\/reparacion-de-lamparas-led-no-cuesta-ni-costara-a-futuras-administraciones\/","title":{"rendered":"Reparaci\u00f3n de l\u00e1mparas led no cuesta, ni costar\u00e1 a futuras administraciones\u00a0"},"content":{"rendered":"<p>&nbsp;<\/p>\n<div><img fetchpriority=\"high\" decoding=\"async\" src=\"images\/abril21\/jef.png\" alt=\"jef\" width=\"628\" height=\"393\" style=\"display: block; margin: 20px auto;\" \/><\/div>\n<div style=\"text-align: justify;\"><span style=\"font-size: 14pt; font-family: arial, helvetica, sans-serif;\">Las l\u00e1mparas led que registran alguna falla, son cambiadas inmediatamente, sin ning\u00fan costo adicional, porque as\u00ed quedo estipulado en el contrato firmado con el Ayuntamiento de Culiac\u00e1n.&nbsp;<\/span><\/div>\n<div style=\"text-align: justify;\">&nbsp;<\/div>\n<div style=\"text-align: justify;\"><span style=\"font-size: 14pt; font-family: arial, helvetica, sans-serif;\"><\/span><\/div>\n<div style=\"text-align: justify;\"><span style=\"font-size: 14pt; font-family: arial, helvetica, sans-serif;\">La iluminaci\u00f3n de las principales calles y colonias de la ciudad, ha sido agradecida por los ciudadanos, quienes a temprana hora, deb\u00edan resguardarse en sus casas, &nbsp;temerosos de calles y sitios p\u00fablicos ocursos, y ahora, tienen mayor tiempo de convivencia.&nbsp;<\/span><\/div>\n<div style=\"text-align: justify;\">&nbsp;<\/div>\n<div style=\"text-align: justify;\"><span style=\"font-size: 14pt; font-family: arial, helvetica, sans-serif;\"><\/span><\/div>\n<div style=\"text-align: justify;\"><span style=\"font-size: 14pt; font-family: arial, helvetica, sans-serif;\">El Lic. Jes\u00fas Estrada Ferreiro, candidato de Morena-PAS a la presidencia municipal, garantiz\u00f3 que, las l\u00e1mparas no representaran ninguna carga para las administraciones futuras, pues tienen garant\u00eda de diez a\u00f1os.&nbsp;<\/span><\/div>\n<div style=\"text-align: justify;\">&nbsp;<\/div>\n<div style=\"text-align: justify;\"><span style=\"font-size: 14pt; font-family: arial, helvetica, sans-serif;\"><\/span><\/div>\n<div style=\"text-align: justify;\"><span style=\"font-size: 14pt; font-family: arial, helvetica, sans-serif;\">Y si algunas se encuentran fallando, basta reportarlas, para que sean cambiadas, lo que ning\u00fan otro presidente municipal hab\u00eda realizado.&nbsp;<\/span><\/div>\n<div style=\"text-align: justify;\">&nbsp;<\/div>\n<div style=\"text-align: justify;\"><span style=\"font-size: 14pt; font-family: arial, helvetica, sans-serif;\"><\/span><\/div>\n<div style=\"text-align: justify;\"><span style=\"font-size: 14pt; font-family: arial, helvetica, sans-serif;\">\u201cY si ustedes siguen viendo alguna l\u00e1mpara amarillenta, de vapor de sodio, porque va a ocurrir, son fraccionamiento privados, donde no podemos entrar como ayuntamiento, porque son condominios, y tambi\u00e9n habr\u00e1 fraccionamiento del ayuntamiento, pero que no son entregados todav\u00eda por los fraccionadores, eso se los comento y lo aclaro, para que no piensen que estoy mintiendo, y les voy a mentir.&nbsp;<\/span><\/div>\n<div style=\"text-align: justify;\">&nbsp;<\/div>\n<div style=\"text-align: justify;\"><span style=\"font-size: 14pt; font-family: arial, helvetica, sans-serif;\"><\/span><\/div>\n<div style=\"text-align: justify;\"><span style=\"font-size: 14pt; font-family: arial, helvetica, sans-serif;\">Estrada Ferreiro dijo que el Ayuntamiento paga unos 17 mdp mensuales por luz, pero antes, lo hac\u00eda por diez mil l\u00e1mparas de vapor de sodio, y ahora lo hacen por 65 mil l\u00e1mparas led, y antes de concluir el a\u00f1o, se instalaran m\u00e1s l\u00e1mparas.&nbsp;<\/span><\/div>\n<div style=\"text-align: justify;\">&nbsp;<\/div>\n<div style=\"text-align: justify;\"><span style=\"font-size: 14pt; font-family: arial, helvetica, sans-serif;\"><\/span><\/div>\n<div style=\"text-align: justify;\"><span style=\"font-size: 14pt; font-family: arial, helvetica, sans-serif;\">El candidato de Morena-PAS, dijo que esta inversi\u00f3n fue posible, gracias a que recortaron gastos excesivos, que ten\u00edan otras administraciones, y de continuar en la presidencia, habr\u00e1 m\u00e1s beneficio para la ciudadan\u00eda.<\/span><\/div>\n<div style=\"text-align: justify;\">&nbsp;<\/div>\n<div style=\"text-align: justify;\">&nbsp;<\/div>\n<div style=\"text-align: justify;\"><span style=\"font-size: 14pt; font-family: arial, helvetica, sans-serif;\">REDACCI\u00d3N\/VISI\u00d3N CIUDADANA.<\/span><\/div>\n","protected":false},"excerpt":{"rendered":"<p>&nbsp; Las l\u00e1mparas led que registran alguna falla, son cambiadas inmediatamente, sin ning\u00fan costo adicional, porque as\u00ed quedo estipulado en el contrato firmado con el Ayuntamiento de Culiac\u00e1n.&nbsp; &nbsp; La iluminaci\u00f3n de las principales calles y colonias de la ciudad, ha sido agradecida por los ciudadanos, quienes a temprana hora, deb\u00edan resguardarse en sus casas, [&hellip;]<\/p>\n","protected":false},"author":1,"featured_media":240,"comment_status":"closed","ping_status":"closed","sticky":false,"template":"","format":"standard","meta":{"footnotes":""},"categories":[24],"tags":[],"ppma_author":[31],"class_list":["post-16669","post","type-post","status-publish","format-standard","has-post-thumbnail","hentry","category-relevantes"],"aioseo_notices":[],"authors":[{"term_id":31,"user_id":1,"is_guest":0,"slug":"ivan3vino","display_name":"Iv\u00e1n Trevi\u00f1o","avatar_url":{"url":"https:\/\/visionciudadana.com.mx\/oficial\/wp-content\/uploads\/2025\/09\/columna-ivan-Trevino.png","url2x":"https:\/\/visionciudadana.com.mx\/oficial\/wp-content\/uploads\/2025\/09\/columna-ivan-Trevino.png"},"0":null,"1":"","2":"","3":"","4":"","5":"","6":"","7":"","8":""}],"_links":{"self":[{"href":"https:\/\/visionciudadana.com.mx\/oficial\/wp-json\/wp\/v2\/posts\/16669","targetHints":{"allow":["GET"]}}],"collection":[{"href":"https:\/\/visionciudadana.com.mx\/oficial\/wp-json\/wp\/v2\/posts"}],"about":[{"href":"https:\/\/visionciudadana.com.mx\/oficial\/wp-json\/wp\/v2\/types\/post"}],"author":[{"embeddable":true,"href":"https:\/\/visionciudadana.com.mx\/oficial\/wp-json\/wp\/v2\/users\/1"}],"replies":[{"embeddable":true,"href":"https:\/\/visionciudadana.com.mx\/oficial\/wp-json\/wp\/v2\/comments?post=16669"}],"version-history":[{"count":1,"href":"https:\/\/visionciudadana.com.mx\/oficial\/wp-json\/wp\/v2\/posts\/16669\/revisions"}],"predecessor-version":[{"id":31188,"href":"https:\/\/visionciudadana.com.mx\/oficial\/wp-json\/wp\/v2\/posts\/16669\/revisions\/31188"}],"wp:featuredmedia":[{"embeddable":true,"href":"https:\/\/visionciudadana.com.mx\/oficial\/wp-json\/wp\/v2\/media\/240"}],"wp:attachment":[{"href":"https:\/\/visionciudadana.com.mx\/oficial\/wp-json\/wp\/v2\/media?parent=16669"}],"wp:term":[{"taxonomy":"category","embeddable":true,"href":"https:\/\/visionciudadana.com.mx\/oficial\/wp-json\/wp\/v2\/categories?post=16669"},{"taxonomy":"post_tag","embeddable":true,"href":"https:\/\/visionciudadana.com.mx\/oficial\/wp-json\/wp\/v2\/tags?post=16669"},{"taxonomy":"author","embeddable":true,"href":"https:\/\/visionciudadana.com.mx\/oficial\/wp-json\/wp\/v2\/ppma_author?post=16669"}],"curies":[{"name":"wp","href":"https:\/\/api.w.org\/{rel}","templated":true}]}}