{"id":16668,"date":"2021-04-10T00:27:48","date_gmt":"2021-04-10T00:27:48","guid":{"rendered":"https:\/\/visionciudadana.com.mx\/chio\/2021\/04\/10\/creare-la-direccion-de-asuntos-agropecuarios-faustino-hernandez-alvarez-candidato-del-pri-pan-y-prd\/"},"modified":"2025-06-25T00:16:34","modified_gmt":"2025-06-25T00:16:34","slug":"creare-la-direccion-de-asuntos-agropecuarios-faustino-hernandez-alvarez-candidato-del-pri-pan-y-prd","status":"publish","type":"post","link":"https:\/\/visionciudadana.com.mx\/oficial\/2021\/04\/10\/creare-la-direccion-de-asuntos-agropecuarios-faustino-hernandez-alvarez-candidato-del-pri-pan-y-prd\/","title":{"rendered":"Crear\u00e9 la Direcci\u00f3n de Asuntos Agropecuarios: Faustino Hern\u00e1ndez \u00c1lvarez, candidato del PRI, PAN y PRD"},"content":{"rendered":"<p><img fetchpriority=\"high\" decoding=\"async\" src=\"images\/abril21\/fausty2.jpg\" alt=\"fausty2\" width=\"780\" height=\"420\" style=\"display: block; margin-left: auto; margin-right: auto;\" \/><\/p>\n<p class=\"x_MsoNormal\" align=\"right\">&nbsp;<\/p>\n<p class=\"x_MsoNormal\" style=\"text-align: justify;\"><span style=\"font-size: 14pt; font-family: arial, helvetica, sans-serif;\">El candidato del PRI, PAN y PRD&nbsp; a la Alcald\u00eda de Culiac\u00e1n, Faustino Hern\u00e1ndez \u00c1lvarez, se comprometi\u00f3 a crear una direcci\u00f3n municipal de Asuntos Agropecuarios para detonar el crecimiento de la pesca, acuacultura, agricultura y ganader\u00eda, aprovechando el valor agregado de estas actividades econ\u00f3micas.<\/span><\/p>\n<p style=\"text-align: justify;\">&nbsp;<\/p>\n<p class=\"x_MsoNormal\" style=\"text-align: justify;\"><span style=\"font-size: 14pt; font-family: arial, helvetica, sans-serif;\">\u201cHay pesca en Culiac\u00e1n, ganader\u00eda, acuacultura, agricultura y no se le ha dado el valor agregado a la gente que produce, a la gente que trabaja,&nbsp; por lo tanto voy a crear esa direcci\u00f3n donde vengan aglutinados todos los sectores productivos\u201d, dijo.<\/span><\/p>\n<p style=\"text-align: justify;\">&nbsp;<\/p>\n<p class=\"x_MsoNormal\" style=\"text-align: justify;\"><span style=\"font-size: 14pt; font-family: arial, helvetica, sans-serif;\">Destac\u00f3 que \u00e9sta y otras medidas forman parte de una estrategia integral encaminada a atraer inversiones a trav\u00e9s de un mayor n\u00famero de est\u00edmulos fiscales, como son las Ceprofies y mediante la eliminaci\u00f3n de tr\u00e1mites burocr\u00e1ticos engorrosos, entre otras acciones.&nbsp;<\/span><\/p>\n<p style=\"text-align: justify;\">&nbsp;<\/p>\n<p class=\"x_MsoNormal\" style=\"text-align: justify;\"><span style=\"font-size: 14pt; font-family: arial, helvetica, sans-serif;\">Entrevistado, previo a la reuni\u00f3n que sostuvo como candidato, delegado y ganadero, durante la Asamblea General Ordinaria de la Uni\u00f3n Ganadera Regional de Sinaloa, Faustino Hern\u00e1ndez \u00c1lvarez destac\u00f3 que el objetivo del gobierno que encabezar\u00e1 ser\u00e1 ser un facilitador para todos los empresarios a fin de generar mayor inversi\u00f3n.<\/span><\/p>\n<p style=\"text-align: justify;\">&nbsp;<\/p>\n<p class=\"x_MsoNormal\" style=\"text-align: justify;\"><span style=\"font-size: 14pt; font-family: arial, helvetica, sans-serif;\">\u201cCon Faustino Hern\u00e1ndez van a tener un gobierno facilitador, un gobierno incluyente\u201d, dijo.<\/span><\/p>\n<p style=\"text-align: justify;\">&nbsp;<\/p>\n<p class=\"x_MsoNormal\" style=\"text-align: justify;\"><span style=\"font-size: 14pt; font-family: arial, helvetica, sans-serif;\">Entrevistado con respecto a su campa\u00f1a, el candidato del PRI, PAN Y PRD a la Alcald\u00eda se\u00f1al\u00f3 que la demanda principal&nbsp; de los ciudadanos es mejorar sus condiciones de vida as\u00ed como&nbsp; los servicios y espacios p\u00fablicos, adem\u00e1s de mantener&nbsp; un gobierno cercano a la gente, humano y facilitador de las inversiones, entre otros.<\/span><\/p>\n<p style=\"text-align: justify;\">&nbsp;<\/p>\n<p class=\"x_MsoNormal\" style=\"text-align: justify;\"><span style=\"font-size: 14pt; font-family: arial, helvetica, sans-serif;\">\u201cSin duda, los servicios p\u00fablicos es la demanda principal de la ciudadan\u00eda y la falta de atenci\u00f3n de un gobierno menos burocr\u00e1tico, es decir, m\u00e1s agilidad en los tr\u00e1mites, menos burocr\u00e1tico, cercano a la gente pero, sobre todo, cercano a la sociedad\u00bb.<\/span><\/p>\n<p style=\"text-align: justify;\">&nbsp;<\/p>\n<p class=\"x_MsoNormal\" style=\"text-align: justify;\"><span style=\"font-size: 14pt; font-family: arial, helvetica, sans-serif;\">\u201cY es lo que yo quiero hacer: un gobierno cercano a la gente, un gobierno incluyente, donde nos veamos igual: sociedad y gobierno, somos humanos todos, nada m\u00e1s es la representaci\u00f3n que el pueblo le presta al servidor p\u00fablico, durante tres a\u00f1os, y yo no les quiero fallar, Faustino Hern\u00e1ndez es de palabra y compromiso\u201d, dijo.<\/span><\/p>\n<p style=\"text-align: justify;\">&nbsp;<\/p>\n<p class=\"x_MsoNormal\" style=\"text-align: justify;\"><span style=\"font-size: 14pt; font-family: arial, helvetica, sans-serif;\">\u201cVamos a rescatar a Culiac\u00e1n, por el bien de los culiacanenses, un gobierno m\u00e1s moderno, un Culiac\u00e1n donde veamos el c\u00f3mo s\u00ed\u201d, se\u00f1al\u00f3.<\/span><\/p>\n<p style=\"text-align: justify;\">&nbsp;<\/p>\n<p class=\"x_MsoNormal\" style=\"text-align: justify;\"><span style=\"font-size: 14pt; font-family: arial, helvetica, sans-serif;\">Durante su sexto d\u00eda de campa\u00f1a, el candidato del PRI, PAN y PRD a la Alcald\u00eda tendr\u00e1 una&nbsp; intensa gira de trabajo que incluye recorridos casa por casa en la colonia Huizaches y en la zona centro, adem\u00e1s de una reuni\u00f3n con vecinos de la colonia Miguel Alem\u00e1n.<\/span><\/p>\n<p style=\"text-align: justify;\">&nbsp;<\/p>\n<p class=\"x_MsoNormal\" style=\"text-align: justify;\"><span style=\"font-size: 14pt; font-family: arial, helvetica, sans-serif;\">De igual manera, saludar\u00e1 a&nbsp;&nbsp; automovilistas en el c\u00e9ntrico crucero de la calle \u00c1lvaro Obreg\u00f3n y Blvd. Madero.<\/span><\/p>\n<p style=\"text-align: justify;\">&nbsp;<\/p>\n<p style=\"text-align: justify;\">&nbsp;<\/p>\n<p style=\"text-align: justify;\"><span style=\"font-size: 14pt; font-family: arial, helvetica, sans-serif;\">REDACCI\u00d3N\/VISI\u00d3N CIUDADANA.<\/span><\/p>\n","protected":false},"excerpt":{"rendered":"<p>&nbsp; El candidato del PRI, PAN y PRD&nbsp; a la Alcald\u00eda de Culiac\u00e1n, Faustino Hern\u00e1ndez \u00c1lvarez, se comprometi\u00f3 a crear una direcci\u00f3n municipal de Asuntos Agropecuarios para detonar el crecimiento de la pesca, acuacultura, agricultura y ganader\u00eda, aprovechando el valor agregado de estas actividades econ\u00f3micas. &nbsp; \u201cHay pesca en Culiac\u00e1n, ganader\u00eda, acuacultura, agricultura y no [&hellip;]<\/p>\n","protected":false},"author":1,"featured_media":238,"comment_status":"closed","ping_status":"closed","sticky":false,"template":"","format":"standard","meta":{"footnotes":""},"categories":[24],"tags":[],"ppma_author":[31],"class_list":["post-16668","post","type-post","status-publish","format-standard","has-post-thumbnail","hentry","category-relevantes"],"aioseo_notices":[],"authors":[{"term_id":31,"user_id":1,"is_guest":0,"slug":"ivan3vino","display_name":"Iv\u00e1n Trevi\u00f1o","avatar_url":{"url":"https:\/\/visionciudadana.com.mx\/oficial\/wp-content\/uploads\/2025\/09\/columna-ivan-Trevino.png","url2x":"https:\/\/visionciudadana.com.mx\/oficial\/wp-content\/uploads\/2025\/09\/columna-ivan-Trevino.png"},"0":null,"1":"","2":"","3":"","4":"","5":"","6":"","7":"","8":""}],"_links":{"self":[{"href":"https:\/\/visionciudadana.com.mx\/oficial\/wp-json\/wp\/v2\/posts\/16668","targetHints":{"allow":["GET"]}}],"collection":[{"href":"https:\/\/visionciudadana.com.mx\/oficial\/wp-json\/wp\/v2\/posts"}],"about":[{"href":"https:\/\/visionciudadana.com.mx\/oficial\/wp-json\/wp\/v2\/types\/post"}],"author":[{"embeddable":true,"href":"https:\/\/visionciudadana.com.mx\/oficial\/wp-json\/wp\/v2\/users\/1"}],"replies":[{"embeddable":true,"href":"https:\/\/visionciudadana.com.mx\/oficial\/wp-json\/wp\/v2\/comments?post=16668"}],"version-history":[{"count":1,"href":"https:\/\/visionciudadana.com.mx\/oficial\/wp-json\/wp\/v2\/posts\/16668\/revisions"}],"predecessor-version":[{"id":31189,"href":"https:\/\/visionciudadana.com.mx\/oficial\/wp-json\/wp\/v2\/posts\/16668\/revisions\/31189"}],"wp:featuredmedia":[{"embeddable":true,"href":"https:\/\/visionciudadana.com.mx\/oficial\/wp-json\/wp\/v2\/media\/238"}],"wp:attachment":[{"href":"https:\/\/visionciudadana.com.mx\/oficial\/wp-json\/wp\/v2\/media?parent=16668"}],"wp:term":[{"taxonomy":"category","embeddable":true,"href":"https:\/\/visionciudadana.com.mx\/oficial\/wp-json\/wp\/v2\/categories?post=16668"},{"taxonomy":"post_tag","embeddable":true,"href":"https:\/\/visionciudadana.com.mx\/oficial\/wp-json\/wp\/v2\/tags?post=16668"},{"taxonomy":"author","embeddable":true,"href":"https:\/\/visionciudadana.com.mx\/oficial\/wp-json\/wp\/v2\/ppma_author?post=16668"}],"curies":[{"name":"wp","href":"https:\/\/api.w.org\/{rel}","templated":true}]}}