{"id":16667,"date":"2021-04-10T00:21:28","date_gmt":"2021-04-10T00:21:28","guid":{"rendered":"https:\/\/visionciudadana.com.mx\/chio\/2021\/04\/10\/detonaremos-el-desarrollo-del-sur-de-sinaloa-sin-viejos-privilegios-sergio-torres\/"},"modified":"2025-06-25T00:16:34","modified_gmt":"2025-06-25T00:16:34","slug":"detonaremos-el-desarrollo-del-sur-de-sinaloa-sin-viejos-privilegios-sergio-torres","status":"publish","type":"post","link":"https:\/\/visionciudadana.com.mx\/oficial\/2021\/04\/10\/detonaremos-el-desarrollo-del-sur-de-sinaloa-sin-viejos-privilegios-sergio-torres\/","title":{"rendered":"Detonaremos el desarrollo del sur de Sinaloa sin viejos privilegios: Sergio Torres"},"content":{"rendered":"<p><img fetchpriority=\"high\" decoding=\"async\" src=\"images\/abril21\/sergio_torres1.jpg\" alt=\"sergio torres1\" width=\"780\" height=\"420\" style=\"display: block; margin-left: auto; margin-right: auto;\" \/><\/p>\n<div>&nbsp;<\/div>\n<div style=\"text-align: justify;\"><span style=\"font-size: 14pt; font-family: arial, helvetica, sans-serif;\">Haremos que Sinaloa crezca, que haya m\u00e1s beneficios para todos y no s\u00f3lo para los mismos; el sur del estado competir\u00e1 con \u00e9xito en los mercados internacionales del turismo y de producci\u00f3n pesquera, se elevar\u00e1 la actividad portuaria de Mazatl\u00e1n,&nbsp; y tendr\u00e1n un gobernador que abrir\u00e1 las oportunidades a quienes quieran participar con honestidad y mucho esfuerzo.<\/span><\/div>\n<div style=\"text-align: justify;\">&nbsp;<\/div>\n<div style=\"text-align: justify;\"><span style=\"font-size: 14pt; font-family: arial, helvetica, sans-serif;\"><\/span><\/div>\n<div style=\"text-align: justify;\"><span style=\"font-size: 14pt; font-family: arial, helvetica, sans-serif;\">Sergio Torres, candidato de Movimiento Ciudadano al gobierno del estado, se\u00f1ala que en su Manifiesto por Sinaloa, y posteriormente en su Plan Estatal de Gobierno, sienta las bases para dar oportunidad por igual a toda la ciudadan\u00eda y sectores productivos, para elevar en n\u00famero y calidad de productos y servicios, para competir en mercados internacionales, \u00abpara pelear con audacia\u00bb,&nbsp; para que el sur de la entidad acelere su crecimiento y bienestar de su gente.<\/span><\/div>\n<div style=\"text-align: justify;\">&nbsp;<\/div>\n<div style=\"text-align: justify;\"><span style=\"font-size: 14pt; font-family: arial, helvetica, sans-serif;\"><\/span><\/div>\n<div style=\"text-align: justify;\"><span style=\"font-size: 14pt; font-family: arial, helvetica, sans-serif;\">Ante integrantes del Colegio de Ingenieros Civiles y Arquitectos de Mazatl\u00e1n, el candidato de la ola naranja dijo que su gobierno acabar\u00e1 con privilegios de unos cuantos en la ejecuci\u00f3n de la obra p\u00fablica, \u00abno es posible que cada sexenio haya mucha obra p\u00fablica para pocos, y poca o nada para muchos\u00bb.<\/span><\/div>\n<div style=\"text-align: justify;\">&nbsp;<\/div>\n<div style=\"text-align: justify;\"><span style=\"font-size: 14pt; font-family: arial, helvetica, sans-serif;\"><\/span><\/div>\n<div style=\"text-align: justify;\"><span style=\"font-size: 14pt; font-family: arial, helvetica, sans-serif;\">Puntualiz\u00f3 que, a diferencia del resto de candidatos a la gobernatura, \u00e9l posee experiencia de gobernante con muy buenos resultados al frente del ayuntamiento de Culiac\u00e1n, administraci\u00f3n en la que la obra p\u00fablica se otorg\u00f3 con transparencia, se ejecut\u00f3&nbsp; con calidad y se brind\u00f3 oportunidad de trabajo a constructoras distintas a las de siempre.<\/span><\/div>\n<div style=\"text-align: justify;\"><span style=\"font-size: 14pt; font-family: arial, helvetica, sans-serif;\"><\/span><\/div>\n<div style=\"text-align: justify;\">&nbsp;<\/div>\n<div style=\"text-align: justify;\"><span style=\"font-size: 14pt; font-family: arial, helvetica, sans-serif;\">\u00abSoy hombre de palabra, dijo Sergio Torres, mi trayectoria es de lucha y resultados, siempre he alzado la voz por las causas justas, quiero gobernar por un Sinaloa justo e igualitario, ya no m\u00e1s privilegios para unos cuantos\u00bb.<\/span><\/div>\n<div style=\"text-align: justify;\"><span style=\"font-size: 14pt; font-family: arial, helvetica, sans-serif;\"><\/span><\/div>\n<div style=\"text-align: justify;\">&nbsp;<\/div>\n<div style=\"text-align: justify;\"><span style=\"font-size: 14pt; font-family: arial, helvetica, sans-serif;\">Adem\u00e1s de esta reuni\u00f3n con ingenieros y arquitectos, el candidato de la ola naranja realiz\u00f3 un recorrido por diversos puntos&nbsp; de la cabecera municipal de Escuinapa en compa\u00f1\u00eda del candidato de MC a presidente municipal, Hugo Enrique Moreno Guzm\u00e1n, y una reuni\u00f3n con la candidata a la presidencia municipal de Concordia, Ma. Emilia Elizondo Rodr\u00edguez y candidatos a diputaciones locales.<\/span><\/div>\n<div style=\"text-align: justify;\">&nbsp;<\/div>\n<div style=\"text-align: justify;\">&nbsp;<\/div>\n<div style=\"text-align: justify;\"><span style=\"font-size: 14pt; font-family: arial, helvetica, sans-serif;\">REDACCI\u00d3N\/VISI\u00d3N CIUDADANA.<\/span><\/div>\n","protected":false},"excerpt":{"rendered":"<p>&nbsp; Haremos que Sinaloa crezca, que haya m\u00e1s beneficios para todos y no s\u00f3lo para los mismos; el sur del estado competir\u00e1 con \u00e9xito en los mercados internacionales del turismo y de producci\u00f3n pesquera, se elevar\u00e1 la actividad portuaria de Mazatl\u00e1n,&nbsp; y tendr\u00e1n un gobernador que abrir\u00e1 las oportunidades a quienes quieran participar con honestidad [&hellip;]<\/p>\n","protected":false},"author":1,"featured_media":236,"comment_status":"closed","ping_status":"closed","sticky":false,"template":"","format":"standard","meta":{"footnotes":""},"categories":[24],"tags":[],"ppma_author":[31],"class_list":["post-16667","post","type-post","status-publish","format-standard","has-post-thumbnail","hentry","category-relevantes"],"aioseo_notices":[],"authors":[{"term_id":31,"user_id":1,"is_guest":0,"slug":"ivan3vino","display_name":"Iv\u00e1n Trevi\u00f1o","avatar_url":{"url":"https:\/\/visionciudadana.com.mx\/oficial\/wp-content\/uploads\/2025\/09\/columna-ivan-Trevino.png","url2x":"https:\/\/visionciudadana.com.mx\/oficial\/wp-content\/uploads\/2025\/09\/columna-ivan-Trevino.png"},"0":null,"1":"","2":"","3":"","4":"","5":"","6":"","7":"","8":""}],"_links":{"self":[{"href":"https:\/\/visionciudadana.com.mx\/oficial\/wp-json\/wp\/v2\/posts\/16667","targetHints":{"allow":["GET"]}}],"collection":[{"href":"https:\/\/visionciudadana.com.mx\/oficial\/wp-json\/wp\/v2\/posts"}],"about":[{"href":"https:\/\/visionciudadana.com.mx\/oficial\/wp-json\/wp\/v2\/types\/post"}],"author":[{"embeddable":true,"href":"https:\/\/visionciudadana.com.mx\/oficial\/wp-json\/wp\/v2\/users\/1"}],"replies":[{"embeddable":true,"href":"https:\/\/visionciudadana.com.mx\/oficial\/wp-json\/wp\/v2\/comments?post=16667"}],"version-history":[{"count":1,"href":"https:\/\/visionciudadana.com.mx\/oficial\/wp-json\/wp\/v2\/posts\/16667\/revisions"}],"predecessor-version":[{"id":31190,"href":"https:\/\/visionciudadana.com.mx\/oficial\/wp-json\/wp\/v2\/posts\/16667\/revisions\/31190"}],"wp:featuredmedia":[{"embeddable":true,"href":"https:\/\/visionciudadana.com.mx\/oficial\/wp-json\/wp\/v2\/media\/236"}],"wp:attachment":[{"href":"https:\/\/visionciudadana.com.mx\/oficial\/wp-json\/wp\/v2\/media?parent=16667"}],"wp:term":[{"taxonomy":"category","embeddable":true,"href":"https:\/\/visionciudadana.com.mx\/oficial\/wp-json\/wp\/v2\/categories?post=16667"},{"taxonomy":"post_tag","embeddable":true,"href":"https:\/\/visionciudadana.com.mx\/oficial\/wp-json\/wp\/v2\/tags?post=16667"},{"taxonomy":"author","embeddable":true,"href":"https:\/\/visionciudadana.com.mx\/oficial\/wp-json\/wp\/v2\/ppma_author?post=16667"}],"curies":[{"name":"wp","href":"https:\/\/api.w.org\/{rel}","templated":true}]}}