{"id":16666,"date":"2021-04-10T00:10:20","date_gmt":"2021-04-10T00:10:20","guid":{"rendered":"https:\/\/visionciudadana.com.mx\/chio\/2021\/04\/10\/convertir-a-navolato-en-el-mejor-municipio-sustentable-del-noroeste-de-mexico-proyecto-de-cesar-quevedo-inzunza\/"},"modified":"2025-06-25T00:16:34","modified_gmt":"2025-06-25T00:16:34","slug":"convertir-a-navolato-en-el-mejor-municipio-sustentable-del-noroeste-de-mexico-proyecto-de-cesar-quevedo-inzunza","status":"publish","type":"post","link":"https:\/\/visionciudadana.com.mx\/oficial\/2021\/04\/10\/convertir-a-navolato-en-el-mejor-municipio-sustentable-del-noroeste-de-mexico-proyecto-de-cesar-quevedo-inzunza\/","title":{"rendered":"Convertir a Navolato en el mejor municipio sustentable del Noroeste de M\u00e9xico, proyecto de C\u00e9sar Quevedo Inzunza"},"content":{"rendered":"<p>&nbsp;<\/p>\n<p style=\"text-align: justify;\"><img fetchpriority=\"high\" decoding=\"async\" src=\"images\/abril21\/quevedo.jpg\" alt=\"quevedo\" width=\"780\" height=\"420\" style=\"display: block; margin: 20px auto;\" \/><br \/><span style=\"font-size: 14pt; font-family: arial, helvetica, sans-serif;\">Oriundo de la comunidad de Las Trancas, el Ing. Petroqu\u00edmico conf\u00eda en su amplia experiencia en la administraci\u00f3n p\u00fablica para llevar a cabo los proyectos que permitan que Navolato progrese y desarrolle todo el potencial que tiene. \u201cQue nos pongan a todos los candidatos en la b\u00e1scula\u201d, ha repetido en diversas ocasiones.<\/span><\/p>\n<div style=\"text-align: justify;\">\n<p><span style=\"font-size: 14pt; font-family: arial, helvetica, sans-serif;\">Las principales propuestas del aspirante blanquiazul son en materia de desarrollo tur\u00edstico y econ\u00f3mico; servicios p\u00fablicos; educaci\u00f3n; y conexiones log\u00edsticas.<\/span><\/div>\n<div style=\"text-align: justify;\">\n<p><span style=\"font-size: 14pt; font-family: arial, helvetica, sans-serif;\">En materia de econom\u00eda, Quevedo Inzunza tiene como propuestas: fortalecer y promover el ecoturismo para convertir a Altata en un destino no solo regional sino nacional e internacional y detonar los otros atractivos del municipio; gestionar m\u00e1s y mejores apoyos para los agricultores, ganadores, pescadores y comerciantes, y promover la atracci\u00f3n de nuevas actividades en materia de bioeconom\u00eda y agroindustria para lograr m\u00e1s y mejores empleos.<\/span><\/div>\n<div style=\"text-align: justify;\">\n<p><span style=\"font-size: 14pt; font-family: arial, helvetica, sans-serif;\">Garantizar el drenaje y suministro de agua a las comunidades rurales y que \u00e9sta sea de buena calidad; recolecci\u00f3n ordenada y puntual de basura; ampliar y mejorar el alumbrado p\u00fablico; y ordenar el ambulantaje, son algunas de sus proyectos en cuanto a servicios p\u00fablicos.<\/span><\/div>\n<div style=\"text-align: justify;\">\n<p><span style=\"font-size: 14pt; font-family: arial, helvetica, sans-serif;\">En cuanto a obras p\u00fablicas, se encuentran el mejorar la infraestructura carretera de acceso a las diferentes sindicaturas del municipio; realizar el dragado del r\u00edo Culiac\u00e1n; gestionar la construcci\u00f3n de una carretera panor\u00e1mica de Eldorado a Yameto, as\u00ed como la Construcci\u00f3n del Malec\u00f3n de Navolato.<\/span><\/div>\n<div style=\"text-align: justify;\">\n<p><span style=\"font-size: 14pt; font-family: arial, helvetica, sans-serif;\">As\u00ed mismo, ampliar la oferta educativa de nivel superior en el municipio, apoyar a las escuelas para que cuenten con infraestructura digna y funcional, promover la cultura, e impulsar el deporte, son algunos de sus ejes en cuanto a educaci\u00f3n.<\/span><\/div>\n<div style=\"text-align: justify;\">\n<p><span style=\"font-size: 14pt; font-family: arial, helvetica, sans-serif;\">C\u00e9sar Quevedo Inzunza ha sido Director y Coordinador Estatal de los Centros de Capacitaci\u00f3n para el Trabajo Industrial (CECATI) de Culiac\u00e1n y del estado de Sinaloa respectivamente, donde gestion\u00f3 la creaci\u00f3n del Instituto de Capacitaci\u00f3n para el Trabajo en Sinaloa (ICATSIN).<\/span><\/div>\n<div style=\"text-align: justify;\">&nbsp;<\/div>\n<div style=\"text-align: justify;\"><span style=\"font-size: 14pt; font-family: arial, helvetica, sans-serif;\">Por m\u00e1s de siete a\u00f1os fungi\u00f3 como Delegado Federal de la Secretar\u00eda de Educaci\u00f3n P\u00fablica (SEP) en el estado de Guerrero por concurso de oposici\u00f3n, impulsando la creaci\u00f3n de diversas Instituciones educativas como la Universidad Intercultural, la Universidad Polit\u00e9cnica, la Universidad Tecnol\u00f3gica de Acapulco, el Instituto de Capacitaci\u00f3n para el Trabajo de Guerrero y el Centro de Educaci\u00f3n Continua del IPN en Guerrero, entre otras.<\/span><\/div>\n<div style=\"text-align: justify;\"><span style=\"font-size: 14pt; font-family: arial, helvetica, sans-serif;\"><\/span><br \/><span style=\"font-size: 14pt; font-family: arial, helvetica, sans-serif;\">Fue Director de Egresados y Servicio Social del IPN; Diputado en la LX Legislatura del Congreso del estado de Guerrero y Coordinador Sectorial de Vinculaci\u00f3n de la Subsecretar\u00eda de Educaci\u00f3n Media Superior (SEMS) en la SEP.<\/span><\/div>\n<div style=\"text-align: justify;\">\n<p><span style=\"font-size: 14pt; font-family: arial, helvetica, sans-serif;\">Su m\u00e1s reciente actividad p\u00fablica fue como Subsecretario de Educaci\u00f3n B\u00e1sica en la Secretar\u00eda Educaci\u00f3n P\u00fablica y Cultura del estado de Sinaloa.<\/span><\/div>\n<div style=\"text-align: justify;\"><span style=\"font-size: 14pt; font-family: arial, helvetica, sans-serif;\"><\/span><\/div>\n<div style=\"text-align: justify;\">&nbsp;<\/div>\n<div style=\"text-align: justify;\"><span style=\"font-size: 14pt; font-family: arial, helvetica, sans-serif;\">REDACCI\u00d3N\/VISI\u00d3N CIUDADANA.<\/span><\/div>\n","protected":false},"excerpt":{"rendered":"<p>&nbsp; Oriundo de la comunidad de Las Trancas, el Ing. Petroqu\u00edmico conf\u00eda en su amplia experiencia en la administraci\u00f3n p\u00fablica para llevar a cabo los proyectos que permitan que Navolato progrese y desarrolle todo el potencial que tiene. \u201cQue nos pongan a todos los candidatos en la b\u00e1scula\u201d, ha repetido en diversas ocasiones. Las principales [&hellip;]<\/p>\n","protected":false},"author":1,"featured_media":234,"comment_status":"closed","ping_status":"closed","sticky":false,"template":"","format":"standard","meta":{"footnotes":""},"categories":[24],"tags":[],"ppma_author":[31],"class_list":["post-16666","post","type-post","status-publish","format-standard","has-post-thumbnail","hentry","category-relevantes"],"aioseo_notices":[],"authors":[{"term_id":31,"user_id":1,"is_guest":0,"slug":"ivan3vino","display_name":"Iv\u00e1n Trevi\u00f1o","avatar_url":{"url":"https:\/\/visionciudadana.com.mx\/oficial\/wp-content\/uploads\/2025\/09\/columna-ivan-Trevino.png","url2x":"https:\/\/visionciudadana.com.mx\/oficial\/wp-content\/uploads\/2025\/09\/columna-ivan-Trevino.png"},"0":null,"1":"","2":"","3":"","4":"","5":"","6":"","7":"","8":""}],"_links":{"self":[{"href":"https:\/\/visionciudadana.com.mx\/oficial\/wp-json\/wp\/v2\/posts\/16666","targetHints":{"allow":["GET"]}}],"collection":[{"href":"https:\/\/visionciudadana.com.mx\/oficial\/wp-json\/wp\/v2\/posts"}],"about":[{"href":"https:\/\/visionciudadana.com.mx\/oficial\/wp-json\/wp\/v2\/types\/post"}],"author":[{"embeddable":true,"href":"https:\/\/visionciudadana.com.mx\/oficial\/wp-json\/wp\/v2\/users\/1"}],"replies":[{"embeddable":true,"href":"https:\/\/visionciudadana.com.mx\/oficial\/wp-json\/wp\/v2\/comments?post=16666"}],"version-history":[{"count":1,"href":"https:\/\/visionciudadana.com.mx\/oficial\/wp-json\/wp\/v2\/posts\/16666\/revisions"}],"predecessor-version":[{"id":31191,"href":"https:\/\/visionciudadana.com.mx\/oficial\/wp-json\/wp\/v2\/posts\/16666\/revisions\/31191"}],"wp:featuredmedia":[{"embeddable":true,"href":"https:\/\/visionciudadana.com.mx\/oficial\/wp-json\/wp\/v2\/posts\/234"}],"wp:attachment":[{"href":"https:\/\/visionciudadana.com.mx\/oficial\/wp-json\/wp\/v2\/media?parent=16666"}],"wp:term":[{"taxonomy":"category","embeddable":true,"href":"https:\/\/visionciudadana.com.mx\/oficial\/wp-json\/wp\/v2\/categories?post=16666"},{"taxonomy":"post_tag","embeddable":true,"href":"https:\/\/visionciudadana.com.mx\/oficial\/wp-json\/wp\/v2\/tags?post=16666"},{"taxonomy":"author","embeddable":true,"href":"https:\/\/visionciudadana.com.mx\/oficial\/wp-json\/wp\/v2\/ppma_author?post=16666"}],"curies":[{"name":"wp","href":"https:\/\/api.w.org\/{rel}","templated":true}]}}