{"id":16664,"date":"2021-04-09T23:47:36","date_gmt":"2021-04-09T23:47:36","guid":{"rendered":"https:\/\/visionciudadana.com.mx\/chio\/2021\/04\/09\/la-voz-de-todos-estara-plasmada-en-mi-plan-municipal-gerardo-vargas\/"},"modified":"2025-06-25T00:16:34","modified_gmt":"2025-06-25T00:16:34","slug":"la-voz-de-todos-estara-plasmada-en-mi-plan-municipal-gerardo-vargas","status":"publish","type":"post","link":"https:\/\/visionciudadana.com.mx\/oficial\/2021\/04\/09\/la-voz-de-todos-estara-plasmada-en-mi-plan-municipal-gerardo-vargas\/","title":{"rendered":"La Voz de todos estar\u00e1 plasmada en mi plan municipal: Gerardo Vargas"},"content":{"rendered":"<p>&nbsp;<\/p>\n<p><img fetchpriority=\"high\" decoding=\"async\" src=\"images\/abril21\/gera_vargas.jpg\" alt=\"gera vargas\" width=\"1280\" height=\"853\" style=\"display: block; margin: 20px auto;\" \/><\/p>\n<p style=\"text-align: justify;\"><span style=\"font-size: 14pt; font-family: arial, helvetica, sans-serif;\">Por una administraci\u00f3n municipal incluyente, donde los empresarios, industriales, comerciantes, ind\u00edgenas, morenistas, pescadores, armadores, prestadores de servicio, sectores m\u00e1s vulnerables y tur\u00edsticos, personas con capacidades diferentes, deportistas y sociedad en general se vean representados, se pronunci\u00f3 Gerardo Vargas Landeros, candidato a la presidencia municipal de Ahome, por Morena y PAS.<\/span><\/p>\n<p style=\"text-align: justify;\">&nbsp;<\/p>\n<p style=\"text-align: justify;\"><span style=\"font-size: 14pt; font-family: arial, helvetica, sans-serif;\">\u201cLa voz de ellos la van a ver plasmada en el plan integral de mi administraci\u00f3n municipal\u201d, destac\u00f3.<\/span><\/p>\n<p style=\"text-align: justify;\">&nbsp;<\/p>\n<p style=\"text-align: justify;\"><span style=\"font-size: 14pt; font-family: arial, helvetica, sans-serif;\">En estos 6 d\u00edas de campa\u00f1a, Vargas Landeros se ha dedicado a escuchar de viva voz de la ciudadan\u00eda sus problemas y conjuntamente con la gente encontrar las mejores propuestas de soluci\u00f3n a esa problem\u00e1tica que est\u00e1n enfrentando, por eso ha recorrido los diversos tianguis, mercadores y la zona 030, as\u00ed como, tambi\u00e9n, ha visitado varias colonias populares y se ha sostenido reuniones con morenistas, exmilitantes del PT, integrantes de las Izquierdas Unidas, ind\u00edgenas, entre otros.<\/span><\/p>\n<p style=\"text-align: justify;\">&nbsp;<\/p>\n<p style=\"text-align: justify;\"><span style=\"font-size: 14pt; font-family: arial, helvetica, sans-serif;\">En este sentido, el aspirante por la candidatura com\u00fan Morena-PAS, realiz\u00f3 una gira por la sindicatura de Topolobampo, en donde charl\u00f3 con los locatarios, pescadores, Prestadores de Servicios Tur\u00edsticos de la bah\u00eda, sectores productivos y de servicios pesqueros, correspondientes a grupos; Restauranteros de \u201cEl Maviri\u201d, Cooperativa \u201cEustaquio Ur\u00edas\u201d, \u201cRevoluci\u00f3n Social, \u201cSan Carlos\u201d, \u201cClub de Pesca Deportiva\u201d, \u201cClub Faro\u201d, y Prestadores tur\u00edsticos \u201cCerro Partido\u201dcooperativas y grupos de comercio del puerto, quienes le refrendaron su apoyo por la alcald\u00eda de Ahome.<\/span><\/p>\n<p style=\"text-align: justify;\">&nbsp;<\/p>\n<p style=\"text-align: justify;\"><span style=\"font-size: 14pt; font-family: arial, helvetica, sans-serif;\">En su recorrido a pie por el puerto de Topolobampo, Gerardo Vargas Landeros, en el Malec\u00f3n salud\u00f3 a los Prestadores de Servicios Tur\u00edsticos de la bah\u00eda, lugar en donde reafirm\u00f3 el compromiso acordado en fechas anteriores de arreglar la techumbre dado a que pasan muchas horas del d\u00eda expuestos al sol y ante ello, el aspirante a la presidencia municipal de Ahome, Morena-PAS, se comprometi\u00f3 a apoyarlos con su petici\u00f3n y tambi\u00e9n a incentivar m\u00e1s los servicios tur\u00edsticos que se ofrecen en el Puerto.<\/span><\/p>\n<p style=\"text-align: justify;\">&nbsp;<\/p>\n<p style=\"text-align: justify;\"><span style=\"font-size: 14pt; font-family: arial, helvetica, sans-serif;\">Asimismo, ante los pescadores y armadores, expres\u00f3 que el tema de los apoyos para los pescadores es muy importante, los cuales siguen llegando, \u201cno llegan como llegaban antes, ahora est\u00e1n llegando de manera directa, esa es la diferencia, eso es lo que ha estado buscando el presidente Andr\u00e9s Manuel L\u00f3pez Obrador, y es lo que va hacer el doctor Rub\u00e9n Rocha, candidato a la gubernatura por Morena-PAS, y yo como presidente municipal de Ahome\u201d.<\/span><\/p>\n<p style=\"text-align: justify;\">&nbsp;<\/p>\n<p style=\"text-align: justify;\"><span style=\"font-size: 14pt; font-family: arial, helvetica, sans-serif;\">Al igual que en su reuni\u00f3n con cooperativas y grupos de comercio del puerto, Gerardo Vargas Landeros, escuch\u00f3 de cerca al sector productivo de \u201cLos Astilleros\u201d, donde los armadores le platicaron sobre la actividad que preparan para la temporada pesca de alta mar, al igual que el grupo de mec\u00e1nicos de los barcos, le dieron su voto de confianza al candidato a la alcald\u00eda de Ahome, por Morena-PAS, quien les precis\u00f3 que toda vez que llegue r a la Presidencia municipal, gobernar\u00e1 para que se tenga un \u201cAhome m\u00e1s parejo\u201d para todos y mejoren las condiciones de Topolobampo.<\/span><\/p>\n<p style=\"text-align: justify;\">&nbsp;<\/p>\n<p style=\"text-align: justify;\"><span style=\"font-size: 14pt; font-family: arial, helvetica, sans-serif;\">El aspirante a la alcald\u00eda de Ahome de Morena-PAS estuvo acompa\u00f1ado del candidato a la Diputaci\u00f3n Local por el 03 Distrito, Cesar Guerrero y el candidato a Regidor, Antonio Men\u00e9ndez.<\/span><\/p>\n<p style=\"text-align: justify;\">&nbsp;<\/p>\n<p style=\"text-align: justify;\"><span style=\"font-size: 14pt; font-family: arial, helvetica, sans-serif;\">REDACCI\u00d3N\/VISI\u00d3N CIUDADANA.<\/span><\/p>\n","protected":false},"excerpt":{"rendered":"<p>&nbsp; Por una administraci\u00f3n municipal incluyente, donde los empresarios, industriales, comerciantes, ind\u00edgenas, morenistas, pescadores, armadores, prestadores de servicio, sectores m\u00e1s vulnerables y tur\u00edsticos, personas con capacidades diferentes, deportistas y sociedad en general se vean representados, se pronunci\u00f3 Gerardo Vargas Landeros, candidato a la presidencia municipal de Ahome, por Morena y PAS. &nbsp; \u201cLa voz de [&hellip;]<\/p>\n","protected":false},"author":1,"featured_media":230,"comment_status":"closed","ping_status":"closed","sticky":false,"template":"","format":"standard","meta":{"footnotes":""},"categories":[24],"tags":[],"ppma_author":[31],"class_list":["post-16664","post","type-post","status-publish","format-standard","has-post-thumbnail","hentry","category-relevantes"],"aioseo_notices":[],"authors":[{"term_id":31,"user_id":1,"is_guest":0,"slug":"ivan3vino","display_name":"Iv\u00e1n Trevi\u00f1o","avatar_url":{"url":"https:\/\/visionciudadana.com.mx\/oficial\/wp-content\/uploads\/2025\/09\/columna-ivan-Trevino.png","url2x":"https:\/\/visionciudadana.com.mx\/oficial\/wp-content\/uploads\/2025\/09\/columna-ivan-Trevino.png"},"0":null,"1":"","2":"","3":"","4":"","5":"","6":"","7":"","8":""}],"_links":{"self":[{"href":"https:\/\/visionciudadana.com.mx\/oficial\/wp-json\/wp\/v2\/posts\/16664","targetHints":{"allow":["GET"]}}],"collection":[{"href":"https:\/\/visionciudadana.com.mx\/oficial\/wp-json\/wp\/v2\/posts"}],"about":[{"href":"https:\/\/visionciudadana.com.mx\/oficial\/wp-json\/wp\/v2\/types\/post"}],"author":[{"embeddable":true,"href":"https:\/\/visionciudadana.com.mx\/oficial\/wp-json\/wp\/v2\/users\/1"}],"replies":[{"embeddable":true,"href":"https:\/\/visionciudadana.com.mx\/oficial\/wp-json\/wp\/v2\/comments?post=16664"}],"version-history":[{"count":1,"href":"https:\/\/visionciudadana.com.mx\/oficial\/wp-json\/wp\/v2\/posts\/16664\/revisions"}],"predecessor-version":[{"id":31193,"href":"https:\/\/visionciudadana.com.mx\/oficial\/wp-json\/wp\/v2\/posts\/16664\/revisions\/31193"}],"wp:featuredmedia":[{"embeddable":true,"href":"https:\/\/visionciudadana.com.mx\/oficial\/wp-json\/wp\/v2\/posts\/230"}],"wp:attachment":[{"href":"https:\/\/visionciudadana.com.mx\/oficial\/wp-json\/wp\/v2\/media?parent=16664"}],"wp:term":[{"taxonomy":"category","embeddable":true,"href":"https:\/\/visionciudadana.com.mx\/oficial\/wp-json\/wp\/v2\/categories?post=16664"},{"taxonomy":"post_tag","embeddable":true,"href":"https:\/\/visionciudadana.com.mx\/oficial\/wp-json\/wp\/v2\/tags?post=16664"},{"taxonomy":"author","embeddable":true,"href":"https:\/\/visionciudadana.com.mx\/oficial\/wp-json\/wp\/v2\/ppma_author?post=16664"}],"curies":[{"name":"wp","href":"https:\/\/api.w.org\/{rel}","templated":true}]}}