{"id":16662,"date":"2021-04-09T20:04:05","date_gmt":"2021-04-09T20:04:05","guid":{"rendered":"https:\/\/visionciudadana.com.mx\/chio\/2021\/04\/09\/no-dejare-que-se-atente-contra-las-organizaciones-civiles-y-las-iap-sergio-esquer\/"},"modified":"2025-06-25T00:16:35","modified_gmt":"2025-06-25T00:16:35","slug":"no-dejare-que-se-atente-contra-las-organizaciones-civiles-y-las-iap-sergio-esquer","status":"publish","type":"post","link":"https:\/\/visionciudadana.com.mx\/oficial\/2021\/04\/09\/no-dejare-que-se-atente-contra-las-organizaciones-civiles-y-las-iap-sergio-esquer\/","title":{"rendered":"No dejar\u00e9 que se atente contra las organizaciones civiles y las IAP: Sergio Esquer."},"content":{"rendered":"<p><img fetchpriority=\"high\" decoding=\"async\" src=\"images\/columnistas\/pio-esquer.jpg\" alt=\"pio esquer\" width=\"720\" height=\"480\" style=\"display: block; margin: 20px auto;\" \/><\/p>\n<p style=\"text-align: justify;\"><span style=\"font-size: 14pt; font-family: arial, helvetica, sans-serif;\">El candidato visita el Banco de Ropa y se compromete a impulsar el crecimiento de estas organizaciones que motivan la participaci\u00f3n ciudadana.<\/span><\/p>\n<p>&nbsp;<\/p>\n<p style=\"text-align: justify;\"><span style=\"font-size: 14pt; font-family: arial, helvetica, sans-serif;\">El candidato a la Diputaci\u00f3n Federal por el Distrito 5, Sergio Esquer, asegur\u00f3, estar listo para trabajar y defender la permanencia y crecimiento de las organizaciones civiles y las IAP por la gran labor que realizan al apoyar el bolsillo de los ciudadanos y su bienestar.<\/span><\/p>\n<p>&nbsp;<\/p>\n<p style=\"text-align: justify;\"><span style=\"font-size: 14pt; font-family: arial, helvetica, sans-serif;\">Al visitar uno de los bazares del Banco de Ropa y Enseres I.A.P en Aguaruto, el candidato se\u00f1al\u00f3 que, no dejar\u00e1 que Morena y sus representantes sigan atentando contra la reputaci\u00f3n, prestigio y relevancia de este tipo de organizaciones.<\/span><\/p>\n<p>&nbsp;<\/p>\n<p style=\"text-align: justify;\"><span style=\"font-size: 14pt; font-family: arial, helvetica, sans-serif;\">\u201cPareciera que los diputados de Morena quieren que tambi\u00e9n este tipo de organizaciones desaparezcan.<\/span><\/p>\n<p>&nbsp;<\/p>\n<p style=\"text-align: justify;\"><span style=\"font-size: 14pt; font-family: arial, helvetica, sans-serif;\">Cada vez les complican m\u00e1s la operaci\u00f3n y est\u00e1n encima de ellas, buscando la m\u00e1s m\u00ednima falla para ahuyentar a sus donadores y desanimando a que m\u00e1s personas apoyen estas causas\u201d, dijo.<\/span><\/p>\n<p>&nbsp;<\/p>\n<p style=\"text-align: justify;\"><span style=\"font-size: 14pt; font-family: arial, helvetica, sans-serif;\">Manifest\u00f3 que, est\u00e1 demostrado que, con la participaci\u00f3n ciudadana y la cooperaci\u00f3n de todas y todos, se puede enfrentar las problem\u00e1ticas que se tienen como sociedad. Agreg\u00f3 que, el Banco de Ropa y Enseres I.A.P es un claro ejemplo y prueba de lo que se puede lograr a trav\u00e9s de la organizaci\u00f3n civil.<\/span><\/p>\n<p>&nbsp;<\/p>\n<p>&nbsp;<\/p>\n<p style=\"text-align: justify;\"><span style=\"font-size: 14pt; font-family: arial, helvetica, sans-serif;\">\u201cNecesitamos no solo fortalecer las I.A.P, tenemos que defenderlas para que no desaparezcan\u201d, reiter\u00f3<\/span><\/p>\n<p><strong>&nbsp;<\/strong><\/p>\n<p><strong>&nbsp;<\/strong><\/p>\n<p><strong>&nbsp;<\/strong><\/p>\n<p><strong>&nbsp;<\/strong><\/p>\n<p><strong>&nbsp;<\/strong><\/p>\n<p><strong>&nbsp;<\/strong><\/p>\n<p>REDACCION\/VISIONCIUDADANA<\/p>\n<p><strong>&nbsp;<\/strong><\/p>\n","protected":false},"excerpt":{"rendered":"<p>El candidato visita el Banco de Ropa y se compromete a impulsar el crecimiento de estas organizaciones que motivan la participaci\u00f3n ciudadana. &nbsp; El candidato a la Diputaci\u00f3n Federal por el Distrito 5, Sergio Esquer, asegur\u00f3, estar listo para trabajar y defender la permanencia y crecimiento de las organizaciones civiles y las IAP por la [&hellip;]<\/p>\n","protected":false},"author":1,"featured_media":226,"comment_status":"closed","ping_status":"closed","sticky":false,"template":"","format":"standard","meta":{"footnotes":""},"categories":[13],"tags":[],"ppma_author":[31],"class_list":["post-16662","post","type-post","status-publish","format-standard","has-post-thumbnail","hentry","category-locales"],"aioseo_notices":[],"authors":[{"term_id":31,"user_id":1,"is_guest":0,"slug":"ivan3vino","display_name":"Iv\u00e1n Trevi\u00f1o","avatar_url":{"url":"https:\/\/visionciudadana.com.mx\/oficial\/wp-content\/uploads\/2025\/09\/columna-ivan-Trevino.png","url2x":"https:\/\/visionciudadana.com.mx\/oficial\/wp-content\/uploads\/2025\/09\/columna-ivan-Trevino.png"},"0":null,"1":"","2":"","3":"","4":"","5":"","6":"","7":"","8":""}],"_links":{"self":[{"href":"https:\/\/visionciudadana.com.mx\/oficial\/wp-json\/wp\/v2\/posts\/16662","targetHints":{"allow":["GET"]}}],"collection":[{"href":"https:\/\/visionciudadana.com.mx\/oficial\/wp-json\/wp\/v2\/posts"}],"about":[{"href":"https:\/\/visionciudadana.com.mx\/oficial\/wp-json\/wp\/v2\/types\/post"}],"author":[{"embeddable":true,"href":"https:\/\/visionciudadana.com.mx\/oficial\/wp-json\/wp\/v2\/users\/1"}],"replies":[{"embeddable":true,"href":"https:\/\/visionciudadana.com.mx\/oficial\/wp-json\/wp\/v2\/comments?post=16662"}],"version-history":[{"count":1,"href":"https:\/\/visionciudadana.com.mx\/oficial\/wp-json\/wp\/v2\/posts\/16662\/revisions"}],"predecessor-version":[{"id":31195,"href":"https:\/\/visionciudadana.com.mx\/oficial\/wp-json\/wp\/v2\/posts\/16662\/revisions\/31195"}],"wp:featuredmedia":[{"embeddable":true,"href":"https:\/\/visionciudadana.com.mx\/oficial\/wp-json\/wp\/v2\/posts\/226"}],"wp:attachment":[{"href":"https:\/\/visionciudadana.com.mx\/oficial\/wp-json\/wp\/v2\/media?parent=16662"}],"wp:term":[{"taxonomy":"category","embeddable":true,"href":"https:\/\/visionciudadana.com.mx\/oficial\/wp-json\/wp\/v2\/categories?post=16662"},{"taxonomy":"post_tag","embeddable":true,"href":"https:\/\/visionciudadana.com.mx\/oficial\/wp-json\/wp\/v2\/tags?post=16662"},{"taxonomy":"author","embeddable":true,"href":"https:\/\/visionciudadana.com.mx\/oficial\/wp-json\/wp\/v2\/ppma_author?post=16662"}],"curies":[{"name":"wp","href":"https:\/\/api.w.org\/{rel}","templated":true}]}}